{"id":286684,"date":"2026-09-05T22:55:34","date_gmt":"2026-09-05T22:55:34","guid":{"rendered":"https:\/\/www.europesays.com\/lv\/286684\/"},"modified":"2026-09-05T22:55:34","modified_gmt":"2026-09-05T22:55:34","slug":"dzintaru-koncertzale-pulcesies-kori-no-septinam-valstim-jurmala-notiks-prestizais-baltijas-juras-koru-konkurss-2","status":"publish","type":"post","link":"https:\/\/www.europesays.com\/lv\/286684\/","title":{"rendered":"Dzintaru koncertz\u0101l\u0113 pulc\u0113sies kori no septi\u0146\u0101m valst\u012bm: J\u016brmal\u0101 notiks presti\u017eais Baltijas j\u016bras koru konkurss"},"content":{"rendered":"<p>Par 9. Starptautisk\u0101 Baltijas j\u016bras koru konkursa Grand Prix ieguv\u0113ja titulu un iesp\u0113ju iek\u013c\u016bt EGP fin\u0101l\u0101 sacent\u012bsies R\u012bgas Doma kora skolas gospe\u013ckoris (Latvija, diri\u0123ente Una Stade), jaunie\u0161u koris KIVI (Lietuva, diri\u0123ente Danguol\u0117 Aukselien\u0117), v\u012bru koris HOMME (Igaunija, diri\u0123ents Kuldar Sch\u00fcts), E STuudio kamerkoris (Igaunija, diri\u0123ente K\u00fclli Lokko), sievie\u0161u koris KYN (Somija, diri\u0123ente Kaija Viitasalo), sievie\u0161u koris EMBLA (Norv\u0113\u0123ija, diri\u0123ente Marit T\u00f8ndel Bodsberg), b\u0113rnu koris LASTIVKA (Ukraina, diri\u0123ente Oksana Ursatii) un Manilas kamerkoris (Filip\u012bnas, diri\u0123ents Anthony G. Villanueva).<\/p>\n","protected":false},"excerpt":{"rendered":"Par 9. Starptautisk\u0101 Baltijas j\u016bras koru konkursa Grand Prix ieguv\u0113ja titulu un iesp\u0113ju iek\u013c\u016bt EGP fin\u0101l\u0101 sacent\u012bsies R\u012bgas&hellip;\n","protected":false},"author":2,"featured_media":286685,"comment_status":"","ping_status":"","sticky":false,"template":"","format":"standard","meta":{"footnotes":"","_share_on_mastodon":"0"},"categories":[19],"tags":[89,90,35,39,38,36,37,34,40],"class_list":["post-286684","post","type-post","status-publish","format-standard","has-post-thumbnail","category-izklaide","tag-entertainment","tag-izklaide","tag-latvia","tag-latvian","tag-latviesu","tag-latviesu-valoda","tag-latviesuvaloda","tag-latvija","tag-lv"],"share_on_mastodon":{"url":"https:\/\/pubeurope.com\/@lv\/117220902466937490","error":""},"_links":{"self":[{"href":"https:\/\/www.europesays.com\/lv\/wp-json\/wp\/v2\/posts\/286684","targetHints":{"allow":["GET"]}}],"collection":[{"href":"https:\/\/www.europesays.com\/lv\/wp-json\/wp\/v2\/posts"}],"about":[{"href":"https:\/\/www.europesays.com\/lv\/wp-json\/wp\/v2\/types\/post"}],"author":[{"embeddable":true,"href":"https:\/\/www.europesays.com\/lv\/wp-json\/wp\/v2\/users\/2"}],"replies":[{"embeddable":true,"href":"https:\/\/www.europesays.com\/lv\/wp-json\/wp\/v2\/comments?post=286684"}],"version-history":[{"count":0,"href":"https:\/\/www.europesays.com\/lv\/wp-json\/wp\/v2\/posts\/286684\/revisions"}],"wp:featuredmedia":[{"embeddable":true,"href":"https:\/\/www.europesays.com\/lv\/wp-json\/wp\/v2\/media\/286685"}],"wp:attachment":[{"href":"https:\/\/www.europesays.com\/lv\/wp-json\/wp\/v2\/media?parent=286684"}],"wp:term":[{"taxonomy":"category","embeddable":true,"href":"https:\/\/www.europesays.com\/lv\/wp-json\/wp\/v2\/categories?post=286684"},{"taxonomy":"post_tag","embeddable":true,"href":"https:\/\/www.europesays.com\/lv\/wp-json\/wp\/v2\/tags?post=286684"}],"curies":[{"name":"wp","href":"https:\/\/api.w.org\/{rel}","templated":true}]}}