{"id":286700,"date":"2026-09-05T23:31:26","date_gmt":"2026-09-05T23:31:26","guid":{"rendered":"https:\/\/www.europesays.com\/lv\/286700\/"},"modified":"2026-09-05T23:31:26","modified_gmt":"2026-09-05T23:31:26","slug":"man-tas-nepatika-tramps-komente-harija-un-meganas-ricibu-pret-karalisko-gimeni-2","status":"publish","type":"post","link":"https:\/\/www.europesays.com\/lv\/286700\/","title":{"rendered":"\u201cMan tas nepatika,\u201d Tramps koment\u0113 Harija un Meganas r\u012bc\u012bbu pret karalisko \u0123imeni"},"content":{"rendered":"<p>                                        <img decoding=\"async\" src=\"https:\/\/news.inbox.eu\/w\/img\/1c\/ac\/1cac5923751f8ced10-800x0.jpg\" onerror=\"this.src=\" https:=\"\" onload=\"if(this.width &lt;= 1){this.src=\"\/><\/p>\n<p>Donalds Tramps izteicies par Saseksas hercoga un hercogienes p\u0101rcel\u0161anos atpaka\u013c uz Lielbrit\u0101niju, pazi\u0146ojot: \u201cEs par to priec\u0101jos.\u201d<br \/>\n\u201cEs nebiju vi\u0146u fans,\u201d ASV prezidents tre\u0161dien sac\u012bja \u017eurn\u0101listiem jaut\u0101jumu un atbil\u017eu sesij\u0101 p\u0113c preses konferences ar t\u016brisma nozares vad\u012bt\u0101jiem.<br \/>\n\u201cMan bija \u013coti labas attiec\u012bbas ar karalieni, patie\u0161\u0101m labas. Es vi\u0146u \u013coti labi pazinu. Man bija \u013coti labas attiec\u012bbas ar karali \u010c\u0101rlzu \u2013 es vi\u0146u pazinu gan k\u0101 princi \u010c\u0101rlzu, gan k\u0101 karali \u010c\u0101rlzu.<\/p>\n","protected":false},"excerpt":{"rendered":"Donalds Tramps izteicies par Saseksas hercoga un hercogienes p\u0101rcel\u0161anos atpaka\u013c uz Lielbrit\u0101niju, pazi\u0146ojot: \u201cEs par to priec\u0101jos.\u201d \u201cEs&hellip;\n","protected":false},"author":2,"featured_media":286701,"comment_status":"","ping_status":"","sticky":false,"template":"","format":"standard","meta":{"footnotes":"","_share_on_mastodon":"0"},"categories":[19],"tags":[89,90,35,39,38,36,37,34,40],"class_list":["post-286700","post","type-post","status-publish","format-standard","has-post-thumbnail","category-izklaide","tag-entertainment","tag-izklaide","tag-latvia","tag-latvian","tag-latviesu","tag-latviesu-valoda","tag-latviesuvaloda","tag-latvija","tag-lv"],"share_on_mastodon":{"url":"https:\/\/pubeurope.com\/@lv\/117221044420261508","error":""},"_links":{"self":[{"href":"https:\/\/www.europesays.com\/lv\/wp-json\/wp\/v2\/posts\/286700","targetHints":{"allow":["GET"]}}],"collection":[{"href":"https:\/\/www.europesays.com\/lv\/wp-json\/wp\/v2\/posts"}],"about":[{"href":"https:\/\/www.europesays.com\/lv\/wp-json\/wp\/v2\/types\/post"}],"author":[{"embeddable":true,"href":"https:\/\/www.europesays.com\/lv\/wp-json\/wp\/v2\/users\/2"}],"replies":[{"embeddable":true,"href":"https:\/\/www.europesays.com\/lv\/wp-json\/wp\/v2\/comments?post=286700"}],"version-history":[{"count":0,"href":"https:\/\/www.europesays.com\/lv\/wp-json\/wp\/v2\/posts\/286700\/revisions"}],"wp:featuredmedia":[{"embeddable":true,"href":"https:\/\/www.europesays.com\/lv\/wp-json\/wp\/v2\/media\/286701"}],"wp:attachment":[{"href":"https:\/\/www.europesays.com\/lv\/wp-json\/wp\/v2\/media?parent=286700"}],"wp:term":[{"taxonomy":"category","embeddable":true,"href":"https:\/\/www.europesays.com\/lv\/wp-json\/wp\/v2\/categories?post=286700"},{"taxonomy":"post_tag","embeddable":true,"href":"https:\/\/www.europesays.com\/lv\/wp-json\/wp\/v2\/tags?post=286700"}],"curies":[{"name":"wp","href":"https:\/\/api.w.org\/{rel}","templated":true}]}}