{"id":286744,"date":"2026-09-06T02:09:13","date_gmt":"2026-09-06T02:09:13","guid":{"rendered":"https:\/\/www.europesays.com\/lv\/286744\/"},"modified":"2026-09-06T02:09:13","modified_gmt":"2026-09-06T02:09:13","slug":"italijas-volejbolistem-iespeja-tikt-pie-tresas-lielas-trofejas-volejbols-sportacentrs-com","status":"publish","type":"post","link":"https:\/\/www.europesays.com\/lv\/286744\/","title":{"rendered":"It\u0101lijas volejbolist\u0113m iesp\u0113ja tikt pie tre\u0161\u0101s liel\u0101s trofejas \u2013 Volejbols \u2013 Sportacentrs.com"},"content":{"rendered":"<p>It\u0101lietes pirms pusfin\u0101la Polijas izlasi bija sp\u0113ju\u0161as pieveikt iepriek\u0161\u0113j\u0101s piec\u0101s savstarp\u0113j\u0101s c\u012b\u0146\u0101s p\u0113c k\u0101rtas.<\/p>\n<p>Pirmo setu It\u0101lija ies\u0101ka ar 7:2, polietes p\u0113c\u0101k pietuvoj\u0101s l\u012bdz divu punktu starp\u012bbai, ta\u010du ne tuv\u0101k. Otraj\u0101 Polijai izdev\u0101s atg\u016bties no 5:9, tom\u0113r v\u0113l\u0101k dienvidniec\u0113m iz\u0161\u0137iro\u0161s se\u0161u punktu izr\u0101viens. Tre\u0161aj\u0101 nogriezn\u012b 5:0 atr\u0101viens padev\u0101s poliet\u0113m, bet ceturtaj\u0101 atkal domin\u0113ja It\u0101lijas vien\u012bba.<\/p>\n<p>Uzvar\u0113t\u0101ju lab\u0101 20 punkti nig\u0113rietei Paolai Oge\u010di Egonu, kurai tr\u012bs ra\u017e\u012bgi bloki, bet 14 guva Island\u0113 dzimus\u012b krieviete Jekaterina Antropova. Polijas rind\u0101s 15 punkti J\u016blijai \u0160\u010durovskai.<\/p>\n<p>Eiropas meistarsac\u012bkstes volejbol\u0101 sieviet\u0113m. Astotda\u013cfin\u0101ls<\/p>\n<tr>DatumsLaiksSp\u0113leIzn\u0101kums<\/tr>\n<tr class=\"even\">\n<td>30.08.<\/td>\n<td class=\"ralign\">17.00<\/td>\n<td>Francija \u2013 Grie\u0137ija<\/td>\n<td>0-3 (16:25; 18:25; 20:25)<\/td>\n<\/tr>\n<tr class=\"odd\">\n<td\/>\n<td class=\"ralign\">20.00<\/td>\n<td>Serbija \u2013 Horv\u0101tija<\/td>\n<td>3-1 (19:25; 25:19; 25:17; 25:12)<\/td>\n<\/tr>\n<tr class=\"even\">\n<td\/>\n<td class=\"ralign\"\/>\n<td\/>\n<td\/><\/tr>\n<tr class=\"odd\">\n<td>01.09.<\/td>\n<td class=\"ralign\">16.00<\/td>\n<td>Be\u013c\u0123ija \u2013 V\u0101cija<\/td>\n<td>2-3 (25:20; 21:25; 20:25; 27:25; 8:15)<\/td>\n<\/tr>\n<tr class=\"even\">\n<td\/>\n<td class=\"ralign\">19.00<\/td>\n<td>Turcija \u2013 Azerbaid\u017e\u0101na<\/td>\n<td>3-0 (25:14; 25:16; 25:22)<\/td>\n<\/tr>\n<tr class=\"odd\">\n<td\/>\n<td class=\"ralign\"\/>\n<td\/>\n<td\/><\/tr>\n<tr class=\"even\">\n<td\/>\n<td class=\"ralign\"\/>\n<td\/>\n<td\/><\/tr>\n<tr class=\"odd\">\n<td>30.08.<\/td>\n<td class=\"ralign\">16.00<\/td>\n<td>N\u012bderlande \u2013 Slov\u0113nija<\/td>\n<td>3-2 (25:18; 19:25; 25:21; 29:31; 15:9)<\/td>\n<\/tr>\n<tr class=\"even\">\n<td\/>\n<td class=\"ralign\">19.00<\/td>\n<td>Polija \u2013 Portug\u0101le<\/td>\n<td>3-0 (25:18; 25:17; 25:23)<\/td>\n<\/tr>\n<tr class=\"odd\">\n<td\/>\n<td class=\"ralign\"\/>\n<td\/>\n<td\/><\/tr>\n<tr class=\"even\">\n<td\/>\n<td class=\"ralign\">17.00<\/td>\n<td>It\u0101lija \u2013 Bulg\u0101rija<\/td>\n<td>3-0 (25:18; 25:13; 25:13)<\/td>\n<\/tr>\n<tr class=\"odd\">\n<td\/>\n<td class=\"ralign\">20.00<\/td>\n<td>\u010cehija \u2013 Zviedrija<\/td>\n<td>0-3 (19:25; 23:25; 21:25)<\/td>\n<\/tr>\n<p>Ceturtda\u013cfin\u0101ls<\/p>\n<tr>DatumsLaiksSp\u0113leIzn\u0101kums<\/tr>\n<tr class=\"even\">\n<td>02.09.<\/td>\n<td class=\"ralign\">17.00<\/td>\n<td>Serbija \u2013 Grie\u0137ija<\/td>\n<td>3-0 (25:14; 25:20; 25:17)<\/td>\n<\/tr>\n<tr class=\"odd\">\n<td>03.09.<\/td>\n<td class=\"ralign\">19.00<\/td>\n<td>Turcija \u2013 V\u0101cija<\/td>\n<td>3-1 (25:18; 22:25; 25:18; 25:22)<\/td>\n<\/tr>\n<tr class=\"even\">\n<td\/>\n<td class=\"ralign\"\/>\n<td\/>\n<td\/><\/tr>\n<tr class=\"odd\">\n<td>02.09.<\/td>\n<td class=\"ralign\">20.00<\/td>\n<td>It\u0101lija \u2013 Zviedrija<\/td>\n<td>3-1 (21:25; 26:24; 25:21; 25:23)<\/td>\n<\/tr>\n<tr class=\"even\">\n<td>03.09.<\/td>\n<td class=\"ralign\">16.00<\/td>\n<td>Polija \u2013 N\u012bderlande<\/td>\n<td>3-1 (25:16; 20:25; 25:20; 25:23)<\/td>\n<\/tr>\n<p>Pusfin\u0101ls<\/p>\n<tr>DatumsLaiksSp\u0113le<\/tr>\n<tr class=\"even\">\n<td>05.09.<\/td>\n<td class=\"ralign\">16.00<\/td>\n<td>Turcija \u2013 Serbija<\/td>\n<td>3-0 (25:20; 25:19; 25:20)<\/td>\n<\/tr>\n<tr class=\"odd\">\n<td\/>\n<td class=\"ralign\">19.00<\/td>\n<td>Polija \u2013 It\u0101lija<\/td>\n<td>1-3 (19:25; 19:25; 25:21; 16:25)<\/td>\n<\/tr>\n<p>Sacens\u012bbu vietne:<br \/><a target=\"_blank\" href=\"https:\/\/eurovolley.cev.eu\/en\/2026\/women\/\" rel=\"nofollow noopener\">https:\/\/eurovolley.cev.eu\/en\/2026\/w&#8230;<\/a><\/p>\n","protected":false},"excerpt":{"rendered":"It\u0101lietes pirms pusfin\u0101la Polijas izlasi bija sp\u0113ju\u0161as pieveikt iepriek\u0161\u0113j\u0101s piec\u0101s savstarp\u0113j\u0101s c\u012b\u0146\u0101s p\u0113c k\u0101rtas. Pirmo setu It\u0101lija ies\u0101ka&hellip;\n","protected":false},"author":2,"featured_media":286745,"comment_status":"","ping_status":"","sticky":false,"template":"","format":"standard","meta":{"footnotes":"","_share_on_mastodon":"0"},"categories":[5],"tags":[23,28,29,32,33,22,30,31,35,39,38,36,37,34,40,20,26,27,24,25,1208,21],"class_list":["post-286744","post","type-post","status-publish","format-standard","has-post-thumbnail","category-aktualitates","tag-aktualitates","tag-breaking-news","tag-breakingnews","tag-featured-news","tag-featurednews","tag-headlines","tag-latest-news","tag-latestnews","tag-latvia","tag-latvian","tag-latviesu","tag-latviesu-valoda","tag-latviesuvaloda","tag-latvija","tag-lv","tag-news","tag-popularakas-zinas","tag-popularakaszinas","tag-top-stories","tag-topstories","tag-volejbols","tag-zinas"],"share_on_mastodon":{"url":"https:\/\/pubeurope.com\/@lv\/117221665406344171","error":""},"_links":{"self":[{"href":"https:\/\/www.europesays.com\/lv\/wp-json\/wp\/v2\/posts\/286744","targetHints":{"allow":["GET"]}}],"collection":[{"href":"https:\/\/www.europesays.com\/lv\/wp-json\/wp\/v2\/posts"}],"about":[{"href":"https:\/\/www.europesays.com\/lv\/wp-json\/wp\/v2\/types\/post"}],"author":[{"embeddable":true,"href":"https:\/\/www.europesays.com\/lv\/wp-json\/wp\/v2\/users\/2"}],"replies":[{"embeddable":true,"href":"https:\/\/www.europesays.com\/lv\/wp-json\/wp\/v2\/comments?post=286744"}],"version-history":[{"count":0,"href":"https:\/\/www.europesays.com\/lv\/wp-json\/wp\/v2\/posts\/286744\/revisions"}],"wp:featuredmedia":[{"embeddable":true,"href":"https:\/\/www.europesays.com\/lv\/wp-json\/wp\/v2\/media\/286745"}],"wp:attachment":[{"href":"https:\/\/www.europesays.com\/lv\/wp-json\/wp\/v2\/media?parent=286744"}],"wp:term":[{"taxonomy":"category","embeddable":true,"href":"https:\/\/www.europesays.com\/lv\/wp-json\/wp\/v2\/categories?post=286744"},{"taxonomy":"post_tag","embeddable":true,"href":"https:\/\/www.europesays.com\/lv\/wp-json\/wp\/v2\/tags?post=286744"}],"curies":[{"name":"wp","href":"https:\/\/api.w.org\/{rel}","templated":true}]}}