{"id":286750,"date":"2026-09-06T02:25:21","date_gmt":"2026-09-06T02:25:21","guid":{"rendered":"https:\/\/www.europesays.com\/lv\/286750\/"},"modified":"2026-09-06T02:25:21","modified_gmt":"2026-09-06T02:25:21","slug":"dabas-bridinajums-no-kalniem-kapec-nepalas-katastrofalie-pludi-ir-tikai-sakums-cilvecei","status":"publish","type":"post","link":"https:\/\/www.europesays.com\/lv\/286750\/","title":{"rendered":"Dabas br\u012bdin\u0101jums no kalniem: k\u0101p\u0113c Nep\u0101las katastrof\u0101lie pl\u016bdi ir tikai s\u0101kums cilv\u0113cei"},"content":{"rendered":"<p><img loading=\"lazy\" decoding=\"async\" class=\"lazy lazy-hidden alignnone size-full wp-image-305270\" src=\"data:image\/gif;base64,R0lGODlhAQABAIAAAAAAAP\/\/\/yH5BAEAAAAALAAAAAABAAEAAAIBRAA7\" data-lazy-type=\"image\" data-lazy-src=\"https:\/\/www.europesays.com\/lv\/wp-content\/uploads\/2026\/09\/Ekranuznemums-2026-09-05-164942.jpg\" alt=\"\" width=\"900\" height=\"504\" data-lazy- data-lazy-\/><\/p>\n<p>P\u0113d\u0113j\u0101 laika notikumi Tibetas un Nep\u0101las robe\u017ejosl\u0101 ir k\u013cuvu\u0161i par smagu atg\u0101din\u0101jumu visai pasaulei. Dabas sp\u0113ki kalnos par\u0101d\u012bja, cik b\u012bstama var b\u016bt p\u0101rlieku liela cilv\u0113ka iejauk\u0161an\u0101s apk\u0101rt\u0113j\u0101 vid\u0113.<\/p>\n<p>Cilv\u0113ce \u0161obr\u012bd maina dabisk\u0101s ekosist\u0113mas strauj\u0101k, nek\u0101 zin\u0101tnieki sp\u0113j izp\u0113t\u012bt \u0161o darb\u012bbu sekas. Zemes nogruvumi un pl\u016bdi Himalaju re\u0123ion\u0101 liku\u0161i daudziem no jauna p\u0101rdom\u0101t, kur ir robe\u017ea starp att\u012bst\u012bbu un dabas izn\u012bcin\u0101\u0161anu.<\/p>\n<p>Tra\u0123\u0113dijas s\u0101kums augstajos kalnos<\/p>\n<p>Viss s\u0101k\u0101s Himalaju kalnu gr\u0113d\u0101 uz Nep\u0101las un \u0136\u012bnas p\u0101rvald\u012bt\u0101s Tibetas robe\u017eas. No k\u0101da led\u0101ja Nep\u0101las pus\u0113 atdal\u012bj\u0101s milz\u012bga ledus un akme\u0146u lav\u012bna. T\u0101 ar milz\u012bgu sp\u0113ku nog\u0101z\u0101s lejup, ieg\u0101\u017eoties upes basein\u0101 Tibetas pus\u0113. \u0160is trieciens rad\u012bja strauju un posto\u0161u \u016bdens un dub\u013cu vilni. Mazo kalnu upju \u016bde\u0146i p\u0101rv\u0113rt\u0101s nepieredz\u0113t\u0101 straum\u0113, kas vispirms izn\u012bcin\u0101ja infrastrukt\u016bru kalnu aug\u0161tec\u0113, bet p\u0113c tam smagi sk\u0101ra apdz\u012bvot\u0101s vietas lejastec\u0113 Nep\u0101l\u0101.<\/p>\n<p>Cilv\u0113ka b\u016bv\u0113t\u0101s konstrukcijas un dabas sp\u0113ks<\/p>\n<p>Katastrofas apjoms par\u0101d\u012bja, ka cilv\u0113ku uzcelt\u0101s b\u016bves reiz\u0113m var padar\u012bt dabas stihiju v\u0113l posto\u0161\u0101ku. Nep\u0101la pati neveica nek\u0101dus v\u0113rien\u012bgus b\u016bvdarbus \u0161aj\u0101 robe\u017eupes posm\u0101, tom\u0113r tie\u0161i \u0161\u012bs valsts iedz\u012bvot\u0101ji sa\u0146\u0113ma smag\u0101ko triecienu. Kalnu rajonos gadiem ilgi tiku\u0161i b\u016bv\u0113ti dambji, ce\u013ci un betona sienas. \u0160\u012bs konstrukcijas main\u012bja dabisko upes gultni. T\u0101 viet\u0101, lai \u016bdens br\u012bvi izpl\u016bstu un pamaz\u0101m zaud\u0113tu sp\u0113ku, m\u0101ksl\u012bgi sa\u0161aurin\u0101t\u0101 gultne padar\u012bja straumi daudzk\u0101rt \u0101tr\u0101ku un b\u012bstam\u0101ku.<\/p>\n<p>K\u0101p\u0113c noblo\u0137\u0113tas upes k\u013c\u016bst b\u012bstamas<\/p>\n<p>Dabisk\u0101 vid\u0113 upes gultne ar o\u013ciem, l\u012bkumiem un me\u017eainiem krastiem darbojas k\u0101 savdab\u012bgs trieciena absorb\u0113t\u0101js. T\u0101 bremz\u0113 pl\u016bdu \u016bde\u0146us un \u013cauj tiem izpl\u016bst pla\u0161\u0101k\u0101 teritorij\u0101. Turpret\u012b, kad upe tiek iesprostota betona kan\u0101los un aizsargsien\u0101s, tai vairs nav kur izplesties. Tie\u0161i tas notika Tibetas ielej\u0101. Akme\u0146u, dub\u013cu un \u016bdens masa tika burtiski iespiesta \u0161aur\u0101 spraug\u0101. Straume ieguva milz\u012bgu \u0101trumu, nesot sev l\u012bdzi b\u016bvgru\u017eus un zemi no tuv\u0113jiem b\u016bvlaukumiem. \u0160\u012b smag\u0101 masa k\u0101 triecienvilnis nopost\u012bja tiltus, \u0113kas un sp\u0113kstacijas sav\u0101 ce\u013c\u0101.<\/p>\n<p><img loading=\"lazy\" decoding=\"async\" class=\"lazy lazy-hidden alignnone size-full wp-image-305271\" src=\"data:image\/gif;base64,R0lGODlhAQABAIAAAAAAAP\/\/\/yH5BAEAAAAALAAAAAABAAEAAAIBRAA7\" data-lazy-type=\"image\" data-lazy-src=\"https:\/\/www.europesays.com\/lv\/wp-content\/uploads\/2026\/09\/Ekranuznemums-2026-09-05-164928.jpg\" alt=\"\" width=\"900\" height=\"512\" data-lazy- data-lazy-\/><\/p>\n<p>Himalaji k\u0101 jut\u012bga un main\u012bga vide. Himalaju kalni ir \u0123eolo\u0123iski \u013coti jauni un nemit\u012bgi main\u012bgi. Zemes garozas pl\u0101t\u0146u kust\u012bbas d\u0113\u013c \u0161aj\u0101 re\u0123ion\u0101 bie\u017ei notiek zemestr\u012bces, ie\u017eu sabruk\u0161ana un p\u0113k\u0161\u0146i nogruvumi. Kalnu nog\u0101zes v\u0101jina ar\u012b lietusg\u0101zes un sasal\u0161anas cikli. M\u0113\u0123in\u0101jumi \u0161\u0101d\u0101 kust\u012bg\u0101 vid\u0113 b\u016bv\u0113t v\u0113rien\u012bgus objektus rada papildu riskus. Dabas procesi \u0161ajos augstumos ir neparedzami, un jebkura liela iejauk\u0161an\u0101s var izrais\u012bt \u0137\u0113des reakciju, ko v\u0113l\u0101k vairs nav iesp\u0113jams apst\u0101din\u0101t.<\/p>\n<p><a href=\"https:\/\/dzentlmenis.lv\/arala-juras-noslepumi-stasts-par-tas-pazusanu-kapec-to-sauca-par-nepareizu-un-kas-tika-atrasts-tas-dibena\/305167\/\" rel=\"nofollow noopener\" target=\"_blank\"><img class=\"lazy lazy-hidden\" decoding=\"async\" src=\"data:image\/gif;base64,R0lGODlhAQABAIAAAAAAAP\/\/\/yH5BAEAAAAALAAAAAABAAEAAAIBRAA7\" data-lazy-type=\"image\" data-lazy-src=\"https:\/\/www.europesays.com\/lv\/wp-content\/uploads\/2026\/09\/1788661521_929_Ekranuznemums-2026-09-05-094639.jpg\" data-lazy- alt=\"Ar\u0101la j\u016bras nosl\u0113pumi: st\u0101sts par t\u0101s pazu\u0161anu, k\u0101p\u0113c to sauca par \u201cnepareizu\u201d un kas tika atrasts t\u0101s dzelm\u0113\"\/><\/a>Citi lasa<a class=\"monsterinsights-inline-popular-posts-title\" href=\"https:\/\/dzentlmenis.lv\/arala-juras-noslepumi-stasts-par-tas-pazusanu-kapec-to-sauca-par-nepareizu-un-kas-tika-atrasts-tas-dibena\/305167\/\" rel=\"nofollow noopener\" target=\"_blank\">Ar\u0101la j\u016bras nosl\u0113pumi: st\u0101sts par t\u0101s pazu\u0161anu, k\u0101p\u0113c to sauca par \u201cnepareizu\u201d un kas tika atrasts t\u0101s dzelm\u0113<\/a><\/p>\n<p>M\u0101c\u012bba n\u0101kotnei un l\u012bdzsvara mekl\u0113jumi<\/p>\n<p>Notiku\u0161ais liek p\u0101rv\u0113rt\u0113t to, k\u0101 tiek pl\u0101noti liela m\u0113roga projekti kalnu apvidos. Speci\u0101listi uzsver, ka atteik\u0161an\u0101s no dabas pak\u013cau\u0161anas nenoz\u012bm\u0113 att\u012bst\u012bbas apst\u0101\u0161anos. Tas dr\u012bz\u0101k noz\u012bm\u0113 piem\u0113ro\u0161anos apk\u0101rt\u0113j\u0101s vides lo\u0123ikai. Ilgtsp\u0113j\u012bga pieeja prasa saglab\u0101t dabisk\u0101s upju gultnes, aizsarg\u0101t me\u017eus un b\u016bv\u0113t t\u0101du infrastrukt\u016bru, kas sadarbojas ar dabas pl\u016bsmu, nevis cen\u0161as to piln\u012bb\u0101 noblo\u0137\u0113t. Himalaju kalni ar \u0161o stihiju ir devu\u0161i skaidru sign\u0101lu par to, cik svar\u012bgi ir cien\u012bt dabas likumus.<\/p>\n","protected":false},"excerpt":{"rendered":"P\u0113d\u0113j\u0101 laika notikumi Tibetas un Nep\u0101las robe\u017ejosl\u0101 ir k\u013cuvu\u0161i par smagu atg\u0101din\u0101jumu visai pasaulei. Dabas sp\u0113ki kalnos par\u0101d\u012bja,&hellip;\n","protected":false},"author":2,"featured_media":286751,"comment_status":"","ping_status":"","sticky":false,"template":"","format":"standard","meta":{"footnotes":"","_share_on_mastodon":"0"},"categories":[14],"tags":[23,57,28,29,32,33,22,30,31,35,39,38,36,37,34,40,20,26,27,24,25,54,55,56,21,58],"class_list":["post-286750","post","type-post","status-publish","format-standard","has-post-thumbnail","category-zinas-no-arvalstim","tag-aktualitates","tag-arvalstim","tag-breaking-news","tag-breakingnews","tag-featured-news","tag-featurednews","tag-headlines","tag-latest-news","tag-latestnews","tag-latvia","tag-latvian","tag-latviesu","tag-latviesu-valoda","tag-latviesuvaloda","tag-latvija","tag-lv","tag-news","tag-popularakas-zinas","tag-popularakaszinas","tag-top-stories","tag-topstories","tag-world","tag-world-news","tag-worldnews","tag-zinas","tag-zinas-no-arvalstim"],"share_on_mastodon":{"url":"https:\/\/pubeurope.com\/@lv\/117221728311357020","error":""},"_links":{"self":[{"href":"https:\/\/www.europesays.com\/lv\/wp-json\/wp\/v2\/posts\/286750","targetHints":{"allow":["GET"]}}],"collection":[{"href":"https:\/\/www.europesays.com\/lv\/wp-json\/wp\/v2\/posts"}],"about":[{"href":"https:\/\/www.europesays.com\/lv\/wp-json\/wp\/v2\/types\/post"}],"author":[{"embeddable":true,"href":"https:\/\/www.europesays.com\/lv\/wp-json\/wp\/v2\/users\/2"}],"replies":[{"embeddable":true,"href":"https:\/\/www.europesays.com\/lv\/wp-json\/wp\/v2\/comments?post=286750"}],"version-history":[{"count":0,"href":"https:\/\/www.europesays.com\/lv\/wp-json\/wp\/v2\/posts\/286750\/revisions"}],"wp:featuredmedia":[{"embeddable":true,"href":"https:\/\/www.europesays.com\/lv\/wp-json\/wp\/v2\/media\/286751"}],"wp:attachment":[{"href":"https:\/\/www.europesays.com\/lv\/wp-json\/wp\/v2\/media?parent=286750"}],"wp:term":[{"taxonomy":"category","embeddable":true,"href":"https:\/\/www.europesays.com\/lv\/wp-json\/wp\/v2\/categories?post=286750"},{"taxonomy":"post_tag","embeddable":true,"href":"https:\/\/www.europesays.com\/lv\/wp-json\/wp\/v2\/tags?post=286750"}],"curies":[{"name":"wp","href":"https:\/\/api.w.org\/{rel}","templated":true}]}}