{"id":286754,"date":"2026-09-06T03:02:15","date_gmt":"2026-09-06T03:02:15","guid":{"rendered":"https:\/\/www.europesays.com\/lv\/286754\/"},"modified":"2026-09-06T03:02:15","modified_gmt":"2026-09-06T03:02:15","slug":"maskas-terpti-viriesi-apstadina-ostas-darbibu-anglija","status":"publish","type":"post","link":"https:\/\/www.europesays.com\/lv\/286754\/","title":{"rendered":"Mask\u0101s t\u0113rpti v\u012brie\u0161i apst\u0101dina ostas darb\u012bbu Anglij\u0101"},"content":{"rendered":"<p class=\"descr\">Mask\u0101s t\u0113rpti v\u012brie\u0161i blo\u0137\u0113 satiksmi uz Lielbrit\u0101nijas Doveras ostu, ac\u012bmredzami protest\u0113jot pret imigr\u0101ciju, zi\u0146o CNN.<\/p>\n<p>Sestdien mask\u0101s t\u0113rptu v\u012brie\u0161u grupa blo\u0137\u0113ja ce\u013cus, kas ved uz Lielbrit\u0101nijas noslogot\u0101ko pr\u0101mju ostu, un amatpersonas to raksturoja k\u0101 protestu pret imigr\u0101ciju.<\/p>\n<p>Doveras osta pazi\u0146oja, ka visa satiksme iebraucot un izbraucot ir &#8220;aptur\u0113ta sabiedrisk\u0101s k\u0101rt\u012bbas incidenta d\u0113\u013c&#8221;, un policija pazi\u0146oja, ka vi\u0146i &#8220;saskaras ar protest\u0113t\u0101jiem&#8221;.<\/p>\n<p>Soci\u0101lajos t\u012bklos ievietotaj\u0101 video redzami vair\u0101ki desmiti v\u012brie\u0161u meln\u0101 ap\u0123\u0113rb\u0101 ar aizsegt\u0101m sej\u0101m st\u0101vam p\u0101ri galvenajam ce\u013cam net\u0101lu no ostas. Vien\u0101 klip\u0101 redzami demonstranti, sadevu\u0161ies rok\u0101s p\u0101ri galvenajam ce\u013cam un kliedzot <a href=\"https:\/\/nra.lv\/pasaule\/529262-migrantu-krize-seuta-izraisa-seksualu-vardarbibu.htm\" data-item-link=\"true\" data-item-id=\"529262\" rel=\"nofollow noopener\" target=\"_blank\">&#8220;aptur\u0113t laivas&#8221;.<\/a><\/p>\n<blockquote class=\"twitter-tweet\">\n<p lang=\"en\" dir=\"ltr\">BREAKING:<\/p>\n<p>A huge group of masked men dressed in black have gathered in the port of Dover to stop the British authorities from disembarking illegal boat migrants.<\/p>\n<p>They are chanting: <\/p>\n<p>\u201cStop the boats!\u201d <a href=\"https:\/\/t.co\/WRVPjLoDU1\" rel=\"nofollow\">pic.twitter.com\/WRVPjLoDU1<\/a><\/p>\n<p>\u2014 Visegr\u00e1d 24 (@visegrad24) <a href=\"https:\/\/x.com\/visegrad24\/status\/2096246655032979699?ref_src=twsrc%5Etfw\" rel=\"nofollow\">September 5, 2026<\/a><\/p><\/blockquote>\n<p>Kriss Vinsons, Konservat\u012bv\u0101s partijas viet\u0113jais padomnieks, sac\u012bja, ka protests, \u0161\u0137iet, ir &#8220;saist\u012bts ar neleg\u0101lu migr\u0101ciju&#8221;.<\/p>\n<p>&#8220;Man nav zin\u0101ms, ka b\u016btu notikusi vardarb\u012bba, lai gan ir skaidrs, ja j\u016bsu transportl\u012bdzek\u013ca ce\u013cu blo\u0137\u0113 v\u012brie\u0161i meln\u0101 paramilit\u0101r\u0101 ekip\u0113jum\u0101 un balaklav\u0101s, tas ir \u0101rk\u0101rt\u012bgi bied\u0113jo\u0161i,&#8221; vi\u0146\u0161 teica.<\/p>\n<p>Nacion\u0101l\u0101 autoce\u013cu a\u0123ent\u016bra pazi\u0146oja, ka protests sestdienas r\u012bt\u0101 blo\u0137\u0113ja ce\u013cus uz ostu un izrais\u012bja 6,4 kilometrus garu sastr\u0113gumu. Doveras osta pazi\u0146oja, ka viens ce\u013c\u0161 uz ostu bija atkal atv\u0113rts v\u0113l\u0101 r\u012bt\u0101.<\/p>\n<p>&#8220;P&amp;O Ferries&#8221;, kas nodro\u0161ina satiksmi starp Doveru un Kal\u0113 Francij\u0101, pazi\u0146oja, ka pasa\u017eieriem, kuri nokav\u0113ja savu pr\u0101mi, tiks pied\u0101v\u0101ts n\u0101kamais pieejamais \u0161\u0137\u0113rso\u0161anas ce\u013c\u0161.<\/p>\n<p>Dovera, kas atrodas aptuveni 110 kilometrus uz dienvidaustrumiem no Londonas, 2025. gad\u0101 apkalpoja vair\u0101k nek\u0101 devi\u0146us miljonus pasa\u017eieru un divus miljonus kravas transportl\u012bdzek\u013cu, liecina ostas t\u012bmek\u013ca vietne.<\/p>\n<p>Leiboristu partijas vald\u012bba apgalvo, ka pastiprin\u0101t\u0101 ties\u012bbaizsardz\u012bbas iest\u0101\u017eu sadarb\u012bba starp Lielbrit\u0101niju un Franciju ir pal\u012bdz\u0113jusi \u0161ogad par vair\u0101k nek\u0101 40 % samazin\u0101t to cilv\u0113ku skaitu, kuri \u0161\u0137\u0113rso robe\u017eu, sal\u012bdzinot ar 2025. gadu.<\/p>\n<p>\t\t\t\t\t\tinfo<\/p>\n<p>Uzzini pirmais<br \/>kas interesants noticis Latvij\u0101 un pasaul\u0113,<br \/>pievienojoties mums <a href=\"https:\/\/t.me\/neatkariga\" rel=\"nofollow\">Telegram<\/a> vai <a href=\"https:\/\/whatsapp.com\/channel\/0029VaMLFUH5K3zLU5s4wm3y\" rel=\"nofollow noopener\" target=\"_blank\">Whatsapp<\/a> kan\u0101l\u0101<\/p>\n<p>\t\t\t\t\t\t\t\t\t<script async src=\"https:\/\/platform.twitter.com\/widgets.js\" charset=\"utf-8\"><\/script><\/p>\n","protected":false},"excerpt":{"rendered":"Mask\u0101s t\u0113rpti v\u012brie\u0161i blo\u0137\u0113 satiksmi uz Lielbrit\u0101nijas Doveras ostu, ac\u012bmredzami protest\u0113jot pret imigr\u0101ciju, zi\u0146o CNN. Sestdien mask\u0101s t\u0113rptu&hellip;\n","protected":false},"author":2,"featured_media":286755,"comment_status":"","ping_status":"","sticky":false,"template":"","format":"standard","meta":{"footnotes":"","_share_on_mastodon":"0"},"categories":[14],"tags":[23,57,28,29,32,33,22,30,31,35,39,38,36,37,34,40,20,26,27,24,25,54,55,56,21,58],"class_list":["post-286754","post","type-post","status-publish","format-standard","has-post-thumbnail","category-zinas-no-arvalstim","tag-aktualitates","tag-arvalstim","tag-breaking-news","tag-breakingnews","tag-featured-news","tag-featurednews","tag-headlines","tag-latest-news","tag-latestnews","tag-latvia","tag-latvian","tag-latviesu","tag-latviesu-valoda","tag-latviesuvaloda","tag-latvija","tag-lv","tag-news","tag-popularakas-zinas","tag-popularakaszinas","tag-top-stories","tag-topstories","tag-world","tag-world-news","tag-worldnews","tag-zinas","tag-zinas-no-arvalstim"],"share_on_mastodon":{"url":"https:\/\/pubeurope.com\/@lv\/117221873928800687","error":""},"_links":{"self":[{"href":"https:\/\/www.europesays.com\/lv\/wp-json\/wp\/v2\/posts\/286754","targetHints":{"allow":["GET"]}}],"collection":[{"href":"https:\/\/www.europesays.com\/lv\/wp-json\/wp\/v2\/posts"}],"about":[{"href":"https:\/\/www.europesays.com\/lv\/wp-json\/wp\/v2\/types\/post"}],"author":[{"embeddable":true,"href":"https:\/\/www.europesays.com\/lv\/wp-json\/wp\/v2\/users\/2"}],"replies":[{"embeddable":true,"href":"https:\/\/www.europesays.com\/lv\/wp-json\/wp\/v2\/comments?post=286754"}],"version-history":[{"count":0,"href":"https:\/\/www.europesays.com\/lv\/wp-json\/wp\/v2\/posts\/286754\/revisions"}],"wp:featuredmedia":[{"embeddable":true,"href":"https:\/\/www.europesays.com\/lv\/wp-json\/wp\/v2\/media\/286755"}],"wp:attachment":[{"href":"https:\/\/www.europesays.com\/lv\/wp-json\/wp\/v2\/media?parent=286754"}],"wp:term":[{"taxonomy":"category","embeddable":true,"href":"https:\/\/www.europesays.com\/lv\/wp-json\/wp\/v2\/categories?post=286754"},{"taxonomy":"post_tag","embeddable":true,"href":"https:\/\/www.europesays.com\/lv\/wp-json\/wp\/v2\/tags?post=286754"}],"curies":[{"name":"wp","href":"https:\/\/api.w.org\/{rel}","templated":true}]}}