{"id":286756,"date":"2026-09-06T03:03:26","date_gmt":"2026-09-06T03:03:26","guid":{"rendered":"https:\/\/www.europesays.com\/lv\/286756\/"},"modified":"2026-09-06T03:03:26","modified_gmt":"2026-09-06T03:03:26","slug":"ka-notiek-nepala-bojagajuso-identifikacija-un-cik-ilgi-rupesies-par-neidentificeto-pagaidu-kapavietam-stasta-amatpersonas-jauns-lv","status":"publish","type":"post","link":"https:\/\/www.europesays.com\/lv\/286756\/","title":{"rendered":"K\u0101 notiek Nep\u0101l\u0101 boj\u0101g\u0101ju\u0161o identifik\u0101cija un cik ilgi r\u016bp\u0113sies par neidentific\u0113to pagaidu kapaviet\u0101m? St\u0101sta amatpersonas &#8211; Jauns.lv"},"content":{"rendered":"<ol>\n<li><a href=\"https:\/\/news.google.com\/rss\/articles\/CBMi8gFBVV95cUxPYUpfVk4yOV9zTFc5eXkySzZ4QVRQOEtoX3JIejh5ZWlrZ2tGSTBINndiZVUxLTlXWW96UVlzdEtEMllCYWluU1MyejA1bUlWU2hnM0RuNUxBUHQ5dHNPTnFkanZnaFkxMEx3SkNIN3Bkcmk1M2xjVnF5U0JQN3JiOHlUUEV5SDB3dXRvMnowTDYzdThlV3E1aW5SUF80MDVzTi1YU2w3VFR4SUxLYmF6X2dyOUg2Wnk1aDJONWZZYThuN1ZZVi1wOEdndXBVQTk4Q3BQUnk3ajMxWC1TQmVTd2JJcUNrcFJNdzZSVlpkSGtwdw?oc=5\" target=\"_blank\" rel=\"nofollow noopener\">K\u0101 notiek Nep\u0101l\u0101 boj\u0101g\u0101ju\u0161o identifik\u0101cija un cik ilgi r\u016bp\u0113sies par neidentific\u0113to pagaidu kapaviet\u0101m? St\u0101sta amatpersonas<\/a>&nbsp;&nbsp;Jauns.lv<\/li>\n<li><a href=\"https:\/\/news.google.com\/rss\/articles\/CBMiyAFBVV95cUxNQVVtZ2E2dkNoQVphVzhpdWFsb3NWYzBWMFpBekFrUGo3RmtzLWI3Q1dYdFJvTGlCZl9zTHZxSHQ0S2lVb1pWTy15c1gzQUY1N0w3eHBiSmxnZ1BVZ01oOXduYV9aTTdiSFZlTVdkeXhQMHdCemtITWFTV093VzlLYl82VC1rcGMwbHMyLWwyS3RvdkNxS0pxWjNud01NSFAtd3FHeGJ1aWVvbkhmb3BqMlJjeVJqcTNTVVU5RlU5Q2pqcFA3cmRQdw?oc=5\" target=\"_blank\" rel=\"nofollow noopener\">Br\u012bdin\u0101juma z\u012bmes bija jau divas dienas iepriek\u0161: k\u0101p\u0113c neizdev\u0101s nov\u0113rst Nep\u0101las tra\u0123\u0113diju?<\/a>&nbsp;&nbsp;Jauns.lv<\/li>\n<li><a href=\"https:\/\/news.google.com\/rss\/articles\/CBMixAFBVV95cUxOaFRqVnhTTWJ4WUFhbHNNTnhNZ3FUWktmUHNEZkNGLWNOX2RNWkdvdlhQUXo5cG1kOFp5RE1aeG5xOGU4bm5pTXRLVk5pQ0xZb3JxUmxrcHlQd1lxYkoyT2h6R0VyeE9HbThtaHZleGgtX2hmR3ZzWVI3a0tGQjk2eFEwdUhvb3BfTW1HZXpybm9jTlE0LWRKMHEzRWN1WUxpRlRKRjdVanVoZzc5SjJzNWJHWmR1X1hxcEN3SmxUeVljckdX?oc=5\" target=\"_blank\" rel=\"nofollow noopener\">\u0100rlietu ministrija sniedz jaun\u0101ko inform\u0101ciju par p\u0113d\u0113jo sazi\u0146u ar Latvijas t\u016bristu grupu Nep\u0101l\u0101<\/a>&nbsp;&nbsp;apollo.lv<\/li>\n<li><a href=\"https:\/\/news.google.com\/rss\/articles\/CBMi2gFBVV95cUxQQUNLUUd4eG4xTmtwR0xNYjVXVERmTGNOSlZ5NWVQQmE1ZVJxaUctWENwUF93d3pScHlpMUx2cnh0MGtuM0Y1TWJaOFFROXppOEZnMnE4RkpHd0YzVmlSMjdLUVFvU04zUmlYRkkxQzRCN3BWa1AxVzRIUHlhZlF3NEt6UklfOXg5YXR2YThEOU5QRGJ3R2ZtYTZkcEpkd19FTktyellhcmxjdThWcV9DdE10TXFaS1FKaTRGenNyNzdYcUY2VDFEemtzbThhdFYxdFoyLUJjM3VvUQ?oc=5\" target=\"_blank\" rel=\"nofollow noopener\">Pl\u016bdi Nep\u0101l\u0101: gl\u0101b\u0113ji sasniegu\u0161i \u0136\u012bnas robe\u017epunktu, kur pazuda ar\u012b latvie\u0161u ce\u013cot\u0101ji \/ Raksts<\/a>&nbsp;&nbsp;LSM<\/li>\n<li><a href=\"https:\/\/news.google.com\/rss\/articles\/CBMifkFVX3lxTE81TGtxRVdlcjg4bTBsd3M5Q3lxOEpFRDZuc0NDSDlmQVlNeFU2cnJzTUt0Y2Q5UVc2N0pOV2duODcwQnQwRUxXUGs1cXpwaHIxdzBKZ2plcFhISlI0MXRNTXhOSWVYbWF0WlpwRG56bXhYS0RVamxkcWMwRVozUQ?oc=5\" target=\"_blank\" rel=\"nofollow noopener\">Kalnos k\u013c\u016bst nedro\u0161\u0101k<\/a>&nbsp;&nbsp;Diena<\/li>\n<\/ol>\n","protected":false},"excerpt":{"rendered":"K\u0101 notiek Nep\u0101l\u0101 boj\u0101g\u0101ju\u0161o identifik\u0101cija un cik ilgi r\u016bp\u0113sies par neidentific\u0113to pagaidu kapaviet\u0101m? St\u0101sta amatpersonas&nbsp;&nbsp;Jauns.lv Br\u012bdin\u0101juma z\u012bmes bija&hellip;\n","protected":false},"author":2,"featured_media":286757,"comment_status":"","ping_status":"","sticky":false,"template":"","format":"standard","meta":{"footnotes":"","_share_on_mastodon":"0"},"categories":[12],"tags":[23,28,29,32,33,22,30,31,35,39,38,36,37,34,40,20,26,27,24,25,21],"class_list":["post-286756","post","type-post","status-publish","format-standard","has-post-thumbnail","category-latvija","tag-aktualitates","tag-breaking-news","tag-breakingnews","tag-featured-news","tag-featurednews","tag-headlines","tag-latest-news","tag-latestnews","tag-latvia","tag-latvian","tag-latviesu","tag-latviesu-valoda","tag-latviesuvaloda","tag-latvija","tag-lv","tag-news","tag-popularakas-zinas","tag-popularakaszinas","tag-top-stories","tag-topstories","tag-zinas"],"share_on_mastodon":{"url":"https:\/\/pubeurope.com\/@lv\/117221877781851289","error":""},"_links":{"self":[{"href":"https:\/\/www.europesays.com\/lv\/wp-json\/wp\/v2\/posts\/286756","targetHints":{"allow":["GET"]}}],"collection":[{"href":"https:\/\/www.europesays.com\/lv\/wp-json\/wp\/v2\/posts"}],"about":[{"href":"https:\/\/www.europesays.com\/lv\/wp-json\/wp\/v2\/types\/post"}],"author":[{"embeddable":true,"href":"https:\/\/www.europesays.com\/lv\/wp-json\/wp\/v2\/users\/2"}],"replies":[{"embeddable":true,"href":"https:\/\/www.europesays.com\/lv\/wp-json\/wp\/v2\/comments?post=286756"}],"version-history":[{"count":0,"href":"https:\/\/www.europesays.com\/lv\/wp-json\/wp\/v2\/posts\/286756\/revisions"}],"wp:featuredmedia":[{"embeddable":true,"href":"https:\/\/www.europesays.com\/lv\/wp-json\/wp\/v2\/media\/286757"}],"wp:attachment":[{"href":"https:\/\/www.europesays.com\/lv\/wp-json\/wp\/v2\/media?parent=286756"}],"wp:term":[{"taxonomy":"category","embeddable":true,"href":"https:\/\/www.europesays.com\/lv\/wp-json\/wp\/v2\/categories?post=286756"},{"taxonomy":"post_tag","embeddable":true,"href":"https:\/\/www.europesays.com\/lv\/wp-json\/wp\/v2\/tags?post=286756"}],"curies":[{"name":"wp","href":"https:\/\/api.w.org\/{rel}","templated":true}]}}