{"id":286762,"date":"2026-09-06T04:27:13","date_gmt":"2026-09-06T04:27:13","guid":{"rendered":"https:\/\/www.europesays.com\/lv\/286762\/"},"modified":"2026-09-06T04:27:13","modified_gmt":"2026-09-06T04:27:13","slug":"ienakumi-uz-papira-skiet-stabili-kada-latviesu-gimene-detalizeti-atklaj-cik-nopelna-un-kur-paliek-vinu-ikmenesa-ienakumi","status":"publish","type":"post","link":"https:\/\/www.europesays.com\/lv\/286762\/","title":{"rendered":"Ien\u0101kumi uz pap\u012bra \u0161\u0137iet stabili! K\u0101da latvie\u0161u \u0123imene detaliz\u0113ti atkl\u0101j, cik nopelna un kur paliek vi\u0146u ikm\u0113ne\u0161a ien\u0101kumi"},"content":{"rendered":"<p>    <img decoding=\"async\" src=\"https:\/\/www.europesays.com\/lv\/wp-content\/uploads\/2026\/09\/pexels-brettjordan-15357336-1024x810.jpg\" alt=\"&#10;\"\/><\/p>\n<p>Ilustrat\u012bvs foto: Pexels\n<\/p>\n<p>                                                <a href=\"https:\/\/news.google.com\/publications\/CAAqHQgKIhdDQklTQ3dnTWFnY0tCV3hoTG14MktBQVAB?hl=lv&amp;gl=LV&amp;ceid=LV%3Alv\" target=\"_blank\" style=\"font-family:SF Pro Display, Roboto, serif;font-size:12px;font-weight:bold;text-transform:uppercase;color:#000;text-decoration:none;line-height:34px;height:32px;display:block\" rel=\"nofollow noopener\"><br \/>\n                            Pievieno LA.LV<br \/>\n                            <img loading=\"lazy\" decoding=\"async\" src=\"https:\/\/www.la.lv\/assets\/images\/icon\/logo-google.svg\" style=\"margin-left:4px;vertical-align: -5px;\" width=\"18\" height=\"18\"\/><br \/>\n                        <\/a><br \/>\n                                                                        <a href=\"https:\/\/whatsapp.com\/channel\/0029VbCMJEF2v1IwTt54UN0u\" target=\"_blank\" class=\"whatsapp-channel-follow\" rel=\"nofollow noopener\"><br \/>\n                            Seko WhatsApp<\/p>\n<p>                        <\/a><\/p>\n<p>Redakcij\u0101 sa\u0146\u0113m\u0101m nedaudz skumju, \u013coti \u201cgar\u0161\u012bg\u0101\u201d valod\u0101 uzrakst\u012btu v\u0113stuli no Ilzes. Vi\u0146ai radu\u0161\u0101s p\u0101rdomas par Latvijas alg\u0101m un t\u0113ri\u0146iem. Sieviete to visu aprakst\u012bjusi ar pavisam prec\u012bziem skait\u013ciem, liekot aizdom\u0101ties, cik \u013coti ir main\u012bju\u0161\u0101s cenas un k\u0101ds finan\u0161u slogs \u0161obr\u012bd gulstas uz katru valsts iedz\u012bvot\u0101ju.<\/p>\n<p>        Las\u012bt\u0101kie<br \/>\n        <a data-imagesrc=\"{&quot;300&quot;:&quot;https:\\\/\\\/lastatic.ams3.cdn.digitaloceanspaces.com\\\/2026\\\/07\\\/pexels-karola-g-4750373-300x200.jpg&quot;,&quot;1024&quot;:&quot;https:\\\/\\\/lastatic.ams3.cdn.digitaloceanspaces.com\\\/2026\\\/07\\\/pexels-karola-g-4750373-1024x683.jpg&quot;,&quot;1536&quot;:&quot;https:\\\/\\\/lastatic.ams3.cdn.digitaloceanspaces.com\\\/2026\\\/07\\\/pexels-karola-g-4750373-1536x1024.jpg&quot;,&quot;500&quot;:&quot;https:\\\/\\\/lastatic.ams3.cdn.digitaloceanspaces.com\\\/2026\\\/07\\\/pexels-karola-g-4750373-500x333.jpg&quot;,&quot;800&quot;:&quot;https:\\\/\\\/lastatic.ams3.cdn.digitaloceanspaces.com\\\/2026\\\/07\\\/pexels-karola-g-4750373-800x533.jpg&quot;,&quot;2560&quot;:&quot;https:\\\/\\\/lastatic.ams3.cdn.digitaloceanspaces.com\\\/2026\\\/07\\\/pexels-karola-g-4750373-scaled.jpg&quot;}\" data-focuspoint=\"&quot;&quot;\" data-p=\"2604493\" href=\"https:\/\/www.la.lv\/rudens-sakuma-ienes-so-augu-majas-senak-ticeja-ka-tas-pasarga-no-launuma-un-nelaimem\" class=\"content-item lazy-load\" wp_automatic_readability=\"26.5\" rel=\"nofollow noopener\" target=\"_blank\"><\/p>\n<p>                                <img decoding=\"async\" src=\"\" alt=\"\" style=\"\" data-imageid=\"\"\/><\/p>\n<p>                                Kokteilis<\/p>\n<p>\n                                                                                Rudens s\u0101kum\u0101 ienesiet \u0161o augu m\u0101j\u0101s! Sen\u0101k tic\u0113ja, ka tas pasarg\u0101 no \u013caunuma un nelaim\u0113m\n                            <\/p>\n<p><\/a><a data-imagesrc=\"{&quot;300&quot;:&quot;https:\\\/\\\/lastatic.ams3.cdn.digitaloceanspaces.com\\\/2026\\\/09\\\/Gemini_Generated_Image_feqimfeqimfeqimf-300x191.jpg&quot;,&quot;1024&quot;:&quot;https:\\\/\\\/lastatic.ams3.cdn.digitaloceanspaces.com\\\/2026\\\/09\\\/Gemini_Generated_Image_feqimfeqimfeqimf-1024x652.jpg&quot;,&quot;1536&quot;:&quot;https:\\\/\\\/lastatic.ams3.cdn.digitaloceanspaces.com\\\/2026\\\/09\\\/Gemini_Generated_Image_feqimfeqimfeqimf-1536x978.jpg&quot;,&quot;500&quot;:&quot;https:\\\/\\\/lastatic.ams3.cdn.digitaloceanspaces.com\\\/2026\\\/09\\\/Gemini_Generated_Image_feqimfeqimfeqimf-500x318.jpg&quot;,&quot;800&quot;:&quot;https:\\\/\\\/lastatic.ams3.cdn.digitaloceanspaces.com\\\/2026\\\/09\\\/Gemini_Generated_Image_feqimfeqimfeqimf-800x509.jpg&quot;,&quot;2528&quot;:&quot;https:\\\/\\\/lastatic.ams3.cdn.digitaloceanspaces.com\\\/2026\\\/09\\\/Gemini_Generated_Image_feqimfeqimfeqimf.jpg&quot;}\" data-focuspoint=\"&quot;&quot;\" data-p=\"2603260\" href=\"https:\/\/www.la.lv\/tests-vai-vai-pateikt-kurs-no-zidainiem-ir-meitene-90-cilveku-atbild-nepareizi\" class=\"content-item lazy-load\" wp_automatic_readability=\"26.5\" rel=\"nofollow noopener\" target=\"_blank\"><\/p>\n<p>                                <img decoding=\"async\" src=\"\" alt=\"\" style=\"\" data-imageid=\"\"\/><\/p>\n<p>                                Kokteilis<\/p>\n<p>\n                                                                                TESTS. Vai vari pateikt, kur\u0161 no z\u012bdai\u0146iem ir meitene? 90% cilv\u0113ku atbild nepareizi\n                            <\/p>\n<p><\/a><a data-imagesrc=\"{&quot;300&quot;:&quot;https:\\\/\\\/lastatic.ams3.cdn.digitaloceanspaces.com\\\/2026\\\/07\\\/LET_24778954-300x201.jpg&quot;,&quot;1024&quot;:&quot;https:\\\/\\\/lastatic.ams3.cdn.digitaloceanspaces.com\\\/2026\\\/07\\\/LET_24778954-1024x686.jpg&quot;,&quot;1536&quot;:&quot;https:\\\/\\\/lastatic.ams3.cdn.digitaloceanspaces.com\\\/2026\\\/07\\\/LET_24778954-1536x1029.jpg&quot;,&quot;500&quot;:&quot;https:\\\/\\\/lastatic.ams3.cdn.digitaloceanspaces.com\\\/2026\\\/07\\\/LET_24778954-500x335.jpg&quot;,&quot;800&quot;:&quot;https:\\\/\\\/lastatic.ams3.cdn.digitaloceanspaces.com\\\/2026\\\/07\\\/LET_24778954-800x536.jpg&quot;,&quot;2560&quot;:&quot;https:\\\/\\\/lastatic.ams3.cdn.digitaloceanspaces.com\\\/2026\\\/07\\\/LET_24778954-scaled.jpg&quot;}\" data-focuspoint=\"&quot;&quot;\" data-p=\"2604454\" href=\"https:\/\/www.la.lv\/esat-pamanijusi-ka-veci-cilveki-smarzo-citadi-izradas-tam-nav-itin-nekadas-saistibas-ar-higienu\" class=\"content-item lazy-load\" wp_automatic_readability=\"27.5\" rel=\"nofollow noopener\" target=\"_blank\"><\/p>\n<p>                                <img decoding=\"async\" src=\"\" alt=\"\" style=\"\" data-imageid=\"\"\/><\/p>\n<p>                                Veselam<\/p>\n<p>\n                                                                                Esat paman\u012bju\u0161i, ka veci cilv\u0113ki smar\u017eo cit\u0101di? Izr\u0101d\u0101s, \u0161\u012b smar\u017ea par\u0101d\u0101s jau sal\u012bdzino\u0161i agr\u0101 vecum\u0101\n                            <\/p>\n<p><\/a><br \/>\n        <a class=\"read-more\" href=\"https:\/\/www.la.lv\/top\" rel=\"nofollow noopener\" target=\"_blank\">Las\u012bt citas zi\u0146as<\/a><\/p>\n<p>K\u0101 jau min\u0113ts, Ilzes valoda ir aizraujo\u0161a, t\u0101p\u0113c turpin\u0101jum\u0101 public\u0113jam v\u0113stuli bez b\u016btiskas redi\u0123\u0113\u0161anas.<\/p>\n<p>\u201cVakar\u0101 virtuv\u0113 gaisma jau bija izsl\u0113gta. Uz galda gul\u0113ja r\u016bp\u012bgi sak\u0101rtota r\u0113\u0137inu un \u010deku kaudz\u012bte. <\/p>\n<p>    CITI \u0160OBR\u012aD LASA<\/p>\n<blockquote><p>M\u0101jas saimnieks K\u0101rlis, kur\u0161 ikdien\u0101 steidzas uz izsaukumiem Valsts ugunsdz\u0113s\u012bbas un gl\u0101b\u0161anas dienest\u0101, un vi\u0146a sieva Ilze, pamatskolas skolot\u0101ja, klus\u0113dami raudz\u012bj\u0101s viens otr\u0101.<\/p><\/blockquote>\n<p>Abi bija savas valsts patrioti ar ma\u0123istra gr\u0101diem kabat\u0101, cilv\u0113ki, kuriem uztic\u0113ti vissvar\u012bg\u0101kie valsts balsti \u2013 dro\u0161\u012bba un izgl\u012bt\u012bba. Vi\u0146iem ir tr\u012bs br\u012bni\u0161\u0137\u012bgi b\u0113rni, kuri visi apmekl\u0113 b\u0113rnud\u0101rzu. Ta\u010du katra m\u0113ne\u0161a beig\u0101s \u0161is skaitlis \u2013 tr\u012bs \u2013 k\u013c\u016bst par smagu matem\u0101tisku vien\u0101dojumu, kam nav atrisin\u0101juma.<\/p>\n<p>M\u0113ne\u0161a matem\u0101tika. Ien\u0101kumi uz pap\u012bra \u0161\u0137iet stabili: kop\u0101 2225 EUR neto (katram vec\u0101kam 1000 EUR alga un 225 EUR valsts pabalsts par trim b\u0113rniem). <\/p>\n<p>Bet tad s\u0101kas realit\u0101te, ko K\u0101rlis vakaros r\u0113\u0137ina uz pap\u012bra lapi\u0146as:.<br \/>-s\u0101kuma summa: 2225 EUR;<br \/>-b\u0113rnud\u0101rza \u0113din\u0101\u0161ana (3 b\u0113rni):  235 EUR (paliek 1990 EUR);<br \/>-p\u0101rtikas veikals (3x ned\u0113\u013c\u0101 pa 50 EUR): 600 EUR (paliek 1390 EUR);<br \/>-dz\u012bvok\u013ca kred\u012bts un komun\u0101lie maks\u0101jumi: 700 EUR (paliek 690 EUR);<br \/>-degviela (2 b\u0101kas): 150 EUR (paliek 540 EUR);<br \/>-medikamenti: 50 EUR (paliek 490 EUR);<br \/>-b\u0113rnu pulci\u0146i: 120 EUR (paliek 370 EUR);<br \/>-apdro\u0161in\u0101\u0161ana un telefoni: 100 EUR (paliek 270 EUR).<\/p>\n<p>\u0160aj\u0101 br\u012bd\u012b vi\u0146u bud\u017eet\u0101 paliek tie\u0161i 270 EUR. Ta\u010du priek\u0161\u0101 v\u0113l ir izmaksas, kuras nav iesp\u0113jams apiet: b\u0113rnu sezonas ap\u0123\u0113rbs un apavi un vec\u0101ku pusdienas darb\u0101. \u0160ie izdevumi burtiski \u201cap\u0113d\u201d atlikumu, un bilance iegrie\u017eas m\u012bnusos.<\/p>\n<blockquote><p>K\u0101rlis atceras savu p\u0113d\u0113jo izsaukumu, gl\u0101bjot sve\u0161as m\u0101jas, kam\u0113r vi\u0146a pa\u0161a \u0123imenes pamati k\u013c\u016bst arvien trausl\u0101ki. Ilze nolai\u017e skatienu.<\/p><\/blockquote>\n<p>\u0160ajos apr\u0113\u0137inos nav vietas ne neparedz\u0113tiem zob\u0101rsta apmekl\u0113jumiem, ne automa\u0161\u012bnas riepu mai\u0146ai pirms ziemas, ne b\u0113rnu k\u0101rotajam na\u0161\u0137im veikal\u0101, nemaz nerun\u0101jot par te\u0101tra izr\u0101di vai ilgi sap\u0146otu kop\u012bgu ce\u013cojumu.Vai t\u0101 ir vidusm\u0113ra latvie\u0161a cien\u012bga dz\u012bve?<\/p>\n<p>\u0160is jaut\u0101jums k\u0101 smags akmens gulstas uz sirds katru reizi, kad j\u0101ver va\u013c\u0101 veikala \u010deks vai j\u0101atsaka b\u0113rnam k\u0101rot\u0101 manti\u0146a. Cilv\u0113ki ar augst\u0101ko izgl\u012bt\u012bbu, kuri dienu un nakti str\u0101d\u0101 sabiedr\u012bbas lab\u0101, j\u016btas non\u0101ku\u0161i izdz\u012bvo\u0161anas re\u017e\u012bm\u0101. Tas ir s\u0101p\u012bg\u0101kais iemesls, k\u0101p\u0113c vi\u0146u vec\u0101ko paaud\u017eu sirdis spie\u017e nemiers par saviem b\u0113rniem. Ja jaunie\u0161i redz, ka vi\u0146u vec\u0101ki ar god\u012bgu, smagu darbu valsts lab\u0101 knapi savelk galus, k\u0101du motiv\u0101ciju tas dod vi\u0146iem? <\/p>\n<p>Ar vair\u0101ku valodu zin\u0101\u0161an\u0101m un modernu skat\u012bjumu uz dz\u012bvi jaunie\u0161iem ir visas durvis va\u013c\u0101 uz \u0101rzem\u0113m. Nav br\u012bnums, ka vi\u0146i izv\u0113las pamest vec\u0101ku m\u0101jas un neredz savu n\u0101kotni Latvij\u0101 \u2013 jo vi\u0146i vienk\u0101r\u0161i negrib dz\u012bvot past\u0101v\u012bg\u0101 finansi\u0101l\u0101 stres\u0101 un bail\u0113s par r\u012btdienu.<\/p>\n<p>Vai j\u016bsu \u0123imenes bud\u017eet\u0101 p\u0113d\u0113j\u0101 gada laik\u0101 ir par\u0101d\u012bju\u0161\u0101s poz\u012bcijas, kuras n\u0101cies sv\u012btrot \u0101r\u0101 cenu pieauguma d\u0113\u013c? <\/p>\n<p>Secin\u0101jums! \u0112din\u0101\u0161ana un p\u0101rtika vien veido vair\u0101k nek\u0101 vienu tre\u0161da\u013cu (37.5%) no visas Ilzes un K\u0101r\u013ca \u0123imenes ikm\u0113ne\u0161a ien\u0101kumiem. Ekonomiskaj\u0101 teorij\u0101 tiek uzskat\u012bts, ka m\u0101jsaimniec\u012bb\u0101s, kur\u0101s p\u0101rtikai t\u0113ri\u0146i p\u0101rsniedz 30% no ien\u0101kumiem, bud\u017eets jau ir pak\u013cauts augstam nabadz\u012bbas riskam, jo p\u0101r\u0113j\u0101m pamatvajadz\u012bb\u0101m (m\u0101joklim, komun\u0101lajiem maks\u0101jumiem, transportam un vesel\u012bbai) paliek p\u0101ri aizvien maz\u0101k resursu. <\/p>\n<blockquote><p>Kam\u0113r Latvij\u0101 \u0123imen\u0113m neb\u016bs adekv\u0101tas proporcijas starp ien\u0101kumiem un izdevumiem. Tikm\u0113r m\u0113s vair\u012bsimies \u0161eit dz\u012bvot, brauksim kalpot cit\u0101m taut\u0101m, kur proporcijas ir sam\u0113r\u012bgas pat str\u0101d\u0101jot telpu uzkop\u0161anas firm\u0101s.\u201d<\/p><\/blockquote>\n<p>Te nu Ilzes v\u0113stule beidzas. Ir palicis skumji, to izlasot. Infl\u0101cija br\u0101\u017eas uz priek\u0161u, bet m\u0113s, vienk\u0101r\u0161ie \u013caudis, tai nesp\u0113jam tikt l\u012bdzi.<\/p>\n<p>Un k\u0101ds ir j\u016bsu \u0123imenes izdz\u012bvo\u0161anas vai dz\u012bvo\u0161anas st\u0101sts? Ja ir laiks un iesp\u0113ja, priec\u0101\u0161os, ja padal\u012bsies, rakstot uz <a href=\"https:\/\/www.la.lv\/cdn-cgi\/l\/email-protection\" class=\"__cf_email__\" data-cfemail=\"d894b1b6bcb9f68cadb6acbd98b4b9f6b4ae\" rel=\"nofollow noopener\" target=\"_blank\">[email\u00a0protected]<\/a>!<\/p>\n<p>T\u0113mas<\/p>\n<p>    SAIST\u012aTIE RAKSTI<\/p>\n","protected":false},"excerpt":{"rendered":"Ilustrat\u012bvs foto: Pexels Pievieno LA.LV Seko WhatsApp Redakcij\u0101 sa\u0146\u0113m\u0101m nedaudz skumju, \u013coti \u201cgar\u0161\u012bg\u0101\u201d valod\u0101 uzrakst\u012btu v\u0113stuli no Ilzes.&hellip;\n","protected":false},"author":2,"featured_media":286763,"comment_status":"","ping_status":"","sticky":false,"template":"","format":"standard","meta":{"footnotes":"","_share_on_mastodon":"0"},"categories":[12],"tags":[23,28,29,32,33,22,30,31,35,39,38,36,37,34,40,20,26,27,24,25,21],"class_list":["post-286762","post","type-post","status-publish","format-standard","has-post-thumbnail","category-latvija","tag-aktualitates","tag-breaking-news","tag-breakingnews","tag-featured-news","tag-featurednews","tag-headlines","tag-latest-news","tag-latestnews","tag-latvia","tag-latvian","tag-latviesu","tag-latviesu-valoda","tag-latviesuvaloda","tag-latvija","tag-lv","tag-news","tag-popularakas-zinas","tag-popularakaszinas","tag-top-stories","tag-topstories","tag-zinas"],"share_on_mastodon":{"url":"https:\/\/pubeurope.com\/@lv\/117222208240782647","error":""},"_links":{"self":[{"href":"https:\/\/www.europesays.com\/lv\/wp-json\/wp\/v2\/posts\/286762","targetHints":{"allow":["GET"]}}],"collection":[{"href":"https:\/\/www.europesays.com\/lv\/wp-json\/wp\/v2\/posts"}],"about":[{"href":"https:\/\/www.europesays.com\/lv\/wp-json\/wp\/v2\/types\/post"}],"author":[{"embeddable":true,"href":"https:\/\/www.europesays.com\/lv\/wp-json\/wp\/v2\/users\/2"}],"replies":[{"embeddable":true,"href":"https:\/\/www.europesays.com\/lv\/wp-json\/wp\/v2\/comments?post=286762"}],"version-history":[{"count":0,"href":"https:\/\/www.europesays.com\/lv\/wp-json\/wp\/v2\/posts\/286762\/revisions"}],"wp:featuredmedia":[{"embeddable":true,"href":"https:\/\/www.europesays.com\/lv\/wp-json\/wp\/v2\/media\/286763"}],"wp:attachment":[{"href":"https:\/\/www.europesays.com\/lv\/wp-json\/wp\/v2\/media?parent=286762"}],"wp:term":[{"taxonomy":"category","embeddable":true,"href":"https:\/\/www.europesays.com\/lv\/wp-json\/wp\/v2\/categories?post=286762"},{"taxonomy":"post_tag","embeddable":true,"href":"https:\/\/www.europesays.com\/lv\/wp-json\/wp\/v2\/tags?post=286762"}],"curies":[{"name":"wp","href":"https:\/\/api.w.org\/{rel}","templated":true}]}}