{"id":286764,"date":"2026-09-06T04:33:19","date_gmt":"2026-09-06T04:33:19","guid":{"rendered":"https:\/\/www.europesays.com\/lv\/286764\/"},"modified":"2026-09-06T04:33:19","modified_gmt":"2026-09-06T04:33:19","slug":"svetdien-latvija-vietam-gaidamas-stipras-lietusgazes-un-perkona-negaiss-la-lv","status":"publish","type":"post","link":"https:\/\/www.europesays.com\/lv\/286764\/","title":{"rendered":"Sv\u0113tdien Latvij\u0101 viet\u0101m gaid\u0101mas stipras lietusg\u0101zes un p\u0113rkona negaiss &#8211; LA.LV"},"content":{"rendered":"<ol>\n<li><a href=\"https:\/\/news.google.com\/rss\/articles\/CBMikwFBVV95cUxPbzc5ODdNaHpNdjlSand2MFNLNU5yQXFnd3VSUDc1ZDhkLXUxR0hkUF9DWWYxUVB4S0QyT202elpRa0dKYVBGNEs3VENINHU3Vmxld3B1eTBfSlZrRUxPU1BFb29mdTZiN3RWc0xTenlncDI2UkE1OE5FaG5CaHdOcGJnSEg2M3EtOEtJbmVyRVNwX1U?oc=5\" target=\"_blank\" rel=\"nofollow noopener\">Sv\u0113tdien Latvij\u0101 viet\u0101m gaid\u0101mas stipras lietusg\u0101zes un p\u0113rkona negaiss<\/a>&nbsp;&nbsp;LA.LV<\/li>\n<li><a href=\"https:\/\/news.google.com\/rss\/articles\/CBMijAFBVV95cUxOOWhhZjVSNWp2WEhQRzFGR1E4NEpYWVBBZ3laOG9WSlo3UGJiajh6WHlfM1NYLVZ1Y1JDb2NucFd5MWxENFJncDlSQjd6eDMyOTBTaUw4djVXZ2lsZEllb1FYWTJmYkoyZ0JEQ3FCd2hxbW9MR2pTRmdjUlJDQklMVjJNc1NvWjkzazQ3Mw?oc=5\" target=\"_blank\" rel=\"nofollow noopener\">Ar\u012b sv\u0113tdiena b\u016bs lietaina<\/a>&nbsp;&nbsp;DELFI<\/li>\n<li><a href=\"https:\/\/news.google.com\/rss\/articles\/CBMinwFBVV95cUxQX3R3R29WUDNpb2pJd2lCSDBMbXRCSzI2em9KVmk4Ql8xSTBmODJnVUlRaWNxc3RnS0J5YWxab3BkMS1ZbW5PZ0ZkYjlTenJGOEtFWmFNQUR4RFVWcVgzQ0xfb25hRWlnSl9MdFM2cXZXcWhZaUhLTi0yZmtIMVhuR21adHlkZ3poc0Zib2J5Q2tLR0trSUNlVG5zMEwtaTA?oc=5\" target=\"_blank\" rel=\"nofollow noopener\">Ar\u012b sv\u0113tdien viet\u0101m gaid\u0101ms lietus \/ Raksts<\/a>&nbsp;&nbsp;LSM<\/li>\n<li><a href=\"https:\/\/news.google.com\/rss\/articles\/CBMibEFVX3lxTFBrUXF2RXRjdlBLSS1iWkdyT2VVM20zeXRVYUd5cko4aEo5dlhFU1Y5aXY2cGxieEJrdzBnSmViMm9jZGxVbTVvemszQVlCQ3ZpN0c2Rm91cnc0QXZUVWM2S3FlVWxZVFNTcVNvdg?oc=5\" target=\"_blank\" rel=\"nofollow noopener\">Ar\u012b sv\u0113tdien viet\u0101m gaid\u0101ms lietus<\/a>&nbsp;&nbsp;press.lv<\/li>\n<li><a href=\"https:\/\/news.google.com\/rss\/articles\/CBMitgFBVV95cUxPekpfQi1iaFZIYThHaUVLbENhaDAzNjhMS0xIQVNhelI0ejFPOFhzdFVyNTY4Z3h0N0U5SzJTQTJBNnExaFlEOFFuNmpkU1ZWSFFWUjhrcW1VOTIway04NHIwZERSMU5EclNBWDRleC1CQXVvN09KOVN0bEMxYVRISm01eVpWS2I4c21Ydm05ckxGUHhibDZRc29tbVZlXzV4cEdtOTljMkc0WGFNVXdjLVN1ZFYtdw?oc=5\" target=\"_blank\" rel=\"nofollow noopener\">Sv\u0113tdien laikapst\u0101k\u013ci Latvij\u0101 nedaudz main\u012bsies \u2013 vai vasara v\u0113l mums pateiks ardievas<\/a>&nbsp;&nbsp;Dzentlmenis.lv<\/li>\n<\/ol>\n","protected":false},"excerpt":{"rendered":"Sv\u0113tdien Latvij\u0101 viet\u0101m gaid\u0101mas stipras lietusg\u0101zes un p\u0113rkona negaiss&nbsp;&nbsp;LA.LV Ar\u012b sv\u0113tdiena b\u016bs lietaina&nbsp;&nbsp;DELFI Ar\u012b sv\u0113tdien viet\u0101m gaid\u0101ms lietus&hellip;\n","protected":false},"author":2,"featured_media":286765,"comment_status":"","ping_status":"","sticky":false,"template":"","format":"standard","meta":{"footnotes":"","_share_on_mastodon":"0"},"categories":[12],"tags":[23,28,29,32,33,22,30,31,35,39,38,36,37,34,40,20,26,27,24,25,21],"class_list":["post-286764","post","type-post","status-publish","format-standard","has-post-thumbnail","category-latvija","tag-aktualitates","tag-breaking-news","tag-breakingnews","tag-featured-news","tag-featurednews","tag-headlines","tag-latest-news","tag-latestnews","tag-latvia","tag-latvian","tag-latviesu","tag-latviesu-valoda","tag-latviesuvaloda","tag-latvija","tag-lv","tag-news","tag-popularakas-zinas","tag-popularakaszinas","tag-top-stories","tag-topstories","tag-zinas"],"share_on_mastodon":{"url":"https:\/\/pubeurope.com\/@lv\/117222231816385276","error":""},"_links":{"self":[{"href":"https:\/\/www.europesays.com\/lv\/wp-json\/wp\/v2\/posts\/286764","targetHints":{"allow":["GET"]}}],"collection":[{"href":"https:\/\/www.europesays.com\/lv\/wp-json\/wp\/v2\/posts"}],"about":[{"href":"https:\/\/www.europesays.com\/lv\/wp-json\/wp\/v2\/types\/post"}],"author":[{"embeddable":true,"href":"https:\/\/www.europesays.com\/lv\/wp-json\/wp\/v2\/users\/2"}],"replies":[{"embeddable":true,"href":"https:\/\/www.europesays.com\/lv\/wp-json\/wp\/v2\/comments?post=286764"}],"version-history":[{"count":0,"href":"https:\/\/www.europesays.com\/lv\/wp-json\/wp\/v2\/posts\/286764\/revisions"}],"wp:featuredmedia":[{"embeddable":true,"href":"https:\/\/www.europesays.com\/lv\/wp-json\/wp\/v2\/media\/286765"}],"wp:attachment":[{"href":"https:\/\/www.europesays.com\/lv\/wp-json\/wp\/v2\/media?parent=286764"}],"wp:term":[{"taxonomy":"category","embeddable":true,"href":"https:\/\/www.europesays.com\/lv\/wp-json\/wp\/v2\/categories?post=286764"},{"taxonomy":"post_tag","embeddable":true,"href":"https:\/\/www.europesays.com\/lv\/wp-json\/wp\/v2\/tags?post=286764"}],"curies":[{"name":"wp","href":"https:\/\/api.w.org\/{rel}","templated":true}]}}