{"id":286766,"date":"2026-09-06T04:34:12","date_gmt":"2026-09-06T04:34:12","guid":{"rendered":"https:\/\/www.europesays.com\/lv\/286766\/"},"modified":"2026-09-06T04:34:12","modified_gmt":"2026-09-06T04:34:12","slug":"lietusgazes-perkons-un-brazmains-vejs-sinoptiki-prognoze-nemierigu-svetdienu","status":"publish","type":"post","link":"https:\/\/www.europesays.com\/lv\/286766\/","title":{"rendered":"Lietusg\u0101zes, p\u0113rkons un br\u0101zmains v\u0113j\u0161 \u2013 sinopti\u0137i prognoz\u0113 nemier\u012bgu sv\u0113tdienu"},"content":{"rendered":"<p style=\"text-align: justify;\">Sv\u0113tdien debesis b\u016bs m\u0101ko\u0146ainas, bet br\u012b\u017eiem ar\u012b uzsp\u012bd\u0113s saule. Nakt\u012b daudzviet, bet dien\u0101 viet\u0101m palaikam gaid\u0101ms lietus, viet\u0101m iesp\u0113jams ar\u012b p\u0113rkona negaiss, ko pavad\u012bs stipras lietusg\u0101zes, v\u0113sta Latvijas Vides, \u0123eolo\u0123ijas un meteorolo\u0123ijas centr\u0101.<\/p>\n<p style=\"text-align: justify;\">P\u016bt\u012bs l\u0113ns l\u012bdz m\u0113rens rietumu, zieme\u013crietumu v\u0113j\u0161, dienas laik\u0101 l\u012b\u010da piekrast\u0113 un Latgal\u0113 br\u0101zm\u0101s pastiprinoties l\u012bdz 15-16 m\/s. Nakt\u012b gaiss atdzis\u012bs l\u012bdz +10\u2026+15\u00b0, bet dien\u0101 termometra stabi\u0146\u0161 pak\u0101psies l\u012bdz +15\u2026+18\u00b0 atz\u012bmei.<\/p>\n<p style=\"text-align: justify;\">Pirmdien\u00a0debesis kl\u0101s main\u012bgs m\u0101ko\u0146u daudzums. M\u0101ko\u0146i nakt\u012b viet\u0101m atnes\u012bs \u012bslaic\u012bgu lietu, lok\u0101li past\u0101v iesp\u0113jam\u012bba dzird\u0113t ar\u012b p\u0113rkona d\u0101rdus, savuk\u0101rt diena aizrit\u0113s bez b\u016btiskiem nokri\u0161\u0146iem. P\u016bt\u012bs l\u0113ns l\u012bdz m\u0113rens rietumu, zieme\u013crietumu v\u0113j\u0161, kas nakts stund\u0101s l\u012b\u010da piekrast\u0113 br\u0101zm\u0101s sasniegs l\u012bdz 15 m\/s. Nakt\u012b gaiss atdzis\u012bs l\u012bdz +8\u2026+11\u00b0, piekrast\u0113 par p\u0101ris gr\u0101diem silt\u0101ks, tur +12\u2026+16\u00b0, bet dien\u0101 gaiss iesils l\u012bdz +17\u2026+21\u00b0.<\/p>\n<p style=\"text-align: justify;\">Ar\u012b\u00a0otrdien\u00a0saule m\u012bsies ar m\u0101ko\u0146iem, kas p\u0113cpusdien\u0101 daudzviet rietumu un centr\u0101lajos rajonos nes\u012bs lietu. P\u016bt\u012bs l\u0113ns l\u012bdz m\u0113rens dienvidu puses v\u0113j\u0161, un gaiss iesils l\u012bdz\u012bg\u0101s robe\u017e\u0101s k\u0101 iepriek\u0161\u0113j\u0101s dien\u0101s.<\/p>\n<p style=\"text-align: justify;\">Ned\u0113\u013cas turpin\u0101jum\u0101\u00a0laikapst\u0101k\u013cus ietekm\u0113s ciklona darb\u012bba, kas no jauna s\u0101ks pietuvoties Latvijas teritorijai, t\u0101p\u0113c debesis bie\u017ei apm\u0101ksies un nokri\u0161\u0146i k\u0101d\u0101 br\u012bd\u012b b\u016bs nov\u0113rojumi teju visos re\u0123ionos. Dien\u0101s laiks joproj\u0101m b\u016bs sal\u012bdzino\u0161i silts, viet\u0101m gaisam iesilstot l\u012bdz +16\u2026+21\u00b0. P\u016bt\u012bs l\u0113ns l\u012bdz m\u0113rens v\u0113j\u0161, kas galvenok\u0101rt piekrastes rajonos var k\u013c\u016bt br\u0101zmains.<\/p>\n<p style=\"text-align: justify;\"><a href=\"https:\/\/bnn.lv\/bnn-fokusa-ka-iesist-liderim-rajevskis-skaidro-prieksvelesanu-cinu-koalicija\/\" rel=\"nofollow noopener\" target=\"_blank\">Lasiet ar\u012b: BNN fokus\u0101 | \u201cK\u0101 iesist l\u012bderim?\u201d Rajevskis skaidro priek\u0161v\u0113l\u0113\u0161anu c\u012b\u0146u koal\u012bcij\u0101<\/a><\/p>\n<p>Seko mums ar\u012b\u00a0<a href=\"https:\/\/www.facebook.com\/bnnlv\" rel=\"nofollow noopener\" target=\"_blank\">Facebook<\/a>,\u00a0<a href=\"https:\/\/www.draugiem.lv\/bnn.lv\/\" rel=\"nofollow noopener\" target=\"_blank\">Draugiem<\/a>\u00a0un\u00a0<a href=\"https:\/\/twitter.com\/home\" rel=\"nofollow noopener\" target=\"_blank\">X<\/a><\/p>\n<p><script async src=\"https:\/\/platform.twitter.com\/widgets.js\" charset=\"utf-8\"><\/script><\/p>\n","protected":false},"excerpt":{"rendered":"Sv\u0113tdien debesis b\u016bs m\u0101ko\u0146ainas, bet br\u012b\u017eiem ar\u012b uzsp\u012bd\u0113s saule. Nakt\u012b daudzviet, bet dien\u0101 viet\u0101m palaikam gaid\u0101ms lietus, viet\u0101m&hellip;\n","protected":false},"author":2,"featured_media":286767,"comment_status":"","ping_status":"","sticky":false,"template":"","format":"standard","meta":{"footnotes":"","_share_on_mastodon":"0"},"categories":[5],"tags":[23,28,29,26202,32,33,22,152,30,31,35,39,38,36,37,34,40,20,26,27,25884,24,25,21],"class_list":["post-286766","post","type-post","status-publish","format-standard","has-post-thumbnail","category-aktualitates","tag-aktualitates","tag-breaking-news","tag-breakingnews","tag-brivdienu-laikapstakli","tag-featured-news","tag-featurednews","tag-headlines","tag-laika-prognoze","tag-latest-news","tag-latestnews","tag-latvia","tag-latvian","tag-latviesu","tag-latviesu-valoda","tag-latviesuvaloda","tag-latvija","tag-lv","tag-news","tag-popularakas-zinas","tag-popularakaszinas","tag-svarigi","tag-top-stories","tag-topstories","tag-zinas"],"share_on_mastodon":{"url":"https:\/\/pubeurope.com\/@lv\/117222235664824931","error":""},"_links":{"self":[{"href":"https:\/\/www.europesays.com\/lv\/wp-json\/wp\/v2\/posts\/286766","targetHints":{"allow":["GET"]}}],"collection":[{"href":"https:\/\/www.europesays.com\/lv\/wp-json\/wp\/v2\/posts"}],"about":[{"href":"https:\/\/www.europesays.com\/lv\/wp-json\/wp\/v2\/types\/post"}],"author":[{"embeddable":true,"href":"https:\/\/www.europesays.com\/lv\/wp-json\/wp\/v2\/users\/2"}],"replies":[{"embeddable":true,"href":"https:\/\/www.europesays.com\/lv\/wp-json\/wp\/v2\/comments?post=286766"}],"version-history":[{"count":0,"href":"https:\/\/www.europesays.com\/lv\/wp-json\/wp\/v2\/posts\/286766\/revisions"}],"wp:featuredmedia":[{"embeddable":true,"href":"https:\/\/www.europesays.com\/lv\/wp-json\/wp\/v2\/media\/286767"}],"wp:attachment":[{"href":"https:\/\/www.europesays.com\/lv\/wp-json\/wp\/v2\/media?parent=286766"}],"wp:term":[{"taxonomy":"category","embeddable":true,"href":"https:\/\/www.europesays.com\/lv\/wp-json\/wp\/v2\/categories?post=286766"},{"taxonomy":"post_tag","embeddable":true,"href":"https:\/\/www.europesays.com\/lv\/wp-json\/wp\/v2\/tags?post=286766"}],"curies":[{"name":"wp","href":"https:\/\/api.w.org\/{rel}","templated":true}]}}