{"id":286770,"date":"2026-09-06T04:45:14","date_gmt":"2026-09-06T04:45:14","guid":{"rendered":"https:\/\/www.europesays.com\/lv\/286770\/"},"modified":"2026-09-06T04:45:14","modified_gmt":"2026-09-06T04:45:14","slug":"latvija-dazos-solos-varetu-zaudet-kontroli-par-airbaltic-daudzas-lietas-var-noiet-greizi","status":"publish","type":"post","link":"https:\/\/www.europesays.com\/lv\/286770\/","title":{"rendered":"Latvija da\u017eos so\u013cos var\u0113tu zaud\u0113t kontroli p\u0101r \u201cairBaltic\u201d: \u201cDaudzas lietas var noiet greizi\u201d"},"content":{"rendered":"<p>    <img decoding=\"async\" src=\"https:\/\/www.europesays.com\/lv\/wp-content\/uploads\/2026\/09\/2024_04_22_airBaltic_Pop-up_Flights-800x534.jpg\" alt=\"&#10;\"\/><\/p>\n<p>Publicit\u0101tes foto.\n<\/p>\n<p>                                                <a href=\"https:\/\/news.google.com\/publications\/CAAqHQgKIhdDQklTQ3dnTWFnY0tCV3hoTG14MktBQVAB?hl=lv&amp;gl=LV&amp;ceid=LV%3Alv\" target=\"_blank\" style=\"font-family:SF Pro Display, Roboto, serif;font-size:12px;font-weight:bold;text-transform:uppercase;color:#000;text-decoration:none;line-height:34px;height:32px;display:block\" rel=\"nofollow noopener\"><br \/>\n                            Pievieno LA.LV<br \/>\n                            <img loading=\"lazy\" decoding=\"async\" src=\"https:\/\/www.la.lv\/assets\/images\/icon\/logo-google.svg\" style=\"margin-left:4px;vertical-align: -5px;\" width=\"18\" height=\"18\"\/><br \/>\n                        <\/a><br \/>\n                                                                        <a href=\"https:\/\/whatsapp.com\/channel\/0029VbCMJEF2v1IwTt54UN0u\" target=\"_blank\" class=\"whatsapp-channel-follow\" rel=\"nofollow noopener\"><br \/>\n                            Seko WhatsApp<\/p>\n<p>                        <\/a><\/p>\n<p>Latvijas nacion\u0101l\u0101s aviokomp\u0101nijas \u201cairBaltic\u201d finan\u0161u situ\u0101cijai \u0161obr\u012bd tiek piev\u0113rsta pastiprin\u0101ta uzman\u012bba, un p\u0113c zi\u0146\u0101m par l\u012bdz pat 257 miljonu eiro starpfinans\u0113jumu soci\u0101lajos t\u012bklos s\u0101ku\u0161\u0101s diskusijas ar\u012b par to, kam p\u0113c uz\u0146\u0113muma restrukturiz\u0101cijas n\u0101kotn\u0113 var\u0113tu pieder\u0113t aviokomp\u0101nija.<\/p>\n<p>        Las\u012bt\u0101kie<br \/>\n        <a data-imagesrc=\"{&quot;300&quot;:&quot;https:\\\/\\\/lastatic.ams3.cdn.digitaloceanspaces.com\\\/2026\\\/07\\\/pexels-karola-g-4750373-300x200.jpg&quot;,&quot;1024&quot;:&quot;https:\\\/\\\/lastatic.ams3.cdn.digitaloceanspaces.com\\\/2026\\\/07\\\/pexels-karola-g-4750373-1024x683.jpg&quot;,&quot;1536&quot;:&quot;https:\\\/\\\/lastatic.ams3.cdn.digitaloceanspaces.com\\\/2026\\\/07\\\/pexels-karola-g-4750373-1536x1024.jpg&quot;,&quot;500&quot;:&quot;https:\\\/\\\/lastatic.ams3.cdn.digitaloceanspaces.com\\\/2026\\\/07\\\/pexels-karola-g-4750373-500x333.jpg&quot;,&quot;800&quot;:&quot;https:\\\/\\\/lastatic.ams3.cdn.digitaloceanspaces.com\\\/2026\\\/07\\\/pexels-karola-g-4750373-800x533.jpg&quot;,&quot;2560&quot;:&quot;https:\\\/\\\/lastatic.ams3.cdn.digitaloceanspaces.com\\\/2026\\\/07\\\/pexels-karola-g-4750373-scaled.jpg&quot;}\" data-focuspoint=\"&quot;&quot;\" data-p=\"2604493\" href=\"https:\/\/www.la.lv\/rudens-sakuma-ienes-so-augu-majas-senak-ticeja-ka-tas-pasarga-no-launuma-un-nelaimem\" class=\"content-item lazy-load\" wp_automatic_readability=\"26.5\" rel=\"nofollow noopener\" target=\"_blank\"><\/p>\n<p>                                <img decoding=\"async\" src=\"\" alt=\"\" style=\"\" data-imageid=\"\"\/><\/p>\n<p>                                Kokteilis<\/p>\n<p>\n                                                                                Rudens s\u0101kum\u0101 ienesiet \u0161o augu m\u0101j\u0101s! Sen\u0101k tic\u0113ja, ka tas pasarg\u0101 no \u013caunuma un nelaim\u0113m\n                            <\/p>\n<p><\/a><a data-imagesrc=\"{&quot;300&quot;:&quot;https:\\\/\\\/lastatic.ams3.cdn.digitaloceanspaces.com\\\/2026\\\/09\\\/Gemini_Generated_Image_feqimfeqimfeqimf-300x191.jpg&quot;,&quot;1024&quot;:&quot;https:\\\/\\\/lastatic.ams3.cdn.digitaloceanspaces.com\\\/2026\\\/09\\\/Gemini_Generated_Image_feqimfeqimfeqimf-1024x652.jpg&quot;,&quot;1536&quot;:&quot;https:\\\/\\\/lastatic.ams3.cdn.digitaloceanspaces.com\\\/2026\\\/09\\\/Gemini_Generated_Image_feqimfeqimfeqimf-1536x978.jpg&quot;,&quot;500&quot;:&quot;https:\\\/\\\/lastatic.ams3.cdn.digitaloceanspaces.com\\\/2026\\\/09\\\/Gemini_Generated_Image_feqimfeqimfeqimf-500x318.jpg&quot;,&quot;800&quot;:&quot;https:\\\/\\\/lastatic.ams3.cdn.digitaloceanspaces.com\\\/2026\\\/09\\\/Gemini_Generated_Image_feqimfeqimfeqimf-800x509.jpg&quot;,&quot;2528&quot;:&quot;https:\\\/\\\/lastatic.ams3.cdn.digitaloceanspaces.com\\\/2026\\\/09\\\/Gemini_Generated_Image_feqimfeqimfeqimf.jpg&quot;}\" data-focuspoint=\"&quot;&quot;\" data-p=\"2603260\" href=\"https:\/\/www.la.lv\/tests-vai-vai-pateikt-kurs-no-zidainiem-ir-meitene-90-cilveku-atbild-nepareizi\" class=\"content-item lazy-load\" wp_automatic_readability=\"26.5\" rel=\"nofollow noopener\" target=\"_blank\"><\/p>\n<p>                                <img decoding=\"async\" src=\"\" alt=\"\" style=\"\" data-imageid=\"\"\/><\/p>\n<p>                                Kokteilis<\/p>\n<p>\n                                                                                TESTS. Vai vari pateikt, kur\u0161 no z\u012bdai\u0146iem ir meitene? 90% cilv\u0113ku atbild nepareizi\n                            <\/p>\n<p><\/a><a data-imagesrc=\"{&quot;300&quot;:&quot;https:\\\/\\\/lastatic.ams3.cdn.digitaloceanspaces.com\\\/2026\\\/07\\\/LET_24778954-300x201.jpg&quot;,&quot;1024&quot;:&quot;https:\\\/\\\/lastatic.ams3.cdn.digitaloceanspaces.com\\\/2026\\\/07\\\/LET_24778954-1024x686.jpg&quot;,&quot;1536&quot;:&quot;https:\\\/\\\/lastatic.ams3.cdn.digitaloceanspaces.com\\\/2026\\\/07\\\/LET_24778954-1536x1029.jpg&quot;,&quot;500&quot;:&quot;https:\\\/\\\/lastatic.ams3.cdn.digitaloceanspaces.com\\\/2026\\\/07\\\/LET_24778954-500x335.jpg&quot;,&quot;800&quot;:&quot;https:\\\/\\\/lastatic.ams3.cdn.digitaloceanspaces.com\\\/2026\\\/07\\\/LET_24778954-800x536.jpg&quot;,&quot;2560&quot;:&quot;https:\\\/\\\/lastatic.ams3.cdn.digitaloceanspaces.com\\\/2026\\\/07\\\/LET_24778954-scaled.jpg&quot;}\" data-focuspoint=\"&quot;&quot;\" data-p=\"2604454\" href=\"https:\/\/www.la.lv\/esat-pamanijusi-ka-veci-cilveki-smarzo-citadi-izradas-tam-nav-itin-nekadas-saistibas-ar-higienu\" class=\"content-item lazy-load\" wp_automatic_readability=\"27.5\" rel=\"nofollow noopener\" target=\"_blank\"><\/p>\n<p>                                <img decoding=\"async\" src=\"\" alt=\"\" style=\"\" data-imageid=\"\"\/><\/p>\n<p>                                Veselam<\/p>\n<p>\n                                                                                Esat paman\u012bju\u0161i, ka veci cilv\u0113ki smar\u017eo cit\u0101di? Izr\u0101d\u0101s, \u0161\u012b smar\u017ea par\u0101d\u0101s jau sal\u012bdzino\u0161i agr\u0101 vecum\u0101\n                            <\/p>\n<p><\/a><br \/>\n        <a class=\"read-more\" href=\"https:\/\/www.la.lv\/top\" rel=\"nofollow noopener\" target=\"_blank\">Las\u012bt citas zi\u0146as<\/a><\/p>\n<p>Pla\u0161u iev\u0113r\u012bbu platform\u0101 \u201cX\u201d guvis konta \u201cBaltic Capital Investments\u201d (@OMXBB_Explorer) public\u0113ts scen\u0101rijs, kura autors prognoz\u0113, ka p\u0113c iesp\u0113jam\u0101s par\u0101du restrukturiz\u0101cijas par \u201cairBaltic\u201d liel\u0101kajiem \u012bpa\u0161niekiem var\u0113tu k\u013c\u016bt \u201cPolus Capital Management\u201d un \u201cKlirmark Capital\u201d. <\/p>\n<p>Ar \u0161o ierakstu dal\u012bju\u0161ies ar\u012b daudzi latvie\u0161i, piem\u0113ram, Lato Lapsa nor\u0101da: \u201cIesaku izlas\u012bt. No\u017e\u0113lojami, protams, ka to izst\u0101sta k\u0101da Latvijas amatpersona, ne jau vis\u0101di tur \u201cgod\u012bgie karginomisti\u201d un taml\u012bdz\u012bgie. Bet nu labi, ka vismaz k\u0101ds to izst\u0101sta \u2013 l\u012bdz pa\u0161\u0101m iecer\u0113taj\u0101m procesa beig\u0101m. Un t\u0101s ir \u0161\u0101das. \u201cNacion\u0101l\u0101s aviokomp\u0101nijas\u201d sapnis b\u016bs beidzies. V\u0113l viens apliecin\u0101jums \u201cfailed state\u201d.\u201d<\/p>\n<p>    CITI \u0160OBR\u012aD LASA<\/p>\n<p>\u201cBaltijas iedz\u012bvot\u0101ji \u2013 iepaz\u012bstieties ar saviem jaunajiem airBaltic \u012bpa\u0161niekiem: Polus Capital un Klirmark Capital,\u201d raksta ieraksta autors, p\u0113c tam izkl\u0101stot savu versiju par to, k\u0101 finan\u0161u restrukturiz\u0101cija var\u0113tu notikt.<\/p>\n<p>Svar\u012bga piebilde \u2013 t\u0101 nav \u201cairBaltic\u201d, Latvijas vald\u012bbas vai investoru ofici\u0101li izzi\u0146ota n\u0101kotnes \u012bpa\u0161nieku strukt\u016bra. Tas ir soci\u0101laj\u0101 t\u012bkl\u0101 public\u0113ts autora apr\u0113\u0137ins un prognoze par iesp\u0113jamo restrukturiz\u0101cijas izn\u0101kumu.<\/p>\n<p>Kas \u0161obr\u012bd ir zin\u0101ms ofici\u0101li?<\/p>\n<p>\u201cairBaltic\u201d ir vienojusies ar atsevi\u0161\u0137iem eso\u0161ajiem oblig\u0101ciju tur\u0113t\u0101jiem un finans\u0113juma nodro\u0161in\u0101t\u0101jiem par starpfinans\u0113jumu l\u012bdz 257 miljoniem eiro. To paredz\u0113ts piesaist\u012bt ar jaun\u0101m augst\u0101k\u0101s priorit\u0101tes jeb \u201csuper senior\u201d oblig\u0101cij\u0101m, kuru procentu likme b\u016btu 25% gad\u0101 un dz\u0113\u0161anas termi\u0146\u0161 \u2013 2027. gada 26. febru\u0101ris. <\/p>\n<p>Dar\u012bjum\u0101 b\u016btiska loma paredz\u0113ta London\u0101 b\u0101z\u0113tajam \u201cPolus Capital Management\u201d un Izra\u0113l\u0101 re\u0123istr\u0113tajam \u201cKlirmark Capital 4\u201d. P\u0113c nepiecie\u0161amo apstiprin\u0101jumu sa\u0146em\u0161anas s\u0101kotn\u0113ji paredz\u0113ts nodro\u0161in\u0101t 180 miljonus eiro, bet v\u0113l 77 miljoni b\u016btu pieejami p\u0113c papildu nosac\u012bjumu izpildes. Finans\u0113juma priek\u0161likums v\u0113l j\u0101apstiprina, un oblig\u0101ciju tur\u0113t\u0101ju sapulce paredz\u0113ta 11. septembr\u012b. <\/p>\n<p>Pa\u0161laik \u201cairBaltic\u201d liel\u0101kais \u012bpa\u0161nieks joproj\u0101m ir Latvijas valsts ar 88,37% balssties\u012bbu. \u201cDeutsche Lufthansa AG\u201d pieder 10%, bet p\u0101r\u0113jiem priv\u0101tajiem akcion\u0101riem \u2013 1,63%. <\/p>\n<p>T\u0101d\u0113\u013c apgalvojums, ka \u201cPolus\u201d un \u201cKlirmark\u201d jau ir jaunie \u201cairBaltic\u201d \u012bpa\u0161nieki, \u0161obr\u012bd neb\u016btu pareizs.<\/p>\n<p>K\u0101du scen\u0101riju prognoz\u0113 \u201cBaltic Capital Investments\u201d?<\/p>\n<p>Ieraksta autors s\u0101k ar pa\u0161a veidotu \u013coti aptuvenu \u201cairBaltic\u201d bilances apl\u0113si, to ar\u012b skaidri nosaucot par \u201cguesstimate\u201d jeb aptuvenu min\u0113jumu.<\/p>\n<p>Vi\u0146\u0161 r\u0113\u0137ina, ka uz\u0146\u0113mumam pa\u0161laik var\u0113tu b\u016bt negat\u012bvs pa\u0161u kapit\u0101ls aptuveni 250 miljonu eiro apm\u0113r\u0101, ap 395 miljoniem priorit\u0101ro oblig\u0101ciju, aptuveni 140 miljonu citu aiz\u0146\u0113mumu, iev\u0113rojamas lidma\u0161\u012bnu nomas saist\u012bbas un tikai ap 30 miljoniem eiro naudas l\u012bdzek\u013cu.<\/p>\n<p>Pirmais solis \u2013 jauna nauda<\/p>\n<p>Autora ieskat\u0101 vispirms eso\u0161ajiem oblig\u0101ciju tur\u0113t\u0101jiem b\u016btu j\u0101piekr\u012bt restrukturiz\u0101cijas pl\u0101nam un tiktu izveidots jaunais augst\u0101k\u0101s priorit\u0101tes finans\u0113jums.<\/p>\n<p>Vi\u0146a scen\u0101rij\u0101 investoru konsorcijs s\u0101kotn\u0113ji ieguld\u012btu 150 miljonus eiro, bet Latvijas valsts \u2013 v\u0113l 30 miljonus.<\/p>\n<p>Otrais un tre\u0161ais solis \u2013 par\u0101di un gr\u016bt\u0101 ziema<\/p>\n<p>T\u0101l\u0101k \u201cBaltic Capital Investments\u201d autors pie\u013cauj, ka \u201cairBaltic\u201d ar piesaist\u012bto naudu atmaks\u0101tu da\u013cu pa\u0161reiz\u0113jo aiz\u0146\u0113mumu, tostarp iepriek\u0161 sa\u0146emto finans\u0113jumu.<\/p>\n<p>P\u0113c tam uz\u0146\u0113mumam b\u016btu j\u0101p\u0101rvar ziemas sezona, j\u0101samaks\u0101 pieg\u0101d\u0101t\u0101jiem un j\u0101piesaista atlikus\u012b finans\u0113juma da\u013ca \u2013 77 miljoni eiro.<\/p>\n<p>Tie\u0161i 77 miljonu eiro otr\u0101 finans\u0113juma da\u013ca sakr\u012bt ar publiski izzi\u0146oto \u201cairBaltic\u201d starpfinans\u0113juma strukt\u016bru \u2013 180 miljoni s\u0101kum\u0101 un l\u012bdz 77 miljoniem v\u0113l\u0101k p\u0113c noteiktu nosac\u012bjumu izpildes. <\/p>\n<p>No flotes pazustu 18 lidma\u0161\u012bnas<\/p>\n<p>N\u0101kamaj\u0101 posm\u0101 autors prognoz\u0113, ka \u201cairBaltic\u201d atbr\u012bvotos no 18 lidma\u0161\u012bn\u0101m, t\u0101d\u0113j\u0101di b\u016btiski samazinot ar lidapar\u0101tu nomu saist\u012bt\u0101s saist\u012bbas.<\/p>\n<p>\u0160\u012b prognozes da\u013ca nav atrauta no realit\u0101tes. \u201cairBaltic\u201d jaunais biznesa pl\u0101ns patie\u0161\u0101m paredz iev\u0113rojami samazin\u0101t Airbus A220-300 floti \u2013 no aptuveni 54 lidma\u0161\u012bn\u0101m l\u012bdz aptuveni 36 lidapar\u0101tiem 2026. gada beig\u0101s. <\/p>\n<p>Tom\u0113r soci\u0101l\u0101 t\u012bkla autora apgalvojumi par konkr\u0113to lidapar\u0101tu atdo\u0161anas izmaksu seg\u0161anu un atsevi\u0161\u0137u l\u012bgumu izbeig\u0161anos ir vi\u0146a model\u0113juma da\u013ca, nevis \u0161obr\u012bd ofici\u0101li apstiprin\u0101ts dar\u012bjuma meh\u0101nisms.<\/p>\n<p>Iz\u0161\u0137iro\u0161ais solis \u2013 par\u0101dus p\u0101rv\u0113r\u0161 akcij\u0101s<\/p>\n<p>Tie\u0161i \u0161eit autora scen\u0101rijs k\u013c\u016bst visinteresant\u0101kais.<\/p>\n<p>Vi\u0146\u0161 prognoz\u0113, ka aptuveni 285 miljoni eiro no pa\u0161reiz\u0113j\u0101m priorit\u0101raj\u0101m oblig\u0101cij\u0101m var\u0113tu tikt p\u0101rv\u0113rsti uz\u0146\u0113muma kapit\u0101l\u0101, bet oblig\u0101ciju tur\u0113t\u0101ji papildus ieguld\u012btu v\u0113l aptuveni 100 miljonus eiro.<\/p>\n<p>P\u0113c tam, p\u0113c vi\u0146a apl\u0113s\u0113m, ar\u012b jaunais \u201csuper senior\u201d finans\u0113jums var\u0113tu tikt konvert\u0113ts kapit\u0101l\u0101.<\/p>\n<p>Ja \u0161\u0101da par\u0101du kapitaliz\u0101cija patie\u0161\u0101m notiktu autora paredz\u0113taj\u0101 apm\u0113r\u0101, pa\u0161reiz\u0113j\u0101s akcijas tiktu iev\u0113rojami at\u0161\u0137aid\u012btas un l\u012bdz ar to b\u016btiski main\u012btos ar\u012b uz\u0146\u0113muma \u012bpa\u0161nieku strukt\u016bra.<\/p>\n<p>Valstij paliktu tikai 10%?<\/p>\n<p>\u201cBaltic Capital Investments\u201d autora gala scen\u0101rij\u0101 \u201cairBaltic\u201d \u012bpa\u0161nieku strukt\u016bra p\u0113c restrukturiz\u0101cijas izskat\u012btos \u0161\u0101di: \u201cPolus Capital\u201d un \u201cKlirmark Capital\u201d \u2013 aptuveni 60%; pa\u0161reiz\u0113jie oblig\u0101ciju tur\u0113t\u0101ji \u2013 aptuveni 30%; Latvijas valsts \u2013 aptuveni 10%.<\/p>\n<p>Turkl\u0101t autors piebilst: ja \u201cPolus\u201d un \u201cKlirmark\u201d jau iepriek\u0161 tirg\u016b ir ieg\u0101d\u0101ju\u0161ies da\u013cu eso\u0161o \u201cairBaltic\u201d oblig\u0101ciju, abu investoru kop\u0113j\u0101 l\u012bdzdal\u012bba var\u0113tu b\u016bt v\u0113l liel\u0101ka \u2013 70% vai pat 75%, bet p\u0101r\u0113jo oblig\u0101ciju tur\u0113t\u0101ju da\u013ca attiec\u012bgi samazin\u0101tos.<\/p>\n<p>\u201cDaudzas lietas var noiet greizi\u201d<\/p>\n<p>Interesanti, ka ar\u012b pats anal\u012bzes autors savu scen\u0101riju nepasniedz k\u0101 notiku\u0161u faktu.<\/p>\n<p>Vi\u0146\u0161 l\u0113\u0161, ka p\u0113c restrukturiz\u0101cijas \u201cairBaltic\u201d gada ie\u0146\u0113mumi var\u0113tu b\u016bt ap 600 miljoniem eiro, bet EBITDAR \u2013 aptuveni 110 miljoni eiro. Papildu ieguvums var\u0113tu rasties, ja izdotos nodot vai p\u0101rdot n\u0101kotn\u0113 paredz\u0113t\u0101s \u201cAirbus\u201d lidma\u0161\u012bnu pieg\u0101des.<\/p>\n<p>Ta\u010du ierakstu virkni autors nosl\u0113dz ar b\u016btisku atrunu \u2013 \u201cdaudzas lietas var noiet greizi\u201d, aicinot pie \u0161\u012bm prognoz\u0113m atgriezties 2027. gada pirmaj\u0101 ceturksn\u012b.<\/p>\n<p>Tikm\u0113r jaut\u0101jums par \u201cairBaltic\u201d n\u0101kotnes \u012bpa\u0161niekiem patie\u0161\u0101m nav tikai teor\u0113tisks. Ministru prezidents Andris Kulbergs august\u0101 publiski uzsv\u0113ra, ka restrukturiz\u0101cijas proces\u0101 j\u0101atbild ar\u012b uz jaut\u0101jumu, vai Latvijas valsts turpm\u0101k paliks aviokomp\u0101nijas kontrol\u0113jo\u0161ais \u012bpa\u0161nieks. Vienlaikus vald\u012bba uzsv\u0113ra, ka tobr\u012bd v\u0113l nebija pie\u0146emts gal\u012bgais l\u0113mums par uz\u0146\u0113muma n\u0101kotnes kapit\u0101la strukt\u016bru. <\/p>\n<blockquote class=\"twitter-tweet\" wp_automatic_readability=\"13.253918495298\">\n<p lang=\"en\" dir=\"ltr\">People of the Baltics \u2013 meet your new airBaltic owners: Polus Capital and Klirmark Capital.<\/p>\n<p>Here\u2019s what I think will happen.<\/p>\n<p>Rough balance sheet of today (guesstimate):<\/p>\n<p>Equity (250)<br \/>Senior bonds 395<br \/>Oth borrowing 140<br \/>Leases 915<br \/>Other op liab 420<br \/>Cash 30<\/p>\n<p>\u2014 Baltic Capital Investments (@OMXBB_Explorer) <a href=\"https:\/\/x.com\/OMXBB_Explorer\/status\/2095861264828276772?ref_src=twsrc%5Etfw\" rel=\"nofollow\">September 4, 2026<\/a><\/p>\n<\/blockquote>\n<p>T\u0113mas<\/p>\n<p>    SAIST\u012aTIE RAKSTI<\/p>\n","protected":false},"excerpt":{"rendered":"Publicit\u0101tes foto. Pievieno LA.LV Seko WhatsApp Latvijas nacion\u0101l\u0101s aviokomp\u0101nijas \u201cairBaltic\u201d finan\u0161u situ\u0101cijai \u0161obr\u012bd tiek piev\u0113rsta pastiprin\u0101ta uzman\u012bba, un&hellip;\n","protected":false},"author":2,"featured_media":286771,"comment_status":"","ping_status":"","sticky":false,"template":"","format":"standard","meta":{"footnotes":"","_share_on_mastodon":"0"},"categories":[12],"tags":[23,28,29,32,33,22,30,31,35,39,38,36,37,34,40,20,26,27,24,25,21],"class_list":["post-286770","post","type-post","status-publish","format-standard","has-post-thumbnail","category-latvija","tag-aktualitates","tag-breaking-news","tag-breakingnews","tag-featured-news","tag-featurednews","tag-headlines","tag-latest-news","tag-latestnews","tag-latvia","tag-latvian","tag-latviesu","tag-latviesu-valoda","tag-latviesuvaloda","tag-latvija","tag-lv","tag-news","tag-popularakas-zinas","tag-popularakaszinas","tag-top-stories","tag-topstories","tag-zinas"],"share_on_mastodon":{"url":"https:\/\/pubeurope.com\/@lv\/117222279123330761","error":""},"_links":{"self":[{"href":"https:\/\/www.europesays.com\/lv\/wp-json\/wp\/v2\/posts\/286770","targetHints":{"allow":["GET"]}}],"collection":[{"href":"https:\/\/www.europesays.com\/lv\/wp-json\/wp\/v2\/posts"}],"about":[{"href":"https:\/\/www.europesays.com\/lv\/wp-json\/wp\/v2\/types\/post"}],"author":[{"embeddable":true,"href":"https:\/\/www.europesays.com\/lv\/wp-json\/wp\/v2\/users\/2"}],"replies":[{"embeddable":true,"href":"https:\/\/www.europesays.com\/lv\/wp-json\/wp\/v2\/comments?post=286770"}],"version-history":[{"count":0,"href":"https:\/\/www.europesays.com\/lv\/wp-json\/wp\/v2\/posts\/286770\/revisions"}],"wp:featuredmedia":[{"embeddable":true,"href":"https:\/\/www.europesays.com\/lv\/wp-json\/wp\/v2\/media\/286771"}],"wp:attachment":[{"href":"https:\/\/www.europesays.com\/lv\/wp-json\/wp\/v2\/media?parent=286770"}],"wp:term":[{"taxonomy":"category","embeddable":true,"href":"https:\/\/www.europesays.com\/lv\/wp-json\/wp\/v2\/categories?post=286770"},{"taxonomy":"post_tag","embeddable":true,"href":"https:\/\/www.europesays.com\/lv\/wp-json\/wp\/v2\/tags?post=286770"}],"curies":[{"name":"wp","href":"https:\/\/api.w.org\/{rel}","templated":true}]}}