{"id":286772,"date":"2026-09-06T04:46:12","date_gmt":"2026-09-06T04:46:12","guid":{"rendered":"https:\/\/www.europesays.com\/lv\/286772\/"},"modified":"2026-09-06T04:46:12","modified_gmt":"2026-09-06T04:46:12","slug":"svetdien-vietam-latvija-lis-gaiss-iesils-lidz-18-gradiem-1188-lv","status":"publish","type":"post","link":"https:\/\/www.europesays.com\/lv\/286772\/","title":{"rendered":"Sv\u0113tdien viet\u0101m Latvij\u0101 l\u012bs; gaiss iesils l\u012bdz +18 gr\u0101diem &#8211; 1188.lv"},"content":{"rendered":"<ol>\n<li><a href=\"https:\/\/news.google.com\/rss\/articles\/CBMilAFBVV95cUxQSHVNWGsxSlF5VU00VDkxaUJINEVwMHYxb1dDb3hlNVcyMldTd29zSW1DQ3E2LVp5VDhXYy0wZERzLTdMM3kyRGtkbVduXzNxVTUtWmkwb1RTaVVvSTVNUE9zbDJ5Nmw3UGZaOVMwc2d1LXUwSGxCSnBFQ3phYlZOeTZ4RGRtbFhXaXVYbzkteXRhVkI2?oc=5\" target=\"_blank\" rel=\"nofollow noopener\">Sv\u0113tdien viet\u0101m Latvij\u0101 l\u012bs; gaiss iesils l\u012bdz +18 gr\u0101diem<\/a>&nbsp;&nbsp;1188.lv<\/li>\n<li><a href=\"https:\/\/news.google.com\/rss\/articles\/CBMijAFBVV95cUxOOWhhZjVSNWp2WEhQRzFGR1E4NEpYWVBBZ3laOG9WSlo3UGJiajh6WHlfM1NYLVZ1Y1JDb2NucFd5MWxENFJncDlSQjd6eDMyOTBTaUw4djVXZ2lsZEllb1FYWTJmYkoyZ0JEQ3FCd2hxbW9MR2pTRmdjUlJDQklMVjJNc1NvWjkzazQ3Mw?oc=5\" target=\"_blank\" rel=\"nofollow noopener\">Ar\u012b sv\u0113tdiena b\u016bs lietaina<\/a>&nbsp;&nbsp;DELFI<\/li>\n<li><a href=\"https:\/\/news.google.com\/rss\/articles\/CBMinwFBVV95cUxQX3R3R29WUDNpb2pJd2lCSDBMbXRCSzI2em9KVmk4Ql8xSTBmODJnVUlRaWNxc3RnS0J5YWxab3BkMS1ZbW5PZ0ZkYjlTenJGOEtFWmFNQUR4RFVWcVgzQ0xfb25hRWlnSl9MdFM2cXZXcWhZaUhLTi0yZmtIMVhuR21adHlkZ3poc0Zib2J5Q2tLR0trSUNlVG5zMEwtaTA?oc=5\" target=\"_blank\" rel=\"nofollow noopener\">Ar\u012b sv\u0113tdien viet\u0101m gaid\u0101ms lietus \/ Raksts<\/a>&nbsp;&nbsp;LSM<\/li>\n<li><a href=\"https:\/\/news.google.com\/rss\/articles\/CBMibEFVX3lxTFBrUXF2RXRjdlBLSS1iWkdyT2VVM20zeXRVYUd5cko4aEo5dlhFU1Y5aXY2cGxieEJrdzBnSmViMm9jZGxVbTVvemszQVlCQ3ZpN0c2Rm91cnc0QXZUVWM2S3FlVWxZVFNTcVNvdg?oc=5\" target=\"_blank\" rel=\"nofollow noopener\">Ar\u012b sv\u0113tdien viet\u0101m gaid\u0101ms lietus<\/a>&nbsp;&nbsp;press.lv<\/li>\n<li><a href=\"https:\/\/news.google.com\/rss\/articles\/CBMitgFBVV95cUxPekpfQi1iaFZIYThHaUVLbENhaDAzNjhMS0xIQVNhelI0ejFPOFhzdFVyNTY4Z3h0N0U5SzJTQTJBNnExaFlEOFFuNmpkU1ZWSFFWUjhrcW1VOTIway04NHIwZERSMU5EclNBWDRleC1CQXVvN09KOVN0bEMxYVRISm01eVpWS2I4c21Ydm05ckxGUHhibDZRc29tbVZlXzV4cEdtOTljMkc0WGFNVXdjLVN1ZFYtdw?oc=5\" target=\"_blank\" rel=\"nofollow noopener\">Sv\u0113tdien laikapst\u0101k\u013ci Latvij\u0101 nedaudz main\u012bsies \u2013 vai vasara v\u0113l mums pateiks ardievas<\/a>&nbsp;&nbsp;Dzentlmenis.lv<\/li>\n<\/ol>\n","protected":false},"excerpt":{"rendered":"Sv\u0113tdien viet\u0101m Latvij\u0101 l\u012bs; gaiss iesils l\u012bdz +18 gr\u0101diem&nbsp;&nbsp;1188.lv Ar\u012b sv\u0113tdiena b\u016bs lietaina&nbsp;&nbsp;DELFI Ar\u012b sv\u0113tdien viet\u0101m gaid\u0101ms lietus&hellip;\n","protected":false},"author":2,"featured_media":286773,"comment_status":"","ping_status":"","sticky":false,"template":"","format":"standard","meta":{"footnotes":"","_share_on_mastodon":"0"},"categories":[5],"tags":[129,1395,23,28,29,32,33,22,30,31,35,39,38,36,37,34,40,20,26,27,3179,3180,24,25,21],"class_list":["post-286772","post","type-post","status-publish","format-standard","has-post-thumbnail","category-aktualitates","tag-__typenameadvicekeyword","tag-id408","tag-aktualitates","tag-breaking-news","tag-breakingnews","tag-featured-news","tag-featurednews","tag-headlines","tag-latest-news","tag-latestnews","tag-latvia","tag-latvian","tag-latviesu","tag-latviesu-valoda","tag-latviesuvaloda","tag-latvija","tag-lv","tag-news","tag-popularakas-zinas","tag-popularakaszinas","tag-slugweather","tag-titleweather","tag-top-stories","tag-topstories","tag-zinas"],"share_on_mastodon":{"url":"https:\/\/pubeurope.com\/@lv\/117222282853502045","error":""},"_links":{"self":[{"href":"https:\/\/www.europesays.com\/lv\/wp-json\/wp\/v2\/posts\/286772","targetHints":{"allow":["GET"]}}],"collection":[{"href":"https:\/\/www.europesays.com\/lv\/wp-json\/wp\/v2\/posts"}],"about":[{"href":"https:\/\/www.europesays.com\/lv\/wp-json\/wp\/v2\/types\/post"}],"author":[{"embeddable":true,"href":"https:\/\/www.europesays.com\/lv\/wp-json\/wp\/v2\/users\/2"}],"replies":[{"embeddable":true,"href":"https:\/\/www.europesays.com\/lv\/wp-json\/wp\/v2\/comments?post=286772"}],"version-history":[{"count":0,"href":"https:\/\/www.europesays.com\/lv\/wp-json\/wp\/v2\/posts\/286772\/revisions"}],"wp:featuredmedia":[{"embeddable":true,"href":"https:\/\/www.europesays.com\/lv\/wp-json\/wp\/v2\/media\/286773"}],"wp:attachment":[{"href":"https:\/\/www.europesays.com\/lv\/wp-json\/wp\/v2\/media?parent=286772"}],"wp:term":[{"taxonomy":"category","embeddable":true,"href":"https:\/\/www.europesays.com\/lv\/wp-json\/wp\/v2\/categories?post=286772"},{"taxonomy":"post_tag","embeddable":true,"href":"https:\/\/www.europesays.com\/lv\/wp-json\/wp\/v2\/tags?post=286772"}],"curies":[{"name":"wp","href":"https:\/\/api.w.org\/{rel}","templated":true}]}}