{"id":286776,"date":"2026-09-06T04:57:23","date_gmt":"2026-09-06T04:57:23","guid":{"rendered":"https:\/\/www.europesays.com\/lv\/286776\/"},"modified":"2026-09-06T04:57:23","modified_gmt":"2026-09-06T04:57:23","slug":"imigracijas-ierobezosanas-pasakuma-planu-valdiba-solas-apstiprinat-lidz-22-septembrim","status":"publish","type":"post","link":"https:\/\/www.europesays.com\/lv\/286776\/","title":{"rendered":"Imigr\u0101cijas ierobe\u017eo\u0161anas pas\u0101kuma pl\u0101nu vald\u012bba sol\u0101s apstiprin\u0101t l\u012bdz 22. septembrim"},"content":{"rendered":"<p>Kulbergs ierakst\u0101 \u00abX\u00bb ned\u0113\u013cas s\u0101kum\u0101 Dombravas iesniegto pied\u0101v\u0101jumu tika nod\u0113v\u0113jis par \u00abimit\u0113tu migrantu c\u012b\u0146u\u00bb, bet NA aktivit\u0101tes imigr\u0101cijas ierobe\u017eo\u0161anas jom\u0101 kopum\u0101 \u2014 par \u00abni\u0137\u012bga b\u0113rnud\u0101rznieka hist\u0113riju\u00bb. Premjers sprieda, ka Dombravam neesot svar\u012bgs re\u0101ls rezult\u0101ts migr\u0101cijas ierobe\u017eo\u0161an\u0101, bet gan \u00abska\u013ca un bezj\u0113dz\u012bga b\u013caust\u012b\u0161an\u0101s\u00bb, ar kuru tiekot \u00abmu\u013c\u0137oti pa\u0161u v\u0113l\u0113t\u0101ji\u00bb.<\/p>\n<p>Kulbergs kritiz\u0113ja, ka Dombrava neesot sapratis, ko noz\u012bm\u0113 b\u016bt ministram, jo virz\u012bjis vald\u012bb\u0101 piln\u012bb\u0101 nesaska\u0146otu dokumentu. Dombravas iesniegtais dokuments neesot saska\u0146ots ar 14 instit\u016bcij\u0101m \u2014 ne da\u017e\u0101d\u0101m ministrij\u0101m, ne uz\u0146\u0113m\u0113jiem. \u00abVienk\u0101r\u0161i atn\u0101kt, iemest vald\u012bb\u0101 dokumentu un p\u0113c tam pazi\u0146ot, ka \u00abvisi ir pret imigr\u0101cijas apkaro\u0161anu\u00bb, ir trula, l\u0113ta un populistiska v\u0113l\u0113t\u0101ju mak\u0161\u0137er\u0113\u0161ana bez jebk\u0101da pamata,\u00bb Dombravas darbu tika nov\u0113rt\u0113jis premjers.<\/p>\n<p>V\u0113l\u0101k Kulbergs par sevis pausto Dombravam atvainoj\u0101s, sarunas starp pus\u0113m novirzot konstrukt\u012bv\u0101k\u0101 gultn\u0113.<\/p>\n","protected":false},"excerpt":{"rendered":"Kulbergs ierakst\u0101 \u00abX\u00bb ned\u0113\u013cas s\u0101kum\u0101 Dombravas iesniegto pied\u0101v\u0101jumu tika nod\u0113v\u0113jis par \u00abimit\u0113tu migrantu c\u012b\u0146u\u00bb, bet NA aktivit\u0101tes imigr\u0101cijas&hellip;\n","protected":false},"author":2,"featured_media":286777,"comment_status":"","ping_status":"","sticky":false,"template":"","format":"standard","meta":{"footnotes":"","_share_on_mastodon":"0"},"categories":[12],"tags":[23,28,29,32,33,22,30,31,35,39,38,36,37,34,40,20,26,27,24,25,21],"class_list":["post-286776","post","type-post","status-publish","format-standard","has-post-thumbnail","category-latvija","tag-aktualitates","tag-breaking-news","tag-breakingnews","tag-featured-news","tag-featurednews","tag-headlines","tag-latest-news","tag-latestnews","tag-latvia","tag-latvian","tag-latviesu","tag-latviesu-valoda","tag-latviesuvaloda","tag-latvija","tag-lv","tag-news","tag-popularakas-zinas","tag-popularakaszinas","tag-top-stories","tag-topstories","tag-zinas"],"share_on_mastodon":{"url":"https:\/\/pubeurope.com\/@lv\/117222325864208007","error":""},"_links":{"self":[{"href":"https:\/\/www.europesays.com\/lv\/wp-json\/wp\/v2\/posts\/286776","targetHints":{"allow":["GET"]}}],"collection":[{"href":"https:\/\/www.europesays.com\/lv\/wp-json\/wp\/v2\/posts"}],"about":[{"href":"https:\/\/www.europesays.com\/lv\/wp-json\/wp\/v2\/types\/post"}],"author":[{"embeddable":true,"href":"https:\/\/www.europesays.com\/lv\/wp-json\/wp\/v2\/users\/2"}],"replies":[{"embeddable":true,"href":"https:\/\/www.europesays.com\/lv\/wp-json\/wp\/v2\/comments?post=286776"}],"version-history":[{"count":0,"href":"https:\/\/www.europesays.com\/lv\/wp-json\/wp\/v2\/posts\/286776\/revisions"}],"wp:featuredmedia":[{"embeddable":true,"href":"https:\/\/www.europesays.com\/lv\/wp-json\/wp\/v2\/media\/286777"}],"wp:attachment":[{"href":"https:\/\/www.europesays.com\/lv\/wp-json\/wp\/v2\/media?parent=286776"}],"wp:term":[{"taxonomy":"category","embeddable":true,"href":"https:\/\/www.europesays.com\/lv\/wp-json\/wp\/v2\/categories?post=286776"},{"taxonomy":"post_tag","embeddable":true,"href":"https:\/\/www.europesays.com\/lv\/wp-json\/wp\/v2\/tags?post=286776"}],"curies":[{"name":"wp","href":"https:\/\/api.w.org\/{rel}","templated":true}]}}