{"id":286780,"date":"2026-09-06T05:33:09","date_gmt":"2026-09-06T05:33:09","guid":{"rendered":"https:\/\/www.europesays.com\/lv\/286780\/"},"modified":"2026-09-06T05:33:09","modified_gmt":"2026-09-06T05:33:09","slug":"lauksaimnieks-frontes-tuvuma-ukrainas-zemnieks-sodien-ir-ka-nato-karavirs","status":"publish","type":"post","link":"https:\/\/www.europesays.com\/lv\/286780\/","title":{"rendered":"Lauksaimnieks frontes tuvum\u0101: Ukrainas zemnieks \u0161odien ir k\u0101 NATO karav\u012brs"},"content":{"rendered":"<p>                                        <img decoding=\"async\" src=\"https:\/\/news.inbox.eu\/w\/img\/da\/7c\/da7c2764e6a7845e43-800x0.jpg\" onerror=\"this.src=\" https:=\"\" onload=\"if(this.width &lt;= 1){this.src=\"\/><\/p>\n<p>D\u012bvs Reiznieks: Viktor, pirms pilna m\u0113roga kara s\u0101kuma j\u016bs cita starp\u0101 stud\u0113j\u0101t lo\u0123istiku \u0136\u012bn\u0101, p\u0113c tam regul\u0101ri lidoj\u0101t uz \u017den\u0113vu un Franciju, koordin\u0113jot graudu eksportu ar ku\u0123iem pa visu pasauli. \u0160odien j\u016bs ar bisi rok\u0101s st\u0101jaties pret\u012b okupantu droniem, c\u012bnoties par savas zemnieku saimniec\u012bbas izdz\u012bvo\u0161anu tie\u0161i pie frontes l\u012bnijas. Tas laikam pasaka pa\u0161u galveno par to, k\u0101da ir Krievijas iebrukuma cena ukrai\u0146u cilv\u0113kam.<\/p>\n<p>Viktors Hordienko: J\u0101.<\/p>\n<p>Kas cilv\u0113kiem Latvij\u0101 v\u0113l b&#8230;<\/p>\n","protected":false},"excerpt":{"rendered":"D\u012bvs Reiznieks: Viktor, pirms pilna m\u0113roga kara s\u0101kuma j\u016bs cita starp\u0101 stud\u0113j\u0101t lo\u0123istiku \u0136\u012bn\u0101, p\u0113c tam regul\u0101ri lidoj\u0101t&hellip;\n","protected":false},"author":2,"featured_media":286781,"comment_status":"","ping_status":"","sticky":false,"template":"","format":"standard","meta":{"footnotes":"","_share_on_mastodon":"0"},"categories":[12],"tags":[23,28,29,32,33,22,30,31,35,39,38,36,37,34,40,20,26,27,24,25,21],"class_list":["post-286780","post","type-post","status-publish","format-standard","has-post-thumbnail","category-latvija","tag-aktualitates","tag-breaking-news","tag-breakingnews","tag-featured-news","tag-featurednews","tag-headlines","tag-latest-news","tag-latestnews","tag-latvia","tag-latvian","tag-latviesu","tag-latviesu-valoda","tag-latviesuvaloda","tag-latvija","tag-lv","tag-news","tag-popularakas-zinas","tag-popularakaszinas","tag-top-stories","tag-topstories","tag-zinas"],"share_on_mastodon":{"url":"https:\/\/pubeurope.com\/@lv\/117222467717326317","error":""},"_links":{"self":[{"href":"https:\/\/www.europesays.com\/lv\/wp-json\/wp\/v2\/posts\/286780","targetHints":{"allow":["GET"]}}],"collection":[{"href":"https:\/\/www.europesays.com\/lv\/wp-json\/wp\/v2\/posts"}],"about":[{"href":"https:\/\/www.europesays.com\/lv\/wp-json\/wp\/v2\/types\/post"}],"author":[{"embeddable":true,"href":"https:\/\/www.europesays.com\/lv\/wp-json\/wp\/v2\/users\/2"}],"replies":[{"embeddable":true,"href":"https:\/\/www.europesays.com\/lv\/wp-json\/wp\/v2\/comments?post=286780"}],"version-history":[{"count":0,"href":"https:\/\/www.europesays.com\/lv\/wp-json\/wp\/v2\/posts\/286780\/revisions"}],"wp:featuredmedia":[{"embeddable":true,"href":"https:\/\/www.europesays.com\/lv\/wp-json\/wp\/v2\/media\/286781"}],"wp:attachment":[{"href":"https:\/\/www.europesays.com\/lv\/wp-json\/wp\/v2\/media?parent=286780"}],"wp:term":[{"taxonomy":"category","embeddable":true,"href":"https:\/\/www.europesays.com\/lv\/wp-json\/wp\/v2\/categories?post=286780"},{"taxonomy":"post_tag","embeddable":true,"href":"https:\/\/www.europesays.com\/lv\/wp-json\/wp\/v2\/tags?post=286780"}],"curies":[{"name":"wp","href":"https:\/\/api.w.org\/{rel}","templated":true}]}}