{"id":286782,"date":"2026-09-06T06:02:13","date_gmt":"2026-09-06T06:02:13","guid":{"rendered":"https:\/\/www.europesays.com\/lv\/286782\/"},"modified":"2026-09-06T06:02:13","modified_gmt":"2026-09-06T06:02:13","slug":"miruso-kermenus-atradis-nakamgad-pazistams-tiesu-medicinas-eksperts-par-arkartigi-sarezgito-situaciju-nepala-jauns-lv","status":"publish","type":"post","link":"https:\/\/www.europesays.com\/lv\/286782\/","title":{"rendered":"&quot;Miru\u0161o \u0137erme\u0146us atrad\u012bs n\u0101kamgad&quot; &#8211; paz\u012bstams tiesu medic\u012bnas eksperts par &quot;\u0101rk\u0101rt\u012bgi sare\u017e\u0123\u012bto&quot; situ\u0101ciju Nep\u0101l\u0101 &#8211; Jauns.lv"},"content":{"rendered":"<ol>\n<li><a href=\"https:\/\/news.google.com\/rss\/articles\/CBMi4AFBVV95cUxOdmlNdnUxamc5aTZXQmhrS1NUU09XVEk3bXBfNGUtV004R08zbTJXWEltemJybTZidjV5VjBpZGhLQjMyT0ZqcEJPS3VPMjVta0UxRkxiVTdQdGlvTzR6cUkyNXR1SWFuczZKWHBPS0plN2w2Y2h6bmxSN1lwX3JnTm8ycE0xaWVUNHl6QmNoQmUyNDFTbHF4cEhjOF9sb01rYkNWemN0OGxUNXQ3LTVqZUJYU3VOR2RBbVBabXAybkk4NDZoN2RZZEtBVW9VQzB6c18xTU1pQVVZMWxKV2xYRg?oc=5\" target=\"_blank\" rel=\"nofollow noopener\">&#8220;Miru\u0161o \u0137erme\u0146us atrad\u012bs n\u0101kamgad&#8221; &#8211; paz\u012bstams tiesu medic\u012bnas eksperts par &#8220;\u0101rk\u0101rt\u012bgi sare\u017e\u0123\u012bto&#8221; situ\u0101ciju Nep\u0101l\u0101<\/a>&nbsp;&nbsp;Jauns.lv<\/li>\n<li><a href=\"https:\/\/news.google.com\/rss\/articles\/CBMiigFBVV95cUxPY3F3S2xnM0VJUU9lbXFBNW5LR0N5Nmh5UEo3eE82Z0JqUzF1Zmw1Uzg3ZEtYUk1kT2pQdllISXRER3M0bDk0WFhKR2JNMkhQa2QzS2xMbWs2SWpMLUVjZk9sMHVTMEdIbmdFOTZvd0gxNUFaSDBvYU1TUF8yeThNWXFONU54enhaN3c?oc=5\" target=\"_blank\" rel=\"nofollow noopener\">2015. gad\u0101 Nep\u0101la piedz\u012bvoja kaut ko \u013coti, \u013coti l\u012bdz\u012bgu&#8230;<\/a>&nbsp;&nbsp;TVNET<\/li>\n<li><a href=\"https:\/\/news.google.com\/rss\/articles\/CBMiyAFBVV95cUxNQVVtZ2E2dkNoQVphVzhpdWFsb3NWYzBWMFpBekFrUGo3RmtzLWI3Q1dYdFJvTGlCZl9zTHZxSHQ0S2lVb1pWTy15c1gzQUY1N0w3eHBiSmxnZ1BVZ01oOXduYV9aTTdiSFZlTVdkeXhQMHdCemtITWFTV093VzlLYl82VC1rcGMwbHMyLWwyS3RvdkNxS0pxWjNud01NSFAtd3FHeGJ1aWVvbkhmb3BqMlJjeVJqcTNTVVU5RlU5Q2pqcFA3cmRQdw?oc=5\" target=\"_blank\" rel=\"nofollow noopener\">Br\u012bdin\u0101juma z\u012bmes bija jau divas dienas iepriek\u0161: k\u0101p\u0113c neizdev\u0101s nov\u0113rst Nep\u0101las tra\u0123\u0113diju?<\/a>&nbsp;&nbsp;Jauns.lv<\/li>\n<li><a href=\"https:\/\/news.google.com\/rss\/articles\/CBMiiAFBVV95cUxOUlVQWm1ucXNtZDByVGxvQklfaG9zUzRIeWJUNFp3ZlpBbURrRFJrWmFmWF8xYnltY1FFZzZVNmE2aTFBcTB4TjlLTk11ZTZHeFRlZENWLVNwdzg1QUM0cmRfXzZoSTFkS0tMZHpUOGJfMXZiQ1ZLdjhPZzlpWVNId2FneGFiZkY2?oc=5\" target=\"_blank\" rel=\"nofollow noopener\">Nep\u0101las tra\u0123\u0113dija un glob\u0101lie riski<\/a>&nbsp;&nbsp;diena.lv<\/li>\n<li><a href=\"https:\/\/news.google.com\/rss\/articles\/CBMilwFBVV95cUxOdHlqWi1DSkhldUNNeEkybVhNMUZlejhIWnh2WlJseDJod0d0RTNXYmtuU2V2UFdRekFWTDVDb0luMlUzcEJoSkZINU1FMFQ4a3RIQVVvZzIxUTVETUllTDNQbnlVYXdXYlJWUi1aOGljaEZGX3M3OXE4eFhRMm1HUFAzVFhCWkRJNndNUXMzN0kzTzh1YTZV?oc=5\" target=\"_blank\" rel=\"nofollow noopener\">Satel\u012bti fiks\u0113ja led\u0101ja pa\u0101trin\u0101\u0161anos pirms tra\u0123\u0113dijas Nep\u0101l\u0101<\/a>&nbsp;&nbsp;Kursors.lv<\/li>\n<\/ol>\n","protected":false},"excerpt":{"rendered":"&#8220;Miru\u0161o \u0137erme\u0146us atrad\u012bs n\u0101kamgad&#8221; &#8211; paz\u012bstams tiesu medic\u012bnas eksperts par &#8220;\u0101rk\u0101rt\u012bgi sare\u017e\u0123\u012bto&#8221; situ\u0101ciju Nep\u0101l\u0101&nbsp;&nbsp;Jauns.lv 2015. gad\u0101 Nep\u0101la piedz\u012bvoja&hellip;\n","protected":false},"author":2,"featured_media":286783,"comment_status":"","ping_status":"","sticky":false,"template":"","format":"standard","meta":{"footnotes":"","_share_on_mastodon":"0"},"categories":[14],"tags":[23,57,28,29,32,33,22,30,31,35,39,38,36,37,34,40,20,26,27,24,25,54,55,56,21,58],"class_list":["post-286782","post","type-post","status-publish","format-standard","has-post-thumbnail","category-zinas-no-arvalstim","tag-aktualitates","tag-arvalstim","tag-breaking-news","tag-breakingnews","tag-featured-news","tag-featurednews","tag-headlines","tag-latest-news","tag-latestnews","tag-latvia","tag-latvian","tag-latviesu","tag-latviesu-valoda","tag-latviesuvaloda","tag-latvija","tag-lv","tag-news","tag-popularakas-zinas","tag-popularakaszinas","tag-top-stories","tag-topstories","tag-world","tag-world-news","tag-worldnews","tag-zinas","tag-zinas-no-arvalstim"],"share_on_mastodon":{"url":"https:\/\/pubeurope.com\/@lv\/117222581688149087","error":""},"_links":{"self":[{"href":"https:\/\/www.europesays.com\/lv\/wp-json\/wp\/v2\/posts\/286782","targetHints":{"allow":["GET"]}}],"collection":[{"href":"https:\/\/www.europesays.com\/lv\/wp-json\/wp\/v2\/posts"}],"about":[{"href":"https:\/\/www.europesays.com\/lv\/wp-json\/wp\/v2\/types\/post"}],"author":[{"embeddable":true,"href":"https:\/\/www.europesays.com\/lv\/wp-json\/wp\/v2\/users\/2"}],"replies":[{"embeddable":true,"href":"https:\/\/www.europesays.com\/lv\/wp-json\/wp\/v2\/comments?post=286782"}],"version-history":[{"count":0,"href":"https:\/\/www.europesays.com\/lv\/wp-json\/wp\/v2\/posts\/286782\/revisions"}],"wp:featuredmedia":[{"embeddable":true,"href":"https:\/\/www.europesays.com\/lv\/wp-json\/wp\/v2\/media\/286783"}],"wp:attachment":[{"href":"https:\/\/www.europesays.com\/lv\/wp-json\/wp\/v2\/media?parent=286782"}],"wp:term":[{"taxonomy":"category","embeddable":true,"href":"https:\/\/www.europesays.com\/lv\/wp-json\/wp\/v2\/categories?post=286782"},{"taxonomy":"post_tag","embeddable":true,"href":"https:\/\/www.europesays.com\/lv\/wp-json\/wp\/v2\/tags?post=286782"}],"curies":[{"name":"wp","href":"https:\/\/api.w.org\/{rel}","templated":true}]}}