{"id":286794,"date":"2026-09-06T06:34:12","date_gmt":"2026-09-06T06:34:12","guid":{"rendered":"https:\/\/www.europesays.com\/lv\/286794\/"},"modified":"2026-09-06T06:34:12","modified_gmt":"2026-09-06T06:34:12","slug":"baltic-xl-livonia-treneris-dzonsons-luzumu-panacam-otraja-puslaika-regbijs-sportacentrs-com","status":"publish","type":"post","link":"https:\/\/www.europesays.com\/lv\/286794\/","title":{"rendered":"&#8220;Baltic XL-Livonia&#8221; treneris D\u017eonsons: &#8220;L\u016bzumu pan\u0101c\u0101m otraj\u0101 puslaik\u0101&#8221; \u2013 Regbijs \u2013 Sportacentrs.com"},"content":{"rendered":"<p>Iepriek\u0161 zi\u0146oj\u0101m, ka Baltijas TOP l\u012bgas \u010dempioni \u201cBaltic XL-Livonia\u201d sestdien, 5. septembr\u012b, turpin\u0101ja savu uzvaras g\u0101jienu, tre\u0161\u0101s k\u0101rtas ma\u010d\u0101 Stokholm\u0101, domin\u0113jot laukum\u0101 otraj\u0101 puslaik\u0101, ar 38-13 (19-13) pieveica zviedru vien\u012bbu \u201cExiles\u201d.<\/p>\n<p>&#8220;V\u0113sturiska sp\u0113le, pirm\u0101 Baltijas TOP l\u012bgas sp\u0113le Zviedrij\u0101 starp Baltijas \u010dempioniem un Zviedrijas \u010dempioniem. Sp\u0113le bija t\u0101da, k\u0101 gaid\u012bj\u0101m, un pirmais puslaiks to spilgti par\u0101da. Bija svar\u012bgi koncentr\u0113ties uz to, kur mums j\u0101uzlabo darb\u012bba pirms otr\u0101 puslaika,&#8221; st\u0101sta N\u012bls D\u017eonsons.<\/p>\n<p>&#8220;\u201cExiles\u201d otraj\u0101 puslaik\u0101 neguva ne punkta. Sp\u0113les l\u016bzums bija mirkl\u012b, kad \u201cBaltic XL-Livonia\u201d g\u0101ja p\u0113c 5 punktiem ar piezem\u0113jumu, bet san\u0101ca 10 min\u016b\u0161u laik\u0101 divi piezem\u0113jumi. \u201cBaltic XL-Livonia\u201d sp\u0113les p\u0113d\u0113j\u0101s 20 min\u016bt\u0113s izdev\u0101s iespiest zviedrus vi\u0146u zon\u0101 un \u201cExiles\u201d bija lielas probl\u0113mas tikt \u0101r\u0101 no savas zonas,&#8221; uzsver &#8220;Baltic XL-Livonia&#8221; galvenais treneris.<\/p>\n","protected":false},"excerpt":{"rendered":"Iepriek\u0161 zi\u0146oj\u0101m, ka Baltijas TOP l\u012bgas \u010dempioni \u201cBaltic XL-Livonia\u201d sestdien, 5. septembr\u012b, turpin\u0101ja savu uzvaras g\u0101jienu, tre\u0161\u0101s k\u0101rtas&hellip;\n","protected":false},"author":2,"featured_media":286795,"comment_status":"","ping_status":"","sticky":false,"template":"","format":"standard","meta":{"footnotes":"","_share_on_mastodon":"0"},"categories":[5],"tags":[23,28,29,32,33,22,30,31,35,39,38,36,37,34,40,20,26,27,2163,24,25,21],"class_list":["post-286794","post","type-post","status-publish","format-standard","has-post-thumbnail","category-aktualitates","tag-aktualitates","tag-breaking-news","tag-breakingnews","tag-featured-news","tag-featurednews","tag-headlines","tag-latest-news","tag-latestnews","tag-latvia","tag-latvian","tag-latviesu","tag-latviesu-valoda","tag-latviesuvaloda","tag-latvija","tag-lv","tag-news","tag-popularakas-zinas","tag-popularakaszinas","tag-regbijs","tag-top-stories","tag-topstories","tag-zinas"],"share_on_mastodon":{"url":"https:\/\/pubeurope.com\/@lv\/117222707224364794","error":""},"_links":{"self":[{"href":"https:\/\/www.europesays.com\/lv\/wp-json\/wp\/v2\/posts\/286794","targetHints":{"allow":["GET"]}}],"collection":[{"href":"https:\/\/www.europesays.com\/lv\/wp-json\/wp\/v2\/posts"}],"about":[{"href":"https:\/\/www.europesays.com\/lv\/wp-json\/wp\/v2\/types\/post"}],"author":[{"embeddable":true,"href":"https:\/\/www.europesays.com\/lv\/wp-json\/wp\/v2\/users\/2"}],"replies":[{"embeddable":true,"href":"https:\/\/www.europesays.com\/lv\/wp-json\/wp\/v2\/comments?post=286794"}],"version-history":[{"count":0,"href":"https:\/\/www.europesays.com\/lv\/wp-json\/wp\/v2\/posts\/286794\/revisions"}],"wp:featuredmedia":[{"embeddable":true,"href":"https:\/\/www.europesays.com\/lv\/wp-json\/wp\/v2\/media\/286795"}],"wp:attachment":[{"href":"https:\/\/www.europesays.com\/lv\/wp-json\/wp\/v2\/media?parent=286794"}],"wp:term":[{"taxonomy":"category","embeddable":true,"href":"https:\/\/www.europesays.com\/lv\/wp-json\/wp\/v2\/categories?post=286794"},{"taxonomy":"post_tag","embeddable":true,"href":"https:\/\/www.europesays.com\/lv\/wp-json\/wp\/v2\/tags?post=286794"}],"curies":[{"name":"wp","href":"https:\/\/api.w.org\/{rel}","templated":true}]}}