{"id":286796,"date":"2026-09-06T06:41:16","date_gmt":"2026-09-06T06:41:16","guid":{"rendered":"https:\/\/www.europesays.com\/lv\/286796\/"},"modified":"2026-09-06T06:41:16","modified_gmt":"2026-09-06T06:41:16","slug":"mammu-man-ir-slikti-vai-vari-atvert-durvis-floridas-sieviete-bridina-par-biedejosu-zvanu-no-meitas","status":"publish","type":"post","link":"https:\/\/www.europesays.com\/lv\/286796\/","title":{"rendered":"\u201cMammu, man ir slikti. Vai vari atv\u0113rt durvis?\u201d Floridas sieviete br\u012bdina par bied\u0113jo\u0161u zvanu no &#8220;meitas&#8221;"},"content":{"rendered":"<p>&#8220;Mammu, man ir slikti. Vai vari atv\u0113rt durvis?\u201d \u0112rikai pa t\u0101lruni vaic\u0101ja vi\u0146as 17 gadus vec\u0101 &#8220;meita&#8221;. Zvans n\u0101ca no meitas numura, ekr\u0101n\u0101 bija redzams vi\u0146as att\u0113ls un ar\u012b balss sakrita ar meitas balsi. Ta\u010du bija k\u0101da nianse, kas \u0112rikai lika k\u013c\u016bt piesardz\u012bgai &#8211; proti, vi\u0146a katru dienu pati veda meitu uz skolu un p\u0113c stund\u0101m brauca vi\u0146ai paka\u013c, t\u0101p\u0113c sieviete labi zin\u0101ja, ka vi\u0146as meitai taj\u0101 br\u012bd\u012b b\u016btu j\u0101atrodas skol\u0101.<\/p>\n","protected":false},"excerpt":{"rendered":"&#8220;Mammu, man ir slikti. Vai vari atv\u0113rt durvis?\u201d \u0112rikai pa t\u0101lruni vaic\u0101ja vi\u0146as 17 gadus vec\u0101 &#8220;meita&#8221;. Zvans&hellip;\n","protected":false},"author":2,"featured_media":286797,"comment_status":"","ping_status":"","sticky":false,"template":"","format":"standard","meta":{"footnotes":"","_share_on_mastodon":"0"},"categories":[19],"tags":[89,90,35,39,38,36,37,34,40],"class_list":["post-286796","post","type-post","status-publish","format-standard","has-post-thumbnail","category-izklaide","tag-entertainment","tag-izklaide","tag-latvia","tag-latvian","tag-latviesu","tag-latviesu-valoda","tag-latviesuvaloda","tag-latvija","tag-lv"],"share_on_mastodon":{"url":"https:\/\/pubeurope.com\/@lv\/117222734960485363","error":""},"_links":{"self":[{"href":"https:\/\/www.europesays.com\/lv\/wp-json\/wp\/v2\/posts\/286796","targetHints":{"allow":["GET"]}}],"collection":[{"href":"https:\/\/www.europesays.com\/lv\/wp-json\/wp\/v2\/posts"}],"about":[{"href":"https:\/\/www.europesays.com\/lv\/wp-json\/wp\/v2\/types\/post"}],"author":[{"embeddable":true,"href":"https:\/\/www.europesays.com\/lv\/wp-json\/wp\/v2\/users\/2"}],"replies":[{"embeddable":true,"href":"https:\/\/www.europesays.com\/lv\/wp-json\/wp\/v2\/comments?post=286796"}],"version-history":[{"count":0,"href":"https:\/\/www.europesays.com\/lv\/wp-json\/wp\/v2\/posts\/286796\/revisions"}],"wp:featuredmedia":[{"embeddable":true,"href":"https:\/\/www.europesays.com\/lv\/wp-json\/wp\/v2\/media\/286797"}],"wp:attachment":[{"href":"https:\/\/www.europesays.com\/lv\/wp-json\/wp\/v2\/media?parent=286796"}],"wp:term":[{"taxonomy":"category","embeddable":true,"href":"https:\/\/www.europesays.com\/lv\/wp-json\/wp\/v2\/categories?post=286796"},{"taxonomy":"post_tag","embeddable":true,"href":"https:\/\/www.europesays.com\/lv\/wp-json\/wp\/v2\/tags?post=286796"}],"curies":[{"name":"wp","href":"https:\/\/api.w.org\/{rel}","templated":true}]}}