{"id":286798,"date":"2026-09-06T06:45:16","date_gmt":"2026-09-06T06:45:16","guid":{"rendered":"https:\/\/www.europesays.com\/lv\/286798\/"},"modified":"2026-09-06T06:45:16","modified_gmt":"2026-09-06T06:45:16","slug":"video-riga-ari-dzirnavu-iela-samaitata-velosipedisti-vares-micit-autovaditajus-no-visam-pusem","status":"publish","type":"post","link":"https:\/\/www.europesays.com\/lv\/286798\/","title":{"rendered":"VIDEO. R\u012bg\u0101 ar\u012b Dzirnavu iela samait\u0101ta \u2013 velosip\u0113disti var\u0113s m\u012bc\u012bt autovad\u012bt\u0101jus no vis\u0101m pus\u0113m"},"content":{"rendered":"<p class=\"descr\">Raugoties, k\u0101 notiek Dzirnavu ielas rekonstrukcija, k\u013c\u016bst skaidrs, ka norm\u0101lai satiksmei pils\u0113t\u0101 v\u0113l viena iela maz\u0101k. Nepietika ar Altonavas p\u0101rvada sl\u0113g\u0161anu, \u0122ertr\u016bdes, Maizn\u012bcas, \u0160arlotes, Sen\u010du ielas samait\u0101\u0161anu, tagad k\u0101rta Dzirnavu ielai, un gais\u0101 jau virmo apet\u012bte sl\u0113gt satiksmei Van\u0161u tiltu.<\/p>\n<p>Tikai vieglpr\u0101t\u012bgie uz\u0146\u0113m\u0113ji, da\u017e\u0101du pakalpojumu biroju \u012bpa\u0161nieki vairs var at\u013cauties turpin\u0101t ekonomisko darb\u012bbu R\u012bgas centr\u0101. Tas klientiem k\u013c\u016bst nesasniedzams. R\u012bgas centrs tiek p\u0101rv\u0113rsts par gu\u013camrajonu <a href=\"https:\/\/nra.lv\/birka\/ritenbrauceji\/\" target=\"_blank\" rel=\"noopener nofollow\">rite\u0146brauc\u0113jiem.<\/a><\/p>\n<p>   <img decoding=\"async\" style=\"max-width: 600px;\" src=\"https:\/\/www.europesays.com\/lv\/wp-content\/uploads\/2026\/09\/816496_8c5d6ce42e.jpg\" alt=\"\"\/> <\/p>\n<p class=\"descr-author\">\u0122irts Ozoli\u0146\u0161\/MN<\/p>\n<p><a href=\"https:\/\/nra.lv\/birka\/dzirnavu-iela\/\" target=\"_blank\" rel=\"noopener nofollow\">Dzirnavu ielas<\/a> rekonstrukcija &#8211; k\u0101rt\u0113jais \u0161edevrs. \u0160aj\u0101 satiksmes art\u0113rij\u0101 tagad b\u016bs divas velo joslas &#8211; katra gar savu ielas malu, ielas vid\u016b atst\u0101ta maza spraudzi\u0146a, pa kuru virz\u012bties vai nu paj\u016bgiem, vai mazlitr\u0101\u017eas auto, bet t\u0101, lai neaizskartu ielas pa\u0161\u0101 viduc\u012b rite\u0146brauc\u0113jus, kuri tur ar saviem velosip\u0113diem m\u0113\u0123in\u0101s spraukties cauri satiksmes pl\u016bsmai, lai pie\u0137\u0113d\u0113tu pie baltmet\u0101la stat\u012bviem savus braucamr\u012bkus. Vasar\u0101 v\u0113l gara ac\u012bm iesp\u0113jams st\u0101d\u012bties priek\u0161\u0101, k\u0101 pa ab\u0101m ielas pus\u0113m traucas velosip\u0113disti, bet rude\u0146os un ziem\u0101s teor\u0113tiski tie var\u0113tu b\u016bt sl\u0113pot\u0101ji vai ragavi\u0146u vilc\u0113ji. Uz kurieni gan trauksies \u0161ie velosip\u0113disti, ja uz\u0146\u0113m\u0113jdarb\u012bba R\u012bgas centr\u0101 b\u016bs aps\u012bkusi? L\u012bdz \u0161im sp\u0113c\u012bg\u0101kais pils\u0113tvides risin\u0101jums ir izveidot velosip\u0113du novietni satiksmei pa vidu. Kur\u0161 kuru m\u012bc\u012bs &#8211; rite\u0146brauc\u0113ji autovad\u012bt\u0101jus vai otr\u0101di?<\/p>\n<p>  <img decoding=\"async\" style=\"max-width: 600px;\" src=\"https:\/\/www.europesays.com\/lv\/wp-content\/uploads\/2026\/09\/816492_43eeac6bea.jpg\" alt=\"\"\/> <\/p>\n<p class=\"descr-author\">\u0122irts Ozoli\u0146\u0161\/MN<\/p>\n<p>   <img decoding=\"async\" style=\"max-width: 600px;\" src=\"https:\/\/www.europesays.com\/lv\/wp-content\/uploads\/2026\/09\/816493_dc043d7d55.jpg\" alt=\"\"\/> <\/p>\n<p class=\"descr-author\">\u0122irts Ozoli\u0146\u0161\/MN<\/p>\n<p>   <img decoding=\"async\" style=\"max-width: 600px;\" src=\"https:\/\/www.europesays.com\/lv\/wp-content\/uploads\/2026\/09\/816494_c04706a62b.jpg\" alt=\"\"\/> <\/p>\n<p class=\"descr-author\">\u0122irts Ozoli\u0146\u0161\/MN<\/p>\n","protected":false},"excerpt":{"rendered":"Raugoties, k\u0101 notiek Dzirnavu ielas rekonstrukcija, k\u013c\u016bst skaidrs, ka norm\u0101lai satiksmei pils\u0113t\u0101 v\u0113l viena iela maz\u0101k. Nepietika ar&hellip;\n","protected":false},"author":2,"featured_media":286799,"comment_status":"","ping_status":"","sticky":false,"template":"","format":"standard","meta":{"footnotes":"","_share_on_mastodon":"0"},"categories":[12],"tags":[23,28,29,32,33,22,30,31,35,39,38,36,37,34,40,20,26,27,24,25,21],"class_list":["post-286798","post","type-post","status-publish","format-standard","has-post-thumbnail","category-latvija","tag-aktualitates","tag-breaking-news","tag-breakingnews","tag-featured-news","tag-featurednews","tag-headlines","tag-latest-news","tag-latestnews","tag-latvia","tag-latvian","tag-latviesu","tag-latviesu-valoda","tag-latviesuvaloda","tag-latvija","tag-lv","tag-news","tag-popularakas-zinas","tag-popularakaszinas","tag-top-stories","tag-topstories","tag-zinas"],"share_on_mastodon":{"url":"https:\/\/pubeurope.com\/@lv\/117222751106433106","error":""},"_links":{"self":[{"href":"https:\/\/www.europesays.com\/lv\/wp-json\/wp\/v2\/posts\/286798","targetHints":{"allow":["GET"]}}],"collection":[{"href":"https:\/\/www.europesays.com\/lv\/wp-json\/wp\/v2\/posts"}],"about":[{"href":"https:\/\/www.europesays.com\/lv\/wp-json\/wp\/v2\/types\/post"}],"author":[{"embeddable":true,"href":"https:\/\/www.europesays.com\/lv\/wp-json\/wp\/v2\/users\/2"}],"replies":[{"embeddable":true,"href":"https:\/\/www.europesays.com\/lv\/wp-json\/wp\/v2\/comments?post=286798"}],"version-history":[{"count":0,"href":"https:\/\/www.europesays.com\/lv\/wp-json\/wp\/v2\/posts\/286798\/revisions"}],"wp:featuredmedia":[{"embeddable":true,"href":"https:\/\/www.europesays.com\/lv\/wp-json\/wp\/v2\/media\/286799"}],"wp:attachment":[{"href":"https:\/\/www.europesays.com\/lv\/wp-json\/wp\/v2\/media?parent=286798"}],"wp:term":[{"taxonomy":"category","embeddable":true,"href":"https:\/\/www.europesays.com\/lv\/wp-json\/wp\/v2\/categories?post=286798"},{"taxonomy":"post_tag","embeddable":true,"href":"https:\/\/www.europesays.com\/lv\/wp-json\/wp\/v2\/tags?post=286798"}],"curies":[{"name":"wp","href":"https:\/\/api.w.org\/{rel}","templated":true}]}}