{"id":286802,"date":"2026-09-06T06:51:22","date_gmt":"2026-09-06T06:51:22","guid":{"rendered":"https:\/\/www.europesays.com\/lv\/286802\/"},"modified":"2026-09-06T06:51:22","modified_gmt":"2026-09-06T06:51:22","slug":"foto-riga-virmo-maksla-un-radosums-ieskats-baltas-nakts-norises-delfi","status":"publish","type":"post","link":"https:\/\/www.europesays.com\/lv\/286802\/","title":{"rendered":"Foto: R\u012bg\u0101 virmo m\u0101ksla un rado\u0161ums \u2013 ieskats &quot;Balt\u0101s nakts&quot; noris\u0113s &#8211; DELFI"},"content":{"rendered":"<ol>\n<li><a href=\"https:\/\/news.google.com\/rss\/articles\/CBMiyAFBVV95cUxQZm1fSU9NSVd0UmdLNTlLekVxWmlHaHBjSkNBdktCSnI1dkZ5dV9tSXpXeV9iUm5wM1RyeENrTFVPVnNmOW1VVkFmS2UzdlQwTXlfbEFYeHJOS2J5UjMxYnB3aHdxeW1wVWJGTTB4TDRkd1BWaGJPbUF4clJzWjJqNS11N1NsNERGLUhDNW5KeUU0UTBBQ29paUNENlgzendCOFdFNmVnN3FXV0hQRmZBbzQ1dk9iR1NmOU51Rjg5djcwMGc1TGg2aw?oc=5\" target=\"_blank\" rel=\"nofollow noopener\">Foto: R\u012bg\u0101 virmo m\u0101ksla un rado\u0161ums \u2013 ieskats &#8220;Balt\u0101s nakts&#8221; noris\u0113s<\/a>&nbsp;&nbsp;DELFI<\/li>\n<li><a href=\"https:\/\/news.google.com\/rss\/articles\/CBMiwwFBVV95cUxQNm1QYUw3MmM1bXI3eWFFV18ycnVuWHNCMGdBeHJXWENHalo1LURqdGV3c3ZBbGd6czN1UjdEV2pzY3BEbkRZbkRQb2o0bkNGRzNzTENxMk1leXhQQVRIZ0dpcDlIT3ZrNmFkQkxGUVdfczUxMG9EcVR3NjRhZWxYai1EdG12ZXJWbjJNQWNTbEI5aDFBMHg0SlN4ZWNMaHZyUUR0dVR3QzMxMmp3YjdkWHJiNDhUQ2FXMTllcVdLamZGcVU?oc=5\" target=\"_blank\" rel=\"nofollow noopener\">Pils\u0113ta atplaukst tur, kur esam m\u0113s. Uz noris\u0113m aicina m\u016bsdienu kult\u016bras forums Balt\u0101 nakts<\/a>&nbsp;&nbsp;diena.lv<\/li>\n<li><a href=\"https:\/\/news.google.com\/rss\/articles\/CBMilgFBVV95cUxQUTBDSGNiM0s3TjJBRWpDWjdocXNCakpSVmFoQzhfcC16dzZ2N3YxMUdoMUwwTlJBUmUzZjQ5VndUcUozanp5blprbE9jRjAwaXA3cDFlWDhINjk2SUpRUGpTNzJqUUFJYl8zaC1jekszRERBVjVYTkFJN3VZdHd2dk5wREpjV1pfQzFYY3E1dlRKRWUwOGc?oc=5\" target=\"_blank\" rel=\"nofollow noopener\">Sestdien R\u012bg\u0101 vair\u0101k nek\u0101 30 viet\u0101s norisin\u0101sies &#8220;Balt\u0101 nakts&#8221;<\/a>&nbsp;&nbsp;Sejas.lv<\/li>\n<li><a href=\"https:\/\/news.google.com\/rss\/articles\/CBMijwJBVV95cUxOVG5QSndNdDJqMm9tSUJreTFPZGZfbWxHZF96Y0V2Mm83aTl1dUFfSHZJQmZ3cE1Sa0ZBVml3WnJQcTAtZzRtM1JhYnFxTXFLYWtERDV4N3JuUTRVMExRMWIySGg4STcwSlU0RkZmeE4yUV8zdlBwRmZtcDkzNVp1bU1WaThaSTRmM3g0Nk9Qcjl1cy1QdDRzMVlYOEdOSGxMZF9MNUlLR3pkUmVlSkpEd01WTkVhSW8zU3lOTDMzMDJPdmVCMFJMSnNxR2JHeWRNNF9QYVJHZnQ0ZGJrbVFreXM5R09lbWZiRFF2ajc3VHJRVUE4My1naVdnZEozWm1yYWR3b1BBX0JILXktWnVV?oc=5\" target=\"_blank\" rel=\"nofollow noopener\">\u00abBalt\u0101 nakts\u00bb \u013cauj uz ierasto pils\u0113tu paraudz\u012bties cit\u0101d\u0101k. Saruna ar foruma programmas koncepcijas autori L\u012bnu Birzaku<\/a>&nbsp;&nbsp;LSM<\/li>\n<li><a href=\"https:\/\/news.google.com\/rss\/articles\/CBMiuwFBVV95cUxOQ0VoQkZaRzF6Z3BqTkJoVUFNQjhYY2JGek1WTy1jQkJpVWtVSnR1OEowX1BKZW4yUlVoUG1vOWF3NlFZRjQwYkVaOFF1eFNYcjFPMmxlZ1FncjdESURzT2pYcHFNc3lzRHJubjQ5VlFHd3ZvVGhJUll0YjE2NmNhODlRRDZfOU5tYjBKajNMejhWd2prcUxzam1SRmVPWGNVd0NWNWVtekRQVlB0bzNNMlVzNzU1SER5Q0Rj?oc=5\" target=\"_blank\" rel=\"nofollow noopener\">No R\u012bgas bebru st\u0101stiem l\u012bdz dej\u0101m V\u0113rmanes d\u0101rz\u0101: ko piedz\u012bvot &#8220;Baltaj\u0101 nakt\u012b&#8221;?<\/a>&nbsp;&nbsp;tv3.lv<\/li>\n<\/ol>\n","protected":false},"excerpt":{"rendered":"Foto: R\u012bg\u0101 virmo m\u0101ksla un rado\u0161ums \u2013 ieskats &#8220;Balt\u0101s nakts&#8221; noris\u0113s&nbsp;&nbsp;DELFI Pils\u0113ta atplaukst tur, kur esam m\u0113s. Uz&hellip;\n","protected":false},"author":2,"featured_media":286803,"comment_status":"","ping_status":"","sticky":false,"template":"","format":"standard","meta":{"footnotes":"","_share_on_mastodon":"0"},"categories":[12],"tags":[23,42473,28,29,32,33,22,30,31,35,39,38,36,37,34,40,20,26,27,24,25,21],"class_list":["post-286802","post","type-post","status-publish","format-standard","has-post-thumbnail","category-latvija","tag-aktualitates","tag-balta-nakts","tag-breaking-news","tag-breakingnews","tag-featured-news","tag-featurednews","tag-headlines","tag-latest-news","tag-latestnews","tag-latvia","tag-latvian","tag-latviesu","tag-latviesu-valoda","tag-latviesuvaloda","tag-latvija","tag-lv","tag-news","tag-popularakas-zinas","tag-popularakaszinas","tag-top-stories","tag-topstories","tag-zinas"],"share_on_mastodon":{"url":"https:\/\/pubeurope.com\/@lv\/117222774351409339","error":""},"_links":{"self":[{"href":"https:\/\/www.europesays.com\/lv\/wp-json\/wp\/v2\/posts\/286802","targetHints":{"allow":["GET"]}}],"collection":[{"href":"https:\/\/www.europesays.com\/lv\/wp-json\/wp\/v2\/posts"}],"about":[{"href":"https:\/\/www.europesays.com\/lv\/wp-json\/wp\/v2\/types\/post"}],"author":[{"embeddable":true,"href":"https:\/\/www.europesays.com\/lv\/wp-json\/wp\/v2\/users\/2"}],"replies":[{"embeddable":true,"href":"https:\/\/www.europesays.com\/lv\/wp-json\/wp\/v2\/comments?post=286802"}],"version-history":[{"count":0,"href":"https:\/\/www.europesays.com\/lv\/wp-json\/wp\/v2\/posts\/286802\/revisions"}],"wp:featuredmedia":[{"embeddable":true,"href":"https:\/\/www.europesays.com\/lv\/wp-json\/wp\/v2\/media\/286803"}],"wp:attachment":[{"href":"https:\/\/www.europesays.com\/lv\/wp-json\/wp\/v2\/media?parent=286802"}],"wp:term":[{"taxonomy":"category","embeddable":true,"href":"https:\/\/www.europesays.com\/lv\/wp-json\/wp\/v2\/categories?post=286802"},{"taxonomy":"post_tag","embeddable":true,"href":"https:\/\/www.europesays.com\/lv\/wp-json\/wp\/v2\/tags?post=286802"}],"curies":[{"name":"wp","href":"https:\/\/api.w.org\/{rel}","templated":true}]}}