{"id":286804,"date":"2026-09-06T06:52:09","date_gmt":"2026-09-06T06:52:09","guid":{"rendered":"https:\/\/www.europesays.com\/lv\/286804\/"},"modified":"2026-09-06T06:52:09","modified_gmt":"2026-09-06T06:52:09","slug":"vetras-sekas-parvertusas-tragedija-jekabpils-novada-iespejams-sadales-tikla-kavesanas-del-gajis-boja-gimenes-milulis","status":"publish","type":"post","link":"https:\/\/www.europesays.com\/lv\/286804\/","title":{"rendered":"V\u0113tras sekas p\u0101rv\u0113rtu\u0161\u0101s tra\u0123\u0113dij\u0101 J\u0113kabpils novad\u0101 \u2013 iesp\u0113jams, \u201cSadales t\u012bkla\u201d kav\u0113\u0161an\u0101s d\u0113\u013c g\u0101jis boj\u0101 \u0123imenes m\u012blulis"},"content":{"rendered":"<p>    <img decoding=\"async\" src=\"https:\/\/www.europesays.com\/lv\/wp-content\/uploads\/2026\/09\/FotoJet-2026-09-06T091621.160-1024x683.jpg\" alt=\"&#10;\"\/><\/p>\n<p>                                                <a href=\"https:\/\/news.google.com\/publications\/CAAqHQgKIhdDQklTQ3dnTWFnY0tCV3hoTG14MktBQVAB?hl=lv&amp;gl=LV&amp;ceid=LV%3Alv\" target=\"_blank\" style=\"font-family:SF Pro Display, Roboto, serif;font-size:12px;font-weight:bold;text-transform:uppercase;color:#000;text-decoration:none;line-height:34px;height:32px;display:block\" rel=\"nofollow noopener\"><br \/>\n                            Pievieno LA.LV<br \/>\n                            <img loading=\"lazy\" decoding=\"async\" src=\"https:\/\/www.la.lv\/assets\/images\/icon\/logo-google.svg\" style=\"margin-left:4px;vertical-align: -5px;\" width=\"18\" height=\"18\"\/><br \/>\n                        <\/a><br \/>\n                                                                        <a href=\"https:\/\/whatsapp.com\/channel\/0029VbCMJEF2v1IwTt54UN0u\" target=\"_blank\" class=\"whatsapp-channel-follow\" rel=\"nofollow noopener\"><br \/>\n                            Seko WhatsApp<\/p>\n<p>                        <\/a><\/p>\n<p>Pirms p\u0101ris ned\u0113\u013c\u0101m Latvijai p\u0101rbr\u0101z\u0101s posto\u0161a v\u0113tra, ar kuras sek\u0101m daudzviet c\u012bn\u0101s joproj\u0101m, ta\u010du ir ar\u012b cilv\u0113ki, kuri, visticam\u0101k, v\u0113tras post\u012bjumus neaizmirs\u012bs nekad, jo zaud\u0113jumi biju\u0161i p\u0101r\u0101k lieli un s\u0101p\u012bgi.<\/p>\n<p>        Las\u012bt\u0101kie<br \/>\n        <a data-imagesrc=\"{&quot;300&quot;:&quot;https:\\\/\\\/lastatic.ams3.cdn.digitaloceanspaces.com\\\/2026\\\/07\\\/pexels-karola-g-4750373-300x200.jpg&quot;,&quot;1024&quot;:&quot;https:\\\/\\\/lastatic.ams3.cdn.digitaloceanspaces.com\\\/2026\\\/07\\\/pexels-karola-g-4750373-1024x683.jpg&quot;,&quot;1536&quot;:&quot;https:\\\/\\\/lastatic.ams3.cdn.digitaloceanspaces.com\\\/2026\\\/07\\\/pexels-karola-g-4750373-1536x1024.jpg&quot;,&quot;500&quot;:&quot;https:\\\/\\\/lastatic.ams3.cdn.digitaloceanspaces.com\\\/2026\\\/07\\\/pexels-karola-g-4750373-500x333.jpg&quot;,&quot;800&quot;:&quot;https:\\\/\\\/lastatic.ams3.cdn.digitaloceanspaces.com\\\/2026\\\/07\\\/pexels-karola-g-4750373-800x533.jpg&quot;,&quot;2560&quot;:&quot;https:\\\/\\\/lastatic.ams3.cdn.digitaloceanspaces.com\\\/2026\\\/07\\\/pexels-karola-g-4750373-scaled.jpg&quot;}\" data-focuspoint=\"&quot;&quot;\" data-p=\"2604493\" href=\"https:\/\/www.la.lv\/rudens-sakuma-ienes-so-augu-majas-senak-ticeja-ka-tas-pasarga-no-launuma-un-nelaimem\" class=\"content-item lazy-load\" wp_automatic_readability=\"26.5\" rel=\"nofollow noopener\" target=\"_blank\"><\/p>\n<p>                                <img decoding=\"async\" src=\"\" alt=\"\" style=\"\" data-imageid=\"\"\/><\/p>\n<p>                                Kokteilis<\/p>\n<p>\n                                                                                Rudens s\u0101kum\u0101 ienesiet \u0161o augu m\u0101j\u0101s! Sen\u0101k tic\u0113ja, ka tas pasarg\u0101 no \u013caunuma un nelaim\u0113m\n                            <\/p>\n<p><\/a><a data-imagesrc=\"{&quot;300&quot;:&quot;https:\\\/\\\/lastatic.ams3.cdn.digitaloceanspaces.com\\\/2025\\\/03\\\/dessert-352475_1280-300x200.jpg&quot;,&quot;1024&quot;:&quot;https:\\\/\\\/lastatic.ams3.cdn.digitaloceanspaces.com\\\/2025\\\/03\\\/dessert-352475_1280-1024x682.jpg&quot;,&quot;768&quot;:&quot;https:\\\/\\\/lastatic.ams3.cdn.digitaloceanspaces.com\\\/2025\\\/03\\\/dessert-352475_1280-768x512.jpg&quot;,&quot;200&quot;:&quot;https:\\\/\\\/lastatic.ams3.cdn.digitaloceanspaces.com\\\/2025\\\/03\\\/dessert-352475_1280-200x133.jpg&quot;,&quot;400&quot;:&quot;https:\\\/\\\/lastatic.ams3.cdn.digitaloceanspaces.com\\\/2025\\\/03\\\/dessert-352475_1280-400x267.jpg&quot;,&quot;500&quot;:&quot;https:\\\/\\\/lastatic.ams3.cdn.digitaloceanspaces.com\\\/2025\\\/03\\\/dessert-352475_1280-500x333.jpg&quot;,&quot;800&quot;:&quot;https:\\\/\\\/lastatic.ams3.cdn.digitaloceanspaces.com\\\/2025\\\/03\\\/dessert-352475_1280-800x533.jpg&quot;,&quot;1000&quot;:&quot;https:\\\/\\\/lastatic.ams3.cdn.digitaloceanspaces.com\\\/2025\\\/03\\\/dessert-352475_1280-1000x666.jpg&quot;,&quot;1280&quot;:&quot;https:\\\/\\\/lastatic.ams3.cdn.digitaloceanspaces.com\\\/2025\\\/03\\\/dessert-352475_1280.jpg&quot;}\" data-focuspoint=\"&quot;&quot;\" data-p=\"2604213\" href=\"https:\/\/www.la.lv\/8-veseligi-saldumi-kurus-var-un-pat-vajadzetu-est-ieverojot-dietu\" class=\"content-item lazy-load\" wp_automatic_readability=\"27\" rel=\"nofollow noopener\" target=\"_blank\"><\/p>\n<p>                                <img decoding=\"async\" src=\"\" alt=\"\" style=\"\" data-imageid=\"\"\/><\/p>\n<p>                                Veselam<\/p>\n<p>\n                                                                                8 vesel\u012bgi saldumi, kurus var un pat vajadz\u0113tu \u0113st, iev\u0113rojot di\u0113tu\n                            <\/p>\n<p><\/a><a data-imagesrc=\"{&quot;300&quot;:&quot;https:\\\/\\\/lastatic.ams3.cdn.digitaloceanspaces.com\\\/2026\\\/09\\\/Gemini_Generated_Image_feqimfeqimfeqimf-300x191.jpg&quot;,&quot;1024&quot;:&quot;https:\\\/\\\/lastatic.ams3.cdn.digitaloceanspaces.com\\\/2026\\\/09\\\/Gemini_Generated_Image_feqimfeqimfeqimf-1024x652.jpg&quot;,&quot;1536&quot;:&quot;https:\\\/\\\/lastatic.ams3.cdn.digitaloceanspaces.com\\\/2026\\\/09\\\/Gemini_Generated_Image_feqimfeqimfeqimf-1536x978.jpg&quot;,&quot;500&quot;:&quot;https:\\\/\\\/lastatic.ams3.cdn.digitaloceanspaces.com\\\/2026\\\/09\\\/Gemini_Generated_Image_feqimfeqimfeqimf-500x318.jpg&quot;,&quot;800&quot;:&quot;https:\\\/\\\/lastatic.ams3.cdn.digitaloceanspaces.com\\\/2026\\\/09\\\/Gemini_Generated_Image_feqimfeqimfeqimf-800x509.jpg&quot;,&quot;2528&quot;:&quot;https:\\\/\\\/lastatic.ams3.cdn.digitaloceanspaces.com\\\/2026\\\/09\\\/Gemini_Generated_Image_feqimfeqimfeqimf.jpg&quot;}\" data-focuspoint=\"&quot;&quot;\" data-p=\"2603260\" href=\"https:\/\/www.la.lv\/tests-vai-vai-pateikt-kurs-no-zidainiem-ir-meitene-90-cilveku-atbild-nepareizi\" class=\"content-item lazy-load\" wp_automatic_readability=\"26.5\" rel=\"nofollow noopener\" target=\"_blank\"><\/p>\n<p>                                <img decoding=\"async\" src=\"\" alt=\"\" style=\"\" data-imageid=\"\"\/><\/p>\n<p>                                Kokteilis<\/p>\n<p>\n                                                                                TESTS. Vai vari pateikt, kur\u0161 no z\u012bdai\u0146iem ir meitene? 90% cilv\u0113ku atbild nepareizi\n                            <\/p>\n<p><\/a><br \/>\n        <a class=\"read-more\" href=\"https:\/\/www.la.lv\/top\" rel=\"nofollow noopener\" target=\"_blank\">Las\u012bt citas zi\u0146as<\/a><\/p>\n<p>T\u0101ds ir ar\u012b k\u0101ds st\u0101sts no J\u0113kabpils novada, kur diem\u017e\u0113l k\u0101dai \u0123imenei p\u0113c v\u0113tras nu ir j\u0101sadz\u012bvo ar s\u0113r\u0101m p\u0113c vi\u0146u \u0123imenes m\u012blu\u013ca. P\u0113cgar\u0161a ir palikusi \u012bpa\u0161i slikta, jo esot saj\u016bta, ka \u0161o nelaimi var\u0113ja nov\u0113rst.<\/p>\n<p>Vados neesot elektr\u012bbas<\/p>\n<p>Viss notika 22.augusta vakar\u0101 ap plkst.20.40, kad Daces \u0123imene paman\u012bja un sadzird\u0113ja, ka pie pa\u0161as m\u0101jas stiprais v\u0113j\u0161 nog\u0101\u017e koku, kas uzkritis uz elektr\u012bbas vadiem, p\u0101rraujot tos. \u0122imene nekav\u0113joties zi\u0146ojusi uz\u0146\u0113mumam \u201cSadales t\u012bkls\u201d, inform\u0113jot, ka priv\u0101t\u0101 \u012bpa\u0161um\u0101 ir norauti vadi, tie gu\u013c zem\u0113. Pieteikums ticis re\u0123istr\u0113ts, ta\u010du telefoniski sa\u0146emts ar\u012b mierin\u0101jums, ka vados elektr\u012bbas neesot, t\u0101 esot atsl\u0113gta, l\u012bdz ar to briesmas nedraudot.<\/p>\n<p>    CITI \u0160OBR\u012aD LASA<\/p>\n<p>\u0122imene, lai gan satraukta par tik tuvu m\u0101jai eso\u0161ajiem vadiem, tom\u0113r centusies ne\u013cauties panikai, jo apzin\u0101ju\u0161ies, ka elektri\u0137iem \u0161aj\u0101 laik\u0101 noteikti ir daudz darba, ta\u010du, kad bija pag\u0101ju\u0161as jau vair\u0101k nek\u0101 24 stundas kop\u0161 atgad\u012bjuma, tom\u0113r nol\u0113mu\u0161i atk\u0101rtoti sazin\u0101ties ar \u201cSadales t\u012bkla\u201d p\u0101rst\u0101vjiem.<\/p>\n<blockquote><p>\u201c23.august\u0101 plkst.21.26 atk\u0101rtoti zi\u0146oj\u0101m, jo paman\u012bj\u0101m, ka blakus m\u0101j\u0101m ir atjaunota elektroapg\u0101de, l\u012bdz ar to satrauc\u0101mies, ka spriegums var\u0113tu b\u016bt ar\u012b m\u016bsu pagalm\u0101 zem\u0113 eso\u0161ajos vados. Situ\u0101cija tika piefiks\u0113ta, ta\u010du neviens joproj\u0101m neierad\u0101s apsekot b\u012bstam\u012bbu,\u201d dal\u0101s Dace.<\/p><\/blockquote>\n<p>Vi\u0146as \u0123imen\u0113 aug tr\u012bs b\u0113rni un ir divi su\u0146i, t\u0101p\u0113c satraukums bijis ne tikai par savu, bet ar\u012b p\u0101r\u0113j\u0101s \u0123imenes dro\u0161\u012bbu. Pirmdienas \u2013 24.augusta \u2013 r\u012bt\u0101 zvan\u012bju\u0161i uz\u0146\u0113mumam v\u0113lreiz, izkl\u0101stot situ\u0101cijas b\u012bstam\u012bbu un savas ba\u017eas, ta\u010du sa\u0146emta atbilde, ka objekt\u0101 k\u0101ds ierad\u012bsies rindas k\u0101rt\u012bb\u0101 un remontdarbu veik\u0161anai b\u016bs nepiecie\u0161amas p\u0101ris dienas.<\/p>\n<p>\u201cOtrdien v\u012brs bija izg\u0101jis \u0101r\u0101 kop\u0101 ar m\u016bsu suni Hubertu. Protams, nokritu\u0161ajam kokam un zem\u0113 eso\u0161ajiem vadiem kl\u0101t neg\u0101ja, ros\u012bj\u0101s cit\u0101 pagalma da\u013c\u0101. Suns uztur\u0113j\u0101s tuvum\u0101, ta\u010du vien\u0101 br\u012bd\u012b paskr\u0113ja mal\u0101 \u2013 uz nog\u0101zt\u0101 koka pusi\u2026 Es istab\u0101 str\u0101d\u0101ju, kad v\u012brs ieskr\u0113ja un satraukti pazi\u0146oja, ka izskat\u0101s, ka Huberts ir pa galam,\u201d \u0161ausmino\u0161os notikumus atceras Dace.<\/p>\n<p>Protams, vi\u0146i nevar\u0113ja tikt kl\u0101t pie su\u0146a, jo baid\u012bj\u0101s par savu dz\u012bv\u012bbu, ta\u010du p\u0101rdz\u012bvojums bijis milz\u012bgs, jo Huberts nav parasts suns \u2013 vi\u0146\u0161 ir \u0161\u0137irnes suns ar ciltsrakstiem, regul\u0101ri piedal\u012bjies da\u017e\u0101d\u0101s izst\u0101d\u0113s un sacens\u012bb\u0101s, izc\u012bnot godalgas. Dacei ir \u013coti gr\u016bti vald\u012bt emocijas, jo \u0161is dz\u012bvnieks vi\u0146u \u0123imenei bijis \u012bsts d\u0101rgums \u2013 audzin\u0101ts un paklaus\u012bgs suns. <\/p>\n<blockquote><p>\u201cOtrdien, 25.august\u0101 plkst.15.45 mans suns g\u0101ja boj\u0101, saskaroties ar nokritu\u0161ajiem vadiem, kuros bija spriegums, lai gan uz\u0146\u0113mum\u0101 apgalvoja, ka t\u0101 neesot. Spriegums tika atsl\u0113gts tikai p\u0113c atk\u0101rtota zvana otrdien. <\/p><\/blockquote>\n<p>Tad ar\u012b beidzot ierad\u0101s brig\u0101de, un m\u0113s beidzot var\u0113j\u0101m pa\u0146emt su\u0146a \u0137ermeni. Tika konstat\u0113ta vi\u0146a n\u0101ve,\u201d skumst Dace.<\/p>\n<p>P\u0113c notiku\u0161\u0101 p\u0101ri paliku\u0161as skumjas un virkne jaut\u0101jumu: vai tie\u0161\u0101m nokritu\u0161i elektr\u012bbas vadi tuvu dz\u012bvojamai m\u0101jai nav starp priorit\u0101ri apsekojam\u0101m viet\u0101m? Vai tie\u0161\u0101m spriegumu dr\u012bkst\u0113ja atjaunot, neapsekojot objektu (jo \u012bpa\u0161i zinot, ka tuvum\u0101 ir gan dz\u012bvnieki, gan b\u0113rni)?<\/p>\n<p>\u201cSadales t\u012bkls\u201d izsaka l\u012bdzj\u016bt\u012bbu<\/p>\n<p>Lai sa\u0146emtu atbildes uz \u0161iem jaut\u0101jumiem, sazin\u0101jos ar uz\u0146\u0113muma \u201cSadales t\u012bkls\u201d p\u0101rst\u0101vjiem, kuri nor\u0101da, ka \u0161\u012b bija sp\u0113c\u012bg\u0101k\u0101 vasaras v\u0113tra Latvij\u0101 meteorolo\u0123isko nov\u0113rojumu v\u0113stur\u0113 \u2013 br\u0101zmas p\u0101rsniegu\u0161as 30 metrus sekund\u0113, t\u0101s daudzviet papildin\u0101ju\u0161as ekstrem\u0101las lietavas.<\/p>\n<p>L\u012bdz ar to boj\u0101jumi bija ne tikai sadales t\u012bkl\u0101, bet netipiski pla\u0161\u0101 apjom\u0101 ar\u012b p\u0101rvades elektrot\u012bkl\u0101, ietekm\u0113jot elektroapg\u0101di vis\u0101 Latvij\u0101. Priorit\u0101ti tiku\u0161as atjaunotas p\u0101rvades jeb ma\u0123istr\u0101l\u0101s elektrol\u012bnijas, tikai p\u0113c tam sec\u012bgi nov\u0113rsti boj\u0101jumi vid\u0113j\u0101 un zemsprieguma t\u012bkl\u0101. Darba bijis patie\u0161\u0101m daudz.<\/p>\n<p>Uz\u0146\u0113mum\u0101 skaidro \u2013 tik liela boj\u0101jumu apjoma d\u0113\u013c nebija iesp\u0113jams visus pieteiktos boj\u0101jumus apsekot nekav\u0113joties \u2013 apseko\u0161ana un nov\u0113r\u0161ana notika pak\u0101peniski. Gan tie\u0161aj\u0101 komunik\u0101cij\u0101 ar klientiem, gan publiskaj\u0101 komunik\u0101cij\u0101 v\u0113tras laik\u0101 un p\u0113c t\u0101s pastiprin\u0101ti atg\u0101din\u0101j\u0101m par dro\u0161\u012bbu elektrot\u012bkla tuvum\u0101.<\/p>\n<p>Savuk\u0101rt, run\u0101jot par konkr\u0113to notikumu J\u0113kabpils novad\u0101, \u201cSadales t\u012bkls\u201d p\u0101rst\u0101vji nor\u0101da: <\/p>\n<blockquote><p>\u201cAr J\u0113kabpils novada klienti sazin\u0101j\u0101mies vair\u0101kk\u0101rt, aicinot iev\u0113rot elektrodro\u0161\u012bbu un netuvoties boj\u0101tajai infrastrukt\u016brai, l\u012bdz brig\u0101des nok\u013c\u016bs l\u012bdz konkr\u0113tajai adresei. \u012apa\u0161i tika uzsv\u0113rts, ka b\u0113rni un m\u0101jdz\u012bvnieki nedr\u012bkst atrasties \u0161\u0101du objektu tuvum\u0101, <\/p><\/blockquote>\n<p>jo uz zemes nokritis vai p\u0101rrauts elektrovads var b\u016bt dz\u012bv\u012bbai b\u012bstams ar\u012b tad, ja nav redzamu dzirkste\u013cu vai citu paz\u012bmju. Klients tika aicin\u0101ts norobe\u017eot konkr\u0113to vietu un netuvoties tai. Diem\u017e\u0113l objekt\u012bvi nebija iesp\u0113jams t\u016bl\u012bt\u0113ji noteikt boj\u0101juma nov\u0113r\u0161anas laiku. Izsak\u0101m visdzi\u013c\u0101ko l\u012bdzj\u016bt\u012bbu sakar\u0101 ar m\u0101jdz\u012bvnieka zaud\u0113jumu.\u201d<\/p>\n<p>T\u0101pat izskan atg\u0101din\u0101jums ikvienam: \u201cV\u0113lreiz aicin\u0101m ikvienu \u0161\u0101d\u0101s \u0101rk\u0101rtas situ\u0101cij\u0101s \u012bpa\u0161i r\u016bp\u012bgi iev\u0113rot elektrodro\u0161\u012bbas pras\u012bbas, l\u012bdz\u012bgi k\u0101 ikdien\u0101 r\u016bp\u0113jamies par savu un savu tuvinieku dro\u0161\u012bbu pie \u016bdens vai cit\u0101s paaugstin\u0101ta riska situ\u0101cij\u0101s. P\u0113c \u0161\u0101da m\u0113roga v\u0113tras valst\u012b bija izveidojusies kr\u012bzes situ\u0101cija ar t\u016bksto\u0161iem elektrot\u012bkla boj\u0101jumu, un to nov\u0113r\u0161ana pras\u012bja laiku. Aicin\u0101m \u0161\u0101dos apst\u0101k\u013cos iev\u0113rot \u012bpa\u0161u piesardz\u012bbu, l\u012bdz boj\u0101jumi ir nov\u0113rsti un teritorija ir dro\u0161a.\u201d<\/p>\n<p>Var pras\u012bt zaud\u0113jumu atl\u012bdz\u012bbu<\/p>\n<p>Kur\u0161 uz\u0146emsies atbild\u012bbu? Ar aptuveni \u0161\u0101du jaut\u0101jumu v\u0113rsos pie eksperta \u2013 zv\u0113rin\u0101ta advok\u0101ta Laura Klagi\u0161a, vaic\u0101jot, ko \u0123imene var dar\u012bt \u0161\u0101d\u0101 situ\u0101cij\u0101.<\/p>\n<p>Turpin\u0101jum\u0101 advok\u0101ta ieteikumi!<\/p>\n<p>\u201cJa st\u0101st\u0101 nor\u0101d\u012btie apst\u0101k\u013ci apstiprin\u0101sies, \u0123imenei var b\u016bt pamats pras\u012bt SIA \u201cSadales t\u012bkls\u201d zaud\u0113jumu atl\u012bdz\u012bbu civiltiesisk\u0101 k\u0101rt\u012bb\u0101. Elektroener\u0123ijas tirgus likuma 6. panta otr\u0101 da\u013ca paredz sist\u0113mas operatora atbild\u012bbu par elektroener\u0123ijas pl\u016bsmu vad\u012bbu sadales sist\u0113m\u0101, savuk\u0101rt 42. panta 2. punkts paredz regulatora sankciju, ja operators nenodro\u0161ina sadales sist\u0113mas darb\u012bbu, apkalpo\u0161anu un dro\u0161umu.<\/p>\n<p>Vispirms b\u016btu nekav\u0113joties j\u0101saglab\u0101 pier\u0101d\u012bjumi: visu zvanu laiki un pieteikumu numuri, sarakste ar \u201cSadales t\u012bklu\u201d, foto un video materi\u0101li, liecinieku kontaktinform\u0101cija, veterin\u0101r\u0101rsta dokuments par dz\u012bvnieka n\u0101ves c\u0113loni, k\u0101 ar\u012b dokumenti par su\u0146a ieg\u0101des cenu, ciltsrakstiem, apm\u0101c\u012bbu, izst\u0101\u017eu rezult\u0101tiem un citiem apst\u0101k\u013ciem, kas apliecina t\u0101 mantisko v\u0113rt\u012bbu. Rakstveida pretenzij\u0101 operatoram b\u016btu j\u0101prasa ar\u012b saglab\u0101t un izsniegt ar incidentu saist\u012btos dispe\u010deru \u017eurn\u0101lus, pieteikumu ierakstus un inform\u0101ciju par brig\u0101\u017eu nos\u016bt\u012b\u0161anu.<\/p>\n<blockquote><p>Civillikuma 1779. pants noteic pien\u0101kumu atl\u012bdzin\u0101t zaud\u0113jumus, kas ar darb\u012bbu vai bezdarb\u012bbu nodar\u012bti citai personai. T\u0101d\u0113\u013c pras\u012bb\u0101 var ietvert pier\u0101d\u0101mos mantiskos zaud\u0113jumus \u2014 dz\u012bvnieka v\u0113rt\u012bbu un ar boj\u0101eju tie\u0161i saist\u012btos izdevumus. <\/p><\/blockquote>\n<p>Izst\u0101\u017eu su\u0146a ciltsraksti, sasniegumi un vaislas potenci\u0101ls var b\u016bt b\u016btiski v\u0113rt\u012bbas pier\u0101d\u012b\u0161anai, ta\u010du tie pa\u0161i par sevi v\u0113l nenosaka atl\u012bdz\u012bbas apm\u0113ru.<\/p>\n<p>Var apsv\u0113rt ar\u012b mor\u0101l\u0101 kait\u0113juma atl\u012bdz\u012bbas pras\u012bjumu. Civillikuma 1635. pants pie\u013cauj atl\u012bdz\u012bbu par fizisk\u0101m vai gar\u012bg\u0101m cie\u0161an\u0101m, tom\u0113r \u0161\u0101d\u0101 situ\u0101cij\u0101 kait\u0113jums un t\u0101 apm\u0113rs b\u016btu konkr\u0113ti j\u0101pier\u0101da; tas nav autom\u0101tiski pie\u0161\u0137irams tikai dz\u012bvnieka boj\u0101ejas fakta d\u0113\u013c.<\/p>\n<p>Par pakalpojuma dro\u0161umu un operatora r\u012bc\u012bbu \u0123imene var v\u0113rsties Sabiedrisko pakalpojumu regul\u0113\u0161anas komisij\u0101. Regulatoram ir ties\u012bbas v\u0113rt\u0113t dro\u0161uma pras\u012bbu iev\u0113ro\u0161anu, tom\u0113r zaud\u0113jumu atl\u012bdz\u012bbu tas neizlemj \u2014 \u0161is pras\u012bjums risin\u0101ms ar vieno\u0161anos ar operatoru vai ties\u0101. Pirms v\u0113r\u0161an\u0101s regulator\u0101 par str\u012bdu likums paredz m\u0113\u0123in\u0101t to atrisin\u0101t ar pa\u0161u pakalpojuma sniedz\u0113ju.<\/p>\n<p>Iz\u0161\u0137iro\u0161i b\u016bs noskaidrot, vai \u201cSadales t\u012bkls\u201d laikus sa\u0146\u0113ma inform\u0101ciju par zem\u0113 nokritu\u0161ajiem vadiem, vai vados konkr\u0113taj\u0101 laik\u0101 tie\u0161\u0101m bija spriegums un vai past\u0101v tie\u0161a c\u0113lo\u0146sakar\u012bba starp operatora iesp\u0113jamo bezdarb\u012bbu un su\u0146a boj\u0101eju.\u201d<\/p>\n<p>    Zi\u0146o!<\/p>\n<p>\n        Ja ar\u012b Tu v\u0113lies padal\u012bties ar savu st\u0101stu\n    <\/p>\n<p>    <a class=\"zino-calltoaction__button\" href=\"https:\/\/zino.la.lv\" rel=\"nofollow noopener\" target=\"_blank\">Zi\u0146o!<\/a><\/p>\n<p>                                \u0160is raksts ir port\u0101la LA.LV \u012bpa\u0161ums. Jebk\u0101da veida satura p\u0101rpublic\u0113\u0161ana, kop\u0113\u0161ana, izplat\u012b\u0161ana vai cit\u0101da veida izmanto\u0161ana bez iepriek\u0161\u0113jas rakstiskas at\u013caujas no LA.LV redakcijas ir aizliegta. Lai sa\u0146emtu at\u013cauju p\u0101rpublic\u0113t \u0161o rakstu, l\u016bdzu, sazinieties ar  redakciju, rakstot uz <a href=\"https:\/\/www.la.lv\/cdn-cgi\/l\/email-protection\" class=\"__cf_email__\" data-cfemail=\"42313423302b252b022e236c2e34\" rel=\"nofollow noopener\" target=\"_blank\">[email\u00a0protected]<\/a><\/p>\n<p>T\u0113mas<\/p>\n<p>    SAIST\u012aTIE RAKSTI<\/p>\n","protected":false},"excerpt":{"rendered":"Pievieno LA.LV Seko WhatsApp Pirms p\u0101ris ned\u0113\u013c\u0101m Latvijai p\u0101rbr\u0101z\u0101s posto\u0161a v\u0113tra, ar kuras sek\u0101m daudzviet c\u012bn\u0101s joproj\u0101m, ta\u010du&hellip;\n","protected":false},"author":2,"featured_media":286805,"comment_status":"","ping_status":"","sticky":false,"template":"","format":"standard","meta":{"footnotes":"","_share_on_mastodon":"0"},"categories":[5],"tags":[23,28,29,32,33,22,30,31,35,39,38,36,37,34,40,20,26,27,24,25,21],"class_list":["post-286804","post","type-post","status-publish","format-standard","has-post-thumbnail","category-aktualitates","tag-aktualitates","tag-breaking-news","tag-breakingnews","tag-featured-news","tag-featurednews","tag-headlines","tag-latest-news","tag-latestnews","tag-latvia","tag-latvian","tag-latviesu","tag-latviesu-valoda","tag-latviesuvaloda","tag-latvija","tag-lv","tag-news","tag-popularakas-zinas","tag-popularakaszinas","tag-top-stories","tag-topstories","tag-zinas"],"share_on_mastodon":{"url":"https:\/\/pubeurope.com\/@lv\/117222778394781302","error":""},"_links":{"self":[{"href":"https:\/\/www.europesays.com\/lv\/wp-json\/wp\/v2\/posts\/286804","targetHints":{"allow":["GET"]}}],"collection":[{"href":"https:\/\/www.europesays.com\/lv\/wp-json\/wp\/v2\/posts"}],"about":[{"href":"https:\/\/www.europesays.com\/lv\/wp-json\/wp\/v2\/types\/post"}],"author":[{"embeddable":true,"href":"https:\/\/www.europesays.com\/lv\/wp-json\/wp\/v2\/users\/2"}],"replies":[{"embeddable":true,"href":"https:\/\/www.europesays.com\/lv\/wp-json\/wp\/v2\/comments?post=286804"}],"version-history":[{"count":0,"href":"https:\/\/www.europesays.com\/lv\/wp-json\/wp\/v2\/posts\/286804\/revisions"}],"wp:featuredmedia":[{"embeddable":true,"href":"https:\/\/www.europesays.com\/lv\/wp-json\/wp\/v2\/media\/286805"}],"wp:attachment":[{"href":"https:\/\/www.europesays.com\/lv\/wp-json\/wp\/v2\/media?parent=286804"}],"wp:term":[{"taxonomy":"category","embeddable":true,"href":"https:\/\/www.europesays.com\/lv\/wp-json\/wp\/v2\/categories?post=286804"},{"taxonomy":"post_tag","embeddable":true,"href":"https:\/\/www.europesays.com\/lv\/wp-json\/wp\/v2\/tags?post=286804"}],"curies":[{"name":"wp","href":"https:\/\/api.w.org\/{rel}","templated":true}]}}