{"id":286806,"date":"2026-09-06T06:53:25","date_gmt":"2026-09-06T06:53:25","guid":{"rendered":"https:\/\/www.europesays.com\/lv\/286806\/"},"modified":"2026-09-06T06:53:25","modified_gmt":"2026-09-06T06:53:25","slug":"festivala-kuldiga-piano-gaidas-rigas-lidostu-pieskandina-jaunie-pianisti-raksts","status":"publish","type":"post","link":"https:\/\/www.europesays.com\/lv\/286806\/","title":{"rendered":"Festiv\u0101la \u00abKuld\u012bga Piano\u00bb gaid\u0101s R\u012bgas lidostu pieskandina jaunie pianisti \/ Raksts"},"content":{"rendered":"<p>N\u0101kamned\u0113\u013c Kuld\u012bgu pieskandin\u0101s klavierm\u016bzika. Jau piekto reizi pa\u0161m\u0101ju un \u0101rvalstu pianisti pulc\u0113sies starptautiskaj\u0101 festiv\u0101l\u0101 &#8220;Kuld\u012bga Piano&#8221;. Tradicion\u0101li festiv\u0101lu R\u012bgas lidost\u0101 ieskandin\u0101ja jaunie pianisti.\u00a0<\/p>\n<p>K\u0146ada, kas valda teju ikvien\u0101 lidost\u0101, uz mirkli pierimst, kad steidz\u012bgie lidostas pasa\u017eieri apst\u0101jas, lai ieklaus\u012btos m\u016bzik\u0101. Reizi gad\u0101 \u0161eit tiek atvestas klavieres. Uz t\u0101m vair\u0101kas stundas muzic\u0113 J\u0101zepa Medi\u0146a m\u016bzikas vidusskolas jaunie pianisti. T\u0101 tiek ieskandin\u0101ts starptautiskais klavierm\u016bzikas festiv\u0101ls &#8220;Kuld\u012bga Piano&#8221;.\u00a0<\/p>\n<p>Viens no jaunajiem pianistiem, kur\u0161 piedal\u012bj\u0101s pas\u0101kum\u0101, ir\u00a0Rauls Adrians Giri\u010ds: &#8220;Man tas sag\u0101d\u0101 \u013coti lielu prieku. Ne tikai mani, bet ar\u012b, cerams, ka p\u0101r\u0113jos\u00a0man un maniem draugiem izdev\u0101s iepriecin\u0101t!\u00a0<\/p>\n<blockquote>\n<p>T\u0101p\u0113c, ka m\u016bzika ir pasakaina lieta. Un, jo vair\u0101k cilv\u0113ku, jo, manupr\u0101t, br\u012bni\u0161\u0137\u012bg\u0101k!&#8221;\u00a0<\/p>\n<\/blockquote>\n<p>Ne katru dienu, esot lidost\u0101 un steidzoties pasp\u0113t uz savu reisu, iesp\u0113jams baud\u012bt labu klavierm\u016bziku. Un t\u0101s \u0161oreiz ir pa\u0161sp\u0113l\u0113jo\u0161as klavieres \u2013 \u012bpa\u0161a ier\u012bce, kas piestiprin\u0101ta koncertfl\u012b\u0123elim, \u013cauj atska\u0146ot ierakst\u012btu klavierm\u016bziku. Programm\u0101 ir akad\u0113misk\u0101 un d\u017eeza m\u016bzika, ko k\u016br\u0113jis festiv\u0101la idejas autors un pianists Dainis Tenis: &#8220;Es esmu izv\u0113l\u0113jies t\u0101du m\u016bziku ar domu, lai \u0161eit cilv\u0113ki, ejot gar\u0101m ikdienas vajadz\u012bb\u0101s, kas \u0161eit 90 procenti ir kaut kur aizlidot, ir iesp\u0113ja paiet gar\u0101m un paklaus\u012bties \u2013 vau, es \u0161o ska\u0146darbu zinu!&#8221;<\/p>\n<p>Bet ir ar\u012b t\u0101di pasa\u017eieri, kuri izmanto izdev\u012bbu pirms gaid\u0101m\u0101 lidojuma uzsp\u0113l\u0113t pa\u0161i, piem\u0113ram,\u00a0d\u017eeza pianists un komponists\u00a0Art\u016brs Anusausks no Lietuvas: &#8220;Man \u013coti pat\u012bk.\u00a0<\/p>\n<blockquote>\n<p>Katr\u0101 pils\u0113t\u0101, kur vien es ierodos, katr\u0101 lidost\u0101 es vienm\u0113r sp\u0113l\u0113ju. Bet R\u012bg\u0101 es vien da\u017eas min\u016btes var\u0113ju pasp\u0113l\u0113t, jo j\u0101steidzas uz lidma\u0161\u012bnu!&#8221;\u00a0<\/p>\n<\/blockquote>\n<p>Festiv\u0101la &#8220;Kuld\u012bga Piano&#8221; l\u012bdz\u0161in\u0113j\u0101 v\u0113stur\u0113 koncertos uzst\u0101jusies virkne Latvijas un \u0101rvalstu pianistu. \u0160ogad klavierm\u016bziku Kuld\u012bg\u0101 izpild\u012bs Uldis Marhil\u0113vi\u010ds, Rihards Ple\u0161anovs un R\u016bdolfs Macats. Festiv\u0101la centr\u0101lais notikums \u2013 zviedru pianista P\u012btera Sandberga uzst\u0101\u0161an\u0101s. Klaus\u012bt\u0101ju v\u0113rt\u0113jumam tiks nodoti ar\u012b jaundarbi.\u00a0<\/p>\n<p>Pianists M\u0101rti\u0146\u0161 L\u0101p\u0101ns past\u0101st\u012bja: &#8220;\u0160eit es atska\u0146o\u0161u kaut ko t\u0101du, ko l\u012bdz \u0161im nekad neesmu dar\u012bjis. T\u0101 ir mana pa\u0161a t\u0101da k\u0101 solo programma, ko es esmu izveidojis. Iemesls sa\u0146emties kaut ko savu uzrakst\u012bt.\u00a0<\/p>\n<blockquote>\n<p>Bie\u017ei vien \u0161eit cilv\u0113ki, kas sp\u0113l\u0113, atska\u0146o savu m\u016bziku. Un es ar\u012b grib\u0113ju kaut ko t\u0101du pam\u0113\u0123in\u0101t.&#8221;\u00a0<\/p>\n<\/blockquote>\n<p>Starptautiskais klavierm\u016bzikas festiv\u0101ls &#8220;Kuld\u012bga Piano&#8221; norisin\u0101sies no 11. l\u012bdz 13. septembrim.<\/p>\n<p>                    Valodas k\u013c\u016bda rakst\u0101?<\/p>\n<p class=\"d-none d-md-block\">Iez\u012bm\u0113jiet tekstu un spiediet Ctrl+Enter, lai nos\u016bt\u012btu labojamo teksta fragmentu redaktoram! Par faktu k\u013c\u016bd\u0101m l\u016bdzam zi\u0146ot e-past\u0101 redakcija@lsm.lv.<\/p>\n<p class=\"d-md-none\">Iez\u012bm\u0113jiet tekstu un spiediet uz Zi\u0146ot par k\u013c\u016bdu pogas, lai nos\u016bt\u012btu labojamo teksta fragmentu redaktoram!<\/p>\n<p>\n                    Zi\u0146ot par k\u013c\u016bdu\n                <\/p>\n","protected":false},"excerpt":{"rendered":"N\u0101kamned\u0113\u013c Kuld\u012bgu pieskandin\u0101s klavierm\u016bzika. Jau piekto reizi pa\u0161m\u0101ju un \u0101rvalstu pianisti pulc\u0113sies starptautiskaj\u0101 festiv\u0101l\u0101 &#8220;Kuld\u012bga Piano&#8221;. Tradicion\u0101li festiv\u0101lu&hellip;\n","protected":false},"author":2,"featured_media":286807,"comment_status":"","ping_status":"","sticky":false,"template":"","format":"standard","meta":{"footnotes":"","_share_on_mastodon":"0"},"categories":[19],"tags":[89,90,35,39,38,36,37,34,40],"class_list":["post-286806","post","type-post","status-publish","format-standard","has-post-thumbnail","category-izklaide","tag-entertainment","tag-izklaide","tag-latvia","tag-latvian","tag-latviesu","tag-latviesu-valoda","tag-latviesuvaloda","tag-latvija","tag-lv"],"share_on_mastodon":{"url":"https:\/\/pubeurope.com\/@lv\/117222782034414076","error":""},"_links":{"self":[{"href":"https:\/\/www.europesays.com\/lv\/wp-json\/wp\/v2\/posts\/286806","targetHints":{"allow":["GET"]}}],"collection":[{"href":"https:\/\/www.europesays.com\/lv\/wp-json\/wp\/v2\/posts"}],"about":[{"href":"https:\/\/www.europesays.com\/lv\/wp-json\/wp\/v2\/types\/post"}],"author":[{"embeddable":true,"href":"https:\/\/www.europesays.com\/lv\/wp-json\/wp\/v2\/users\/2"}],"replies":[{"embeddable":true,"href":"https:\/\/www.europesays.com\/lv\/wp-json\/wp\/v2\/comments?post=286806"}],"version-history":[{"count":0,"href":"https:\/\/www.europesays.com\/lv\/wp-json\/wp\/v2\/posts\/286806\/revisions"}],"wp:featuredmedia":[{"embeddable":true,"href":"https:\/\/www.europesays.com\/lv\/wp-json\/wp\/v2\/media\/286807"}],"wp:attachment":[{"href":"https:\/\/www.europesays.com\/lv\/wp-json\/wp\/v2\/media?parent=286806"}],"wp:term":[{"taxonomy":"category","embeddable":true,"href":"https:\/\/www.europesays.com\/lv\/wp-json\/wp\/v2\/categories?post=286806"},{"taxonomy":"post_tag","embeddable":true,"href":"https:\/\/www.europesays.com\/lv\/wp-json\/wp\/v2\/tags?post=286806"}],"curies":[{"name":"wp","href":"https:\/\/api.w.org\/{rel}","templated":true}]}}