{"id":286810,"date":"2026-09-06T06:58:08","date_gmt":"2026-09-06T06:58:08","guid":{"rendered":"https:\/\/www.europesays.com\/lv\/286810\/"},"modified":"2026-09-06T06:58:08","modified_gmt":"2026-09-06T06:58:08","slug":"pasaules-junioru-cempions-bilans-paldies-zemessardzei-ka-vareju-nostartet-nevis-but-meza-ziemas-sports-sportacentrs-com","status":"publish","type":"post","link":"https:\/\/www.europesays.com\/lv\/286810\/","title":{"rendered":"Pasaules junioru \u010dempions Bil\u0101ns: &#8220;Paldies zemessardzei, ka var\u0113ju nostart\u0113t, nevis b\u016bt me\u017e\u0101&#8221; \u2013 Ziemas sports \u2013 Sportacentrs.com"},"content":{"rendered":"<p>Iepriek\u0161 zi\u0146oj\u0101m, ka sestdien, 5. septembr\u012b, Madonas pils\u0113tas centr\u0101 aizvad\u012bta FIS pasaules \u010dempion\u0101ta un pasaules junioru \u010dempion\u0101ta rollersl\u0113po\u0161an\u0101 tre\u0161\u0101 sacens\u012bbu diena. 200 metru supersprints Latvijai atnesa tr\u012bs meda\u013cas \u2013 Linda Kaparkal\u0113ja k\u013cuva par pasaules \u010dempioni sievie\u0161u elites konkurenc\u0113, Bruno Bil\u0101ns izc\u012bn\u012bja pasaules junioru \u010dempiona titulu, bet Lauris Kaparkal\u0113js ieguva bronzas meda\u013cu v\u012brie\u0161u elit\u0113.<\/p>\n<p>\u201cEsmu pasaules \u010dempions, un saj\u016btas ir fantastiskas \u2013 \u012bpa\u0161i prieks uzvar\u0113t sav\u0101s m\u0101j\u0101s. Var\u0113ja \u013coti just Latvijas l\u012bdzjut\u0113ju atbalstu. Pirms sacens\u012bb\u0101m bija nelielas \u0161aubas, jo p\u0113d\u0113j\u0101s dien\u0101s nesan\u0101ca tie\u0161i sprintam patren\u0113ties, tom\u0113r zin\u0101ju, ka \u0161odien varu izdar\u012bt kaut ko lielu. Kvalifik\u0101cij\u0101 biju otrais, p\u0113c tam ceturtda\u013cfin\u0101lu un pusfin\u0101lu izdev\u0101s aizvad\u012bt mier\u012bgi un kontrol\u0113ti. Fin\u0101l\u0101 c\u012bn\u012bj\u0101mies ar\u012b kop\u0101 ar R\u016bdolfu Raudzi\u0146u, kur\u0161 fini\u0161\u0113ja ceturtais. \u0160is ir mans p\u0113d\u0113jais gads junioru konkurenc\u0113, t\u0101p\u0113c zin\u0101ju \u2013 man tas ir j\u0101izdara. \u0160odien pa\u0146\u0113mu un izdar\u012bju. Tagad j\u0101gatavojas r\u012btdienas startam,\u201d sac\u012bja Bruno Bil\u0101ns.<\/p>\n","protected":false},"excerpt":{"rendered":"Iepriek\u0161 zi\u0146oj\u0101m, ka sestdien, 5. septembr\u012b, Madonas pils\u0113tas centr\u0101 aizvad\u012bta FIS pasaules \u010dempion\u0101ta un pasaules junioru \u010dempion\u0101ta rollersl\u0113po\u0161an\u0101&hellip;\n","protected":false},"author":2,"featured_media":286811,"comment_status":"","ping_status":"","sticky":false,"template":"","format":"standard","meta":{"footnotes":"","_share_on_mastodon":"0"},"categories":[5],"tags":[23,28,29,32,33,22,30,31,35,39,38,36,37,34,40,20,26,27,24,25,620,21],"class_list":["post-286810","post","type-post","status-publish","format-standard","has-post-thumbnail","category-aktualitates","tag-aktualitates","tag-breaking-news","tag-breakingnews","tag-featured-news","tag-featurednews","tag-headlines","tag-latest-news","tag-latestnews","tag-latvia","tag-latvian","tag-latviesu","tag-latviesu-valoda","tag-latviesuvaloda","tag-latvija","tag-lv","tag-news","tag-popularakas-zinas","tag-popularakaszinas","tag-top-stories","tag-topstories","tag-ziemas-sports","tag-zinas"],"share_on_mastodon":{"url":"https:\/\/pubeurope.com\/@lv\/117222801732793868","error":""},"_links":{"self":[{"href":"https:\/\/www.europesays.com\/lv\/wp-json\/wp\/v2\/posts\/286810","targetHints":{"allow":["GET"]}}],"collection":[{"href":"https:\/\/www.europesays.com\/lv\/wp-json\/wp\/v2\/posts"}],"about":[{"href":"https:\/\/www.europesays.com\/lv\/wp-json\/wp\/v2\/types\/post"}],"author":[{"embeddable":true,"href":"https:\/\/www.europesays.com\/lv\/wp-json\/wp\/v2\/users\/2"}],"replies":[{"embeddable":true,"href":"https:\/\/www.europesays.com\/lv\/wp-json\/wp\/v2\/comments?post=286810"}],"version-history":[{"count":0,"href":"https:\/\/www.europesays.com\/lv\/wp-json\/wp\/v2\/posts\/286810\/revisions"}],"wp:featuredmedia":[{"embeddable":true,"href":"https:\/\/www.europesays.com\/lv\/wp-json\/wp\/v2\/media\/286811"}],"wp:attachment":[{"href":"https:\/\/www.europesays.com\/lv\/wp-json\/wp\/v2\/media?parent=286810"}],"wp:term":[{"taxonomy":"category","embeddable":true,"href":"https:\/\/www.europesays.com\/lv\/wp-json\/wp\/v2\/categories?post=286810"},{"taxonomy":"post_tag","embeddable":true,"href":"https:\/\/www.europesays.com\/lv\/wp-json\/wp\/v2\/tags?post=286810"}],"curies":[{"name":"wp","href":"https:\/\/api.w.org\/{rel}","templated":true}]}}