{"id":286812,"date":"2026-09-06T07:03:13","date_gmt":"2026-09-06T07:03:13","guid":{"rendered":"https:\/\/www.europesays.com\/lv\/286812\/"},"modified":"2026-09-06T07:03:13","modified_gmt":"2026-09-06T07:03:13","slug":"salaspils-novada-gajis-boja-motociklists","status":"publish","type":"post","link":"https:\/\/www.europesays.com\/lv\/286812\/","title":{"rendered":"Salaspils novad\u0101 g\u0101jis boj\u0101 motociklists"},"content":{"rendered":"<p>Salaspils novad\u0101 sestdien ce\u013cu satiksmes negad\u012bjum\u0101 g\u0101jis boj\u0101 motociklists, a\u0123ent\u016bru LETA inform\u0113ja Valsts policij\u0101.<\/p>\n<p>Negad\u012bjums notika ap plkst. 11.15 uz Daugavpils \u0161oseju (A6) un R\u012bgas apvedce\u013cu (A4) savienojo\u0161\u0101 ce\u013ca. Motocikla &#8220;BMW&#8221; vad\u012bt\u0101js apg\u0101z\u0101s un iebrauca ce\u013ca aizsargbarjer\u0101. V\u012brietis zaud\u0113ja dz\u012bv\u012bbu negad\u012bjuma viet\u0101. Valsts\u00a0policija\u00a0turpina noskaidrot notiku\u0161\u0101 apst\u0101k\u013cus.<\/p>\n<p>Aizvad\u012btaj\u0101 diennakt\u012b Latvij\u0101 kopum\u0101 re\u0123istr\u0113ti 98 ce\u013cu satiksmes negad\u012bjumi, kuros cieta 12 cilv\u0113ki un viens g\u0101ja boj\u0101. Starp cietu\u0161ajiem bija divi g\u0101j\u0113ji, divi velosip\u0113disti un viens elektrisk\u0101 skrejrite\u0146a vad\u012bt\u0101js.<\/p>\n<p>Ce\u013cu satiksmes jom\u0101 pie\u0146emti 358 administrat\u012bv\u0101 p\u0101rk\u0101puma l\u0113mumi, taj\u0101 skait\u0101 140 par \u0101truma p\u0101rsnieg\u0161anu un viens par agres\u012bvu brauk\u0161anu.<\/p>\n<p>Stingri aizliegts iAuto.lv public\u0113tos materi\u0101lus izmantot, kop\u0113t vai reproduc\u0113t citos interneta port\u0101los, masu inform\u0101cijas l\u012bdzek\u013cos vai k\u0101 cit\u0101di r\u012bkoties ar iAuto.lv public\u0113tajiem materi\u0101liem bez rakstiskas EON SIA at\u013caujas sa\u0146em\u0161anas.<\/p>\n","protected":false},"excerpt":{"rendered":"Salaspils novad\u0101 sestdien ce\u013cu satiksmes negad\u012bjum\u0101 g\u0101jis boj\u0101 motociklists, a\u0123ent\u016bru LETA inform\u0113ja Valsts policij\u0101. Negad\u012bjums notika ap plkst.&hellip;\n","protected":false},"author":2,"featured_media":286813,"comment_status":"","ping_status":"","sticky":false,"template":"","format":"standard","meta":{"footnotes":"","_share_on_mastodon":"0"},"categories":[12],"tags":[23,28,29,32,33,22,30,31,35,39,38,36,37,34,40,20,26,27,42497,24,25,21],"class_list":["post-286812","post","type-post","status-publish","format-standard","has-post-thumbnail","category-latvija","tag-aktualitates","tag-breaking-news","tag-breakingnews","tag-featured-news","tag-featurednews","tag-headlines","tag-latest-news","tag-latestnews","tag-latvia","tag-latvian","tag-latviesu","tag-latviesu-valoda","tag-latviesuvaloda","tag-latvija","tag-lv","tag-news","tag-popularakas-zinas","tag-popularakaszinas","tag-salaspils-novada-gajis-boja-motociklists","tag-top-stories","tag-topstories","tag-zinas"],"share_on_mastodon":{"url":"https:\/\/pubeurope.com\/@lv\/117222821511892434","error":""},"_links":{"self":[{"href":"https:\/\/www.europesays.com\/lv\/wp-json\/wp\/v2\/posts\/286812","targetHints":{"allow":["GET"]}}],"collection":[{"href":"https:\/\/www.europesays.com\/lv\/wp-json\/wp\/v2\/posts"}],"about":[{"href":"https:\/\/www.europesays.com\/lv\/wp-json\/wp\/v2\/types\/post"}],"author":[{"embeddable":true,"href":"https:\/\/www.europesays.com\/lv\/wp-json\/wp\/v2\/users\/2"}],"replies":[{"embeddable":true,"href":"https:\/\/www.europesays.com\/lv\/wp-json\/wp\/v2\/comments?post=286812"}],"version-history":[{"count":0,"href":"https:\/\/www.europesays.com\/lv\/wp-json\/wp\/v2\/posts\/286812\/revisions"}],"wp:featuredmedia":[{"embeddable":true,"href":"https:\/\/www.europesays.com\/lv\/wp-json\/wp\/v2\/media\/286813"}],"wp:attachment":[{"href":"https:\/\/www.europesays.com\/lv\/wp-json\/wp\/v2\/media?parent=286812"}],"wp:term":[{"taxonomy":"category","embeddable":true,"href":"https:\/\/www.europesays.com\/lv\/wp-json\/wp\/v2\/categories?post=286812"},{"taxonomy":"post_tag","embeddable":true,"href":"https:\/\/www.europesays.com\/lv\/wp-json\/wp\/v2\/tags?post=286812"}],"curies":[{"name":"wp","href":"https:\/\/api.w.org\/{rel}","templated":true}]}}