{"id":286814,"date":"2026-09-06T07:04:19","date_gmt":"2026-09-06T07:04:19","guid":{"rendered":"https:\/\/www.europesays.com\/lv\/286814\/"},"modified":"2026-09-06T07:04:19","modified_gmt":"2026-09-06T07:04:19","slug":"krievija-pirms-trampa-sutnu-vizites-uzbrukusi-lidostam-kijivas-apgabala-1188-lv-2","status":"publish","type":"post","link":"https:\/\/www.europesays.com\/lv\/286814\/","title":{"rendered":"Krievija pirms Trampa s\u016bt\u0146u viz\u012btes uzbrukusi lidost\u0101m Kijivas apgabal\u0101 &#8211; 1188.lv"},"content":{"rendered":"<ol>\n<li><a href=\"https:\/\/news.google.com\/rss\/articles\/CBMiqAFBVV95cUxPdDNLVVhpdnhoNUlub0Jjbi1SRkFDUFRSTmFNd2F5Qy1GWjZRNWh3aWdCT1dVT2pFblpPdmhPYkYtcThpWnVkRm9kbXFXa2ZkM2p6ODRTbkZGS3lmb3QxbTlBNlFZNzZ2a2RLRGtKY0g3WHdoemt3ZDhBRmZ2LU9NYl95aTNRdFNpS0FTWHhUNmxreGpPWlkzNlZLUGxjMDRHQ2czMEYyVUw?oc=5\" target=\"_blank\" rel=\"nofollow noopener\">Krievija pirms Trampa s\u016bt\u0146u viz\u012btes uzbrukusi lidost\u0101m Kijivas apgabal\u0101<\/a>&nbsp;&nbsp;1188.lv<\/li>\n<li><a href=\"https:\/\/news.google.com\/rss\/articles\/CBMiowFBVV95cUxPVVVHYlR3YzJtNXo1em1lQ0ViVzV3dVZIVGtwNm5GQU9yMmJBM29YcG1DbXdzbG0xSjhBM19zbzZPRXBIWWRBemZ1T292UGVCSXo3T1RJbExmZmd4S3I4X0pDUTlSUE9VcE1GNEhhdlhmR2VaYjVsWW5rR2lsZ29SekU1UC00TXNLeDQxX3o4SlNQRzA5Rm9IQ2VRdFUtQUlhbFB3?oc=5\" target=\"_blank\" rel=\"nofollow noopener\">P\u0113c Zelenska uzrunas Sob\u010daku p\u0101r\u0146em hist\u0113rija<\/a>&nbsp;&nbsp;DELFI<\/li>\n<li><a href=\"https:\/\/news.google.com\/rss\/articles\/CBMihgFBVV95cUxOcFo1RWVMUXVsdEx4SkRCbkthUjFhVVlkUmtFWVlwcnpycVBINWh4d3JPV0VYMUFNX3pYWnoyX3o4VllVOHhTa0FGdFB1aFRueVljQWtfd1M0UHpvRlE0M1FtcUdQalJLeldTS3NibkIyYXVFU2tiZWREbUZUbVd6NUVtUHhldw?oc=5\" target=\"_blank\" rel=\"nofollow noopener\">Krievija uzbrukusi Ukrainai ar ra\u0137eti un 121 dronu<\/a>&nbsp;&nbsp;TVNET<\/li>\n<li><a href=\"https:\/\/news.google.com\/rss\/articles\/CBMigAFBVV95cUxQM0V5Q0xYeW9Jb3lfbFdrZGUzRnhZWmN4VEd5b0Jabm5OSTQzeG1WNHUwSXdQeFA2ZWtkVmN5ZjFrNzAxb19kRWhsWERkc19UVjRzR1FJeUMyVlFNaUZsbHY4NldPQW8zWjgtak5LNVoxb0JUWjU1YTFUWXpEdDBHTA?oc=5\" target=\"_blank\" rel=\"nofollow noopener\">Sob\u010daka publiski lam\u0101jas un izsmej ukrai\u0146u valodu, rea\u0123\u0113jot uz Zelenska br\u012bdin\u0101jumu<\/a>&nbsp;&nbsp;NRA<\/li>\n<li><a href=\"https:\/\/news.google.com\/rss\/articles\/CBMipwFBVV95cUxQbEZ1RHNIRjJORHRRNE1ybXpRLVh2cFd2Wko4RkxxeWp4T3hKTDRMUEktVGxlMk9VdzU3NmQ1X0NycXA5QjJydUJpbk82dTNpZ2FyMFYxeG5HMzB5X0NoaXpqUTNFdER6M0ROX1l4UF9uMzhrNjR1V2lWcnpSVU8yT2xuaks1SVN6bEV2aC14RWhTM1NLeVJzQXU1dGtNMXZlejNvYWIzSQ?oc=5\" target=\"_blank\" rel=\"nofollow noopener\">Krievija nakt\u012b v\u0113rsa triecienus Ukrainas lidost\u0101m un civilajiem objektiem<\/a>&nbsp;&nbsp;tv3.lv<\/li>\n<\/ol>\n","protected":false},"excerpt":{"rendered":"Krievija pirms Trampa s\u016bt\u0146u viz\u012btes uzbrukusi lidost\u0101m Kijivas apgabal\u0101&nbsp;&nbsp;1188.lv P\u0113c Zelenska uzrunas Sob\u010daku p\u0101r\u0146em hist\u0113rija&nbsp;&nbsp;DELFI Krievija uzbrukusi Ukrainai&hellip;\n","protected":false},"author":2,"featured_media":286815,"comment_status":"","ping_status":"","sticky":false,"template":"","format":"standard","meta":{"footnotes":"","_share_on_mastodon":"0"},"categories":[5],"tags":[129,11356,473,23,28,29,32,33,22,30,31,35,39,38,36,37,34,40,20,26,27,474,30757,475,30758,24,25,21],"class_list":["post-286814","post","type-post","status-publish","format-standard","has-post-thumbnail","category-aktualitates","tag-__typenameadvicekeyword","tag-id1924","tag-id549","tag-aktualitates","tag-breaking-news","tag-breakingnews","tag-featured-news","tag-featurednews","tag-headlines","tag-latest-news","tag-latestnews","tag-latvia","tag-latvian","tag-latviesu","tag-latviesu-valoda","tag-latviesuvaloda","tag-latvija","tag-lv","tag-news","tag-popularakas-zinas","tag-popularakaszinas","tag-slugkrievijas-iebrukums-ukraina","tag-sluglidostas","tag-titlekrievijas-iebrukums-ukraina","tag-titlelidostas","tag-top-stories","tag-topstories","tag-zinas"],"share_on_mastodon":{"url":"https:\/\/pubeurope.com\/@lv\/117222825194449126","error":""},"_links":{"self":[{"href":"https:\/\/www.europesays.com\/lv\/wp-json\/wp\/v2\/posts\/286814","targetHints":{"allow":["GET"]}}],"collection":[{"href":"https:\/\/www.europesays.com\/lv\/wp-json\/wp\/v2\/posts"}],"about":[{"href":"https:\/\/www.europesays.com\/lv\/wp-json\/wp\/v2\/types\/post"}],"author":[{"embeddable":true,"href":"https:\/\/www.europesays.com\/lv\/wp-json\/wp\/v2\/users\/2"}],"replies":[{"embeddable":true,"href":"https:\/\/www.europesays.com\/lv\/wp-json\/wp\/v2\/comments?post=286814"}],"version-history":[{"count":0,"href":"https:\/\/www.europesays.com\/lv\/wp-json\/wp\/v2\/posts\/286814\/revisions"}],"wp:featuredmedia":[{"embeddable":true,"href":"https:\/\/www.europesays.com\/lv\/wp-json\/wp\/v2\/media\/286815"}],"wp:attachment":[{"href":"https:\/\/www.europesays.com\/lv\/wp-json\/wp\/v2\/media?parent=286814"}],"wp:term":[{"taxonomy":"category","embeddable":true,"href":"https:\/\/www.europesays.com\/lv\/wp-json\/wp\/v2\/categories?post=286814"},{"taxonomy":"post_tag","embeddable":true,"href":"https:\/\/www.europesays.com\/lv\/wp-json\/wp\/v2\/tags?post=286814"}],"curies":[{"name":"wp","href":"https:\/\/api.w.org\/{rel}","templated":true}]}}