{"id":286822,"date":"2026-09-06T07:10:07","date_gmt":"2026-09-06T07:10:07","guid":{"rendered":"https:\/\/www.europesays.com\/lv\/286822\/"},"modified":"2026-09-06T07:10:07","modified_gmt":"2026-09-06T07:10:07","slug":"svetdien-vietam-iespejamas-stipras-lietusgazes-raksts","status":"publish","type":"post","link":"https:\/\/www.europesays.com\/lv\/286822\/","title":{"rendered":"Sv\u0113tdien viet\u0101m iesp\u0113jamas stipras lietusg\u0101zes \/ Raksts"},"content":{"rendered":"<p>Sv\u0113tdien, 6. septembr\u012b, viet\u0101m Latvij\u0101 gaid\u0101ms \u012bslaic\u012bgs lietus, bet lok\u0101li iesp\u0113jamas ar\u012b stirpas lietusg\u0101zes un negaiss, liecina Latvijas Vides, \u0123eolo\u0123ijas un meteorolo\u0123ijas centra (LV\u0122MC) prognoze.<\/p>\n<p>Rietumu, zieme\u013crietumu v\u0113j\u0161 p\u016bt\u012bs l\u0113ni l\u012bdz m\u0113reni, bet R\u012bgas l\u012b\u010da piekrast\u0113 un valsts austrumos v\u0113j\u0161 k\u013c\u016bs br\u0101zmains. Maksim\u0101l\u0101 gaisa temperat\u016bra b\u016bs 15&#8230;18 r\u0101du robe\u017e\u0101s.<\/p>\n<p>Ar\u012b R\u012bg\u0101 palaikam l\u012bs, bet m\u0101ko\u0146i br\u012b\u017eiem izkl\u012bd\u012bs, un uzsp\u012bd\u0113s saule. P\u016bt\u012bs l\u0113ns l\u012bdz m\u0113rens rietumu, zieme\u013crietumu v\u0113j\u0161, kas dienas vid\u016b br\u0101zm\u0101s pastiprin\u0101sies l\u012bdz 14 metriem sekund\u0113. Gaiss galvaspils\u0113t\u0101 iesils l\u012bdz 16&#8230;18 gr\u0101diem.\u00a0<\/p>\n<p>                    Valodas k\u013c\u016bda rakst\u0101?<\/p>\n<p class=\"d-none d-md-block\">Iez\u012bm\u0113jiet tekstu un spiediet Ctrl+Enter, lai nos\u016bt\u012btu labojamo teksta fragmentu redaktoram! Par faktu k\u013c\u016bd\u0101m l\u016bdzam zi\u0146ot e-past\u0101 redakcija@lsm.lv.<\/p>\n<p class=\"d-md-none\">Iez\u012bm\u0113jiet tekstu un spiediet uz Zi\u0146ot par k\u013c\u016bdu pogas, lai nos\u016bt\u012btu labojamo teksta fragmentu redaktoram!<\/p>\n<p>\n                    Zi\u0146ot par k\u013c\u016bdu\n                <\/p>\n","protected":false},"excerpt":{"rendered":"Sv\u0113tdien, 6. septembr\u012b, viet\u0101m Latvij\u0101 gaid\u0101ms \u012bslaic\u012bgs lietus, bet lok\u0101li iesp\u0113jamas ar\u012b stirpas lietusg\u0101zes un negaiss, liecina Latvijas&hellip;\n","protected":false},"author":2,"featured_media":286823,"comment_status":"","ping_status":"","sticky":false,"template":"","format":"standard","meta":{"footnotes":"","_share_on_mastodon":"0"},"categories":[5],"tags":[23,28,29,32,33,22,30,31,35,39,38,36,37,34,40,20,26,27,24,25,21],"class_list":["post-286822","post","type-post","status-publish","format-standard","has-post-thumbnail","category-aktualitates","tag-aktualitates","tag-breaking-news","tag-breakingnews","tag-featured-news","tag-featurednews","tag-headlines","tag-latest-news","tag-latestnews","tag-latvia","tag-latvian","tag-latviesu","tag-latviesu-valoda","tag-latviesuvaloda","tag-latvija","tag-lv","tag-news","tag-popularakas-zinas","tag-popularakaszinas","tag-top-stories","tag-topstories","tag-zinas"],"share_on_mastodon":{"url":"https:\/\/pubeurope.com\/@lv\/117222848943866636","error":""},"_links":{"self":[{"href":"https:\/\/www.europesays.com\/lv\/wp-json\/wp\/v2\/posts\/286822","targetHints":{"allow":["GET"]}}],"collection":[{"href":"https:\/\/www.europesays.com\/lv\/wp-json\/wp\/v2\/posts"}],"about":[{"href":"https:\/\/www.europesays.com\/lv\/wp-json\/wp\/v2\/types\/post"}],"author":[{"embeddable":true,"href":"https:\/\/www.europesays.com\/lv\/wp-json\/wp\/v2\/users\/2"}],"replies":[{"embeddable":true,"href":"https:\/\/www.europesays.com\/lv\/wp-json\/wp\/v2\/comments?post=286822"}],"version-history":[{"count":0,"href":"https:\/\/www.europesays.com\/lv\/wp-json\/wp\/v2\/posts\/286822\/revisions"}],"wp:featuredmedia":[{"embeddable":true,"href":"https:\/\/www.europesays.com\/lv\/wp-json\/wp\/v2\/media\/286823"}],"wp:attachment":[{"href":"https:\/\/www.europesays.com\/lv\/wp-json\/wp\/v2\/media?parent=286822"}],"wp:term":[{"taxonomy":"category","embeddable":true,"href":"https:\/\/www.europesays.com\/lv\/wp-json\/wp\/v2\/categories?post=286822"},{"taxonomy":"post_tag","embeddable":true,"href":"https:\/\/www.europesays.com\/lv\/wp-json\/wp\/v2\/tags?post=286822"}],"curies":[{"name":"wp","href":"https:\/\/api.w.org\/{rel}","templated":true}]}}