{"id":286828,"date":"2026-09-06T07:16:11","date_gmt":"2026-09-06T07:16:11","guid":{"rendered":"https:\/\/www.europesays.com\/lv\/286828\/"},"modified":"2026-09-06T07:16:11","modified_gmt":"2026-09-06T07:16:11","slug":"baltas-vannas-iziet-no-modes-tam-uzradies-nopietns-konkurents","status":"publish","type":"post","link":"https:\/\/www.europesays.com\/lv\/286828\/","title":{"rendered":"Balt\u0101s vannas iziet no modes? T\u0101m uzradies nopietns konkurents"},"content":{"rendered":"<p>Ilgus gadus vannasistaba gandr\u012bz autom\u0101tiski asoci\u0113j\u0101s ar balto \u2013 balt\u0101m fl\u012bz\u0113m, baltu santehniku un, protams, baltu vannu. Ta\u010du \u0161obr\u012bd interjera tendences main\u0101s, un vannasistaba no t\u012bri funkcion\u0101las telpas arvien bie\u017e\u0101k p\u0101rtop par m\u0101j\u012bgu un personisku atp\u016btas vietu, kur\u0101 netr\u016bkst ar\u012b kr\u0101su. Par to, ka vanna k\u013c\u016bst par arvien izteiksm\u012bg\u0101ku interjera elementu, raksta ar\u012b House Beautiful. Izdevums starp aktu\u0101lajiem risin\u0101jumiem izce\u013c gan br\u012bvst\u0101vo\u0161as vannas neitr\u0101los un zemes to\u0146os, gan mode\u013cus, kuros kr\u0101sa izmantota k\u0101 \u012bpa\u0161s akcents. Turkl\u0101t jaun\u0101k\u0101s vannas vairs nav tikai funkcion\u0101ls priek\u0161mets \u2013 ra\u017eot\u0101ji eksperiment\u0113 ar kr\u0101s\u0101m, materi\u0101liem un pat apgaismojumu.<\/p>\n","protected":false},"excerpt":{"rendered":"Ilgus gadus vannasistaba gandr\u012bz autom\u0101tiski asoci\u0113j\u0101s ar balto \u2013 balt\u0101m fl\u012bz\u0113m, baltu santehniku un, protams, baltu vannu. Ta\u010du&hellip;\n","protected":false},"author":2,"featured_media":286829,"comment_status":"","ping_status":"","sticky":false,"template":"","format":"standard","meta":{"footnotes":"","_share_on_mastodon":"0"},"categories":[5],"tags":[23,28,29,32,33,22,30,31,35,39,38,36,37,34,40,20,26,27,24,25,21],"class_list":["post-286828","post","type-post","status-publish","format-standard","has-post-thumbnail","category-aktualitates","tag-aktualitates","tag-breaking-news","tag-breakingnews","tag-featured-news","tag-featurednews","tag-headlines","tag-latest-news","tag-latestnews","tag-latvia","tag-latvian","tag-latviesu","tag-latviesu-valoda","tag-latviesuvaloda","tag-latvija","tag-lv","tag-news","tag-popularakas-zinas","tag-popularakaszinas","tag-top-stories","tag-topstories","tag-zinas"],"share_on_mastodon":{"url":"https:\/\/pubeurope.com\/@lv\/117222872504069762","error":""},"_links":{"self":[{"href":"https:\/\/www.europesays.com\/lv\/wp-json\/wp\/v2\/posts\/286828","targetHints":{"allow":["GET"]}}],"collection":[{"href":"https:\/\/www.europesays.com\/lv\/wp-json\/wp\/v2\/posts"}],"about":[{"href":"https:\/\/www.europesays.com\/lv\/wp-json\/wp\/v2\/types\/post"}],"author":[{"embeddable":true,"href":"https:\/\/www.europesays.com\/lv\/wp-json\/wp\/v2\/users\/2"}],"replies":[{"embeddable":true,"href":"https:\/\/www.europesays.com\/lv\/wp-json\/wp\/v2\/comments?post=286828"}],"version-history":[{"count":0,"href":"https:\/\/www.europesays.com\/lv\/wp-json\/wp\/v2\/posts\/286828\/revisions"}],"wp:featuredmedia":[{"embeddable":true,"href":"https:\/\/www.europesays.com\/lv\/wp-json\/wp\/v2\/media\/286829"}],"wp:attachment":[{"href":"https:\/\/www.europesays.com\/lv\/wp-json\/wp\/v2\/media?parent=286828"}],"wp:term":[{"taxonomy":"category","embeddable":true,"href":"https:\/\/www.europesays.com\/lv\/wp-json\/wp\/v2\/categories?post=286828"},{"taxonomy":"post_tag","embeddable":true,"href":"https:\/\/www.europesays.com\/lv\/wp-json\/wp\/v2\/tags?post=286828"}],"curies":[{"name":"wp","href":"https:\/\/api.w.org\/{rel}","templated":true}]}}