{"id":286830,"date":"2026-09-06T07:18:13","date_gmt":"2026-09-06T07:18:13","guid":{"rendered":"https:\/\/www.europesays.com\/lv\/286830\/"},"modified":"2026-09-06T07:18:13","modified_gmt":"2026-09-06T07:18:13","slug":"eiropas-u-16-cempions-kura-cels-sakas-balvu-novada-rugajos-basketbolists-markuss-aleksandrovs-raksts","status":"publish","type":"post","link":"https:\/\/www.europesays.com\/lv\/286830\/","title":{"rendered":"Eiropas U-16 \u010dempions, kura ce\u013c\u0161 s\u0101k\u0101s Balvu novada\u00a0Rug\u0101jos \u2013 basketbolists Markuss Aleksandrovs \/ Raksts"},"content":{"rendered":"<p>Viens no spilgt\u0101kajiem aizvad\u012bt\u0101s vasaras sporta notikumiem bija Latvijas U-16 basketbola izlases izc\u012bn\u012btais <a href=\"https:\/\/www.lsm.lv\/raksts\/sports\/basketbols\/15.08.2026-latvijas-u-16-basketbola-izlase-gust-vesturisku-uzvaru-un-izcina-eiropas-cempionu-titulu.a658967\/\" rel=\"nofollow noopener\" target=\"_blank\">Eiropas \u010dempion\u0101ta<\/a> zelts, fin\u0101l\u0101 pieveicot vienaud\u017eus no Francijas. L\u012bdz\u0101s citiem izlases pui\u0161iem spilgtu mirkli sav\u0101 sportista karjer\u0101 piedz\u012bvoja ar\u012b 16 gadus vecais Markuss Aleksandrovs, kura basketbola ce\u013c\u0161 s\u0101k\u0101s Balvu novada Rug\u0101jos.<\/p>\n<p>Basketbolista Markusa ce\u013c\u0161 no Rug\u0101jiem l\u012bdz Eiropas \u010dempiona titulam<\/p>\n<p style=\"margin-left:0cm; margin-right:0cm\">Rudens v\u0113smas jau j\u016btamas ar\u012b Rug\u0101ju pagasta &#8220;Viln\u012b\u0161os.&#8221; Te, p\u0101ris kilometrus no pagasta centra\u00a0dz\u012bvo Aleksandrovu \u0123imene: t\u0113tis O\u013cegs, mamma Linda un devi\u0146gad\u012bg\u0101 Paula. Abi vec\u0101kie d\u0113li Markuss un Ralfs jau devu\u0161ies sav\u0101 dz\u012bv\u0113, t\u0101d\u0113\u013c m\u0101j\u0101s ciemojas ret\u0101k. Tom\u0113r p\u0113d\u0113j\u0101s divas ned\u0113\u013cas mammai Lindai ir sv\u0113tku dienas, jo p\u0113c uzvaras Eiropas \u010dempion\u0101t\u0101 br\u012bvdien\u0101s atbraucis jaun\u0101kais d\u0113ls Markuss.<\/p>\n<p style=\"margin-left:0cm; margin-right:0cm\">Markuss Aleksandrovs basketbolu iepazinis Balvu novada Rug\u0101jos, bet profesion\u0101li pilnveidojies\u00a0Gulbenes novada sporta skol\u0101. Vi\u0146a pirmais treneris bijis Sandis Dz\u0113rve, savuk\u0101rt Latvijas Jaunatnes basketbola l\u012bg\u0101 (LJBL) sp\u0113l\u0113jis ar\u012b kop\u0101 ar vec\u0101kiem pui\u0161iem Oskara V\u012bksnas vad\u012bb\u0101.<\/p>\n<blockquote>\n<p style=\"margin-left:0cm; margin-right:0cm\">Markuss no t\u0113va mantojis lielu augumu, ko lieliski papildina iedzimt\u0101s c\u012bn\u012bt\u0101ja \u012bpa\u0161\u012bbas.<\/p>\n<\/blockquote>\n<p style=\"margin-left:0cm; margin-right:0cm\">Gulben\u0113 vair\u0101kus gadus bijis komandas kapteinis, bet p\u0113d\u0113jos divus gadus tren\u0113jies un sp\u0113l\u0113jis It\u0101lij\u0101, kur nok\u013c\u016bt pal\u012bdz\u0113ja Lukas Banki ieteikums. Nesavt\u012bgs basketbola &#8220;meln\u0101 darba&#8221; dar\u012bt\u0101js, kur\u0161 Eiropas \u010dempion\u0101t\u0101 izc\u0113l\u0101s gan c\u012b\u0146\u0101 pie groziem, gan ar\u012b ar g\u016btajiem punktiem \u2013 tre\u0161ais rezultat\u012bv\u0101kais komand\u0101, \u0161\u0101da inform\u0101cija par Markusu Aleksandrovu\u00a0nor\u0101d\u012bta vietn\u0113 <a href=\"https:\/\/www.basket.lv\/\" target=\"_blank\" rel=\"nofollow noopener\">basket.lv<\/a>.<\/p>\n<p style=\"margin-left:0cm; margin-right:0cm\"><img decoding=\"async\" src=\"https:\/\/www.europesays.com\/lv\/wp-content\/uploads\/2026\/09\/u36w.jpg\" alt=\"Markuss Aleksandrovs\"\/><\/p>\n<p>Foto: Santa K\u013cavi\u0146a \/ LSM Latgales redakcija<\/p>\n<p>Markuss Aleksandrovs<\/p>\n<\/p>\n<p style=\"margin-left:0cm; margin-right:0cm\">Jaunietis\u00a0\u0123\u0113rbies Latvijas izlases sporta krekl\u0101 un ir gatavs st\u0101st\u012bt, k\u0101ds ir bijis vi\u0146a ce\u013c\u0161 no Rug\u0101jiem l\u012bdz Eiropas \u010dempiona titulam.<\/p>\n<p style=\"margin-left:0cm; margin-right:0cm\">&#8220;Es s\u0101ku nodarboties ar sportu, kad man bija pieci\u00a0se\u0161i gadi. S\u0101kum\u0101 nodarbojos ar futbolu. M\u0113s abi ar br\u0101li sp\u0113l\u0113j\u0101m futbolu un tad br\u0101lis p\u0101rg\u0101ja uz basketbolu. Tad ar\u012b es piev\u0113rsos vair\u0101k basketbolam. Pirm\u0101 bija Rug\u0101ju sporta skola un ar\u012b z\u0101le turpat blakus. Rug\u0101jos es tren\u0113jos visu b\u0113rn\u012bbu, san\u0101k k\u0101di septi\u0146i gadi, tad es aizg\u0101ju uz Gulbeni, lai var\u0113tu att\u012bst\u012bties, jo tur bija konkurence. Pag\u0101ju\u0161aj\u0101 gad\u0101 es devos uz It\u0101liju. Tagad tas jau b\u016bs tre\u0161ais gads k\u0101 sp\u0113l\u0113ju Livorno &#8220;Don Bosco Livorno&#8221; klub\u0101,&#8221; st\u0101st\u012bja Markuss Aleksandrovs.<\/p>\n<p style=\"margin-left:0cm; margin-right:0cm\">Jaunietis bija p\u0101rliecin\u0101ts, ka l\u012bdz Eiropas \u010dempiona titulam var nok\u013c\u016bt tikai nopietni tren\u0113joties:\u00a0&#8220;Tie\u0161\u0101m ar \u013coti smagu darbu. No r\u012bta se\u0161os celties un iet uz treni\u0146iem katru dienu. Un tev v\u0113l ir ar\u012b skola, oblig\u0101ti j\u0101m\u0101c\u0101s. Ar smagiem treni\u0146iem un cen\u0161anos p\u0113c iesp\u0113jas vair\u0101k dar\u012bt ar\u012b pa\u0161am. Iet uz svaru z\u0101li, lai \u0137ermenis b\u016btu gatavs sp\u0113lei ar lielu slodzi. Un ar\u012b pa\u0161am aiziet krosu paskriet vai aiziet uz z\u0101li un izmest tos 100\u00a0metienus.&#8221;<\/p>\n<p style=\"margin-left:0cm; margin-right:0cm\">Uzzin\u0101t par iek\u013cau\u0161anu Latvijas U16 izlas\u0113 jau bija lieliski, bet uzvar\u0113t vis\u0101s septi\u0146\u0101s Eiropas \u010dempion\u0101ta sp\u0113l\u0113s \u2013 v\u0113l lab\u0101k, atzina\u00a0Markuss.<\/p>\n<p style=\"margin-left:0cm; margin-right:0cm\">&#8220;Saj\u016bta bija tie\u0161\u0101m lieliska, bet es zin\u0101ju, ka tagad viss tikai s\u0101kas. Viss smagais darbs attaisnoj\u0101s, bet es ar\u012b zin\u0101ju, ka ir svar\u012bgi nosp\u0113l\u0113t katru sp\u0113li \u013coti labi, un t\u0101p\u0113c m\u0113s uzvar\u0113j\u0101m. Sp\u0113l\u0113s nebija vieglas. T\u0101 pati uzvara p\u0101r Serbijas komandu. T\u0101 bija pati gr\u016bt\u0101k\u0101 sp\u0113le. Smagi n\u0101ca, bet uzvar\u0113j\u0101m. Pret Sp\u0101niju, vismaz man pa\u0161am \u0161\u0137ita, ka tas bija \u012bstais fin\u0101ls. Pret Franciju, j\u0101, vi\u0146i bija stipri, atl\u0113tiski, bet man pa\u0161am sp\u0113le pret Sp\u0101niju \u0161\u0137ita smag\u0101ka c\u012b\u0146a laukum\u0101,&#8221; pieredz\u0113 dal\u012bj\u0101s jaunietis.<\/p>\n<blockquote>\n<p style=\"margin-left:0cm; margin-right:0cm\">Markuss uzskata, Eiropas \u010dempionu tituls ir komandas nopelns.<\/p>\n<\/blockquote>\n<p style=\"margin-left:0cm; margin-right:0cm\">&#8220;Protams, Bend\u017eamins <a href=\"https:\/\/www.lsm.lv\/raksts\/sports\/basketbols\/21.08.2026-basketbola-savienibas-generalsekretars-par-berue-jau-bijusi-interese-no-asv-u-17-izlases.a659798\/?utm_source=lsm&amp;utm_medium=theme&amp;utm_campaign=theme\" class=\"lsm-link\" data-type=\"article\" data-id=\"659798\" rel=\"nofollow noopener\" target=\"_blank\">Beru\u0113<\/a> neapstr\u012bdami ir l\u012bderis, ta\u010du basketbols ir komandas sp\u0113le un svar\u012bgs katra sp\u0113l\u0113t\u0101ja ieguld\u012bjums: &#8220;Mums patie\u0161\u0101m bija lielisks komandas gars, lieliska komandas \u0137\u012bmija.&#8221;<\/p>\n<p style=\"margin-left:0cm; margin-right:0cm\">Markusa mamma Linda lepojas, vi\u0146as abi d\u0113li ir devu\u0161ies lielaj\u0101 sporta pasaul\u0113. Ralfs tagad sp\u0113l\u0113 VEF R\u012bga komand\u0101, sp\u0113l\u0113jis ar\u012b U18 izlas\u0113, Markuss ir It\u0101lij\u0101 un c\u012bn\u012bjies U16 izlas\u0113. T\u0101p\u0113c katra diena, pavad\u012bta ar d\u0113liem m\u0101j\u0101s, vi\u0146ai ir zelta v\u0113rt\u0113. Tagad Markuss tiek lutin\u0101ts ar iecien\u012btiem m\u0101jas \u0113dieniem, m\u0101sa Paula seko lielajam br\u0101lim pa p\u0113d\u0101m, bet Eiropas \u010dempion\u0101ta sp\u0113les \u0123imene skat\u012bjusies kop\u0101.<\/p>\n<p style=\"margin-left:0cm; margin-right:0cm\"><img decoding=\"async\" src=\"https:\/\/www.europesays.com\/lv\/wp-content\/uploads\/2026\/09\/u36x.jpg\" alt=\"\"\/><\/p>\n<p>Foto: Santa K\u013cavi\u0146a \/ LSM Latgales redakcija<\/p>\n<\/p>\n<p style=\"margin-left:0cm; margin-right:0cm\">&#8220;M\u0113s kop\u0101 \u0123imenes lok\u0101 skat\u012bj\u0101mies. Bija reizes ar\u012b, kad kop\u0101 ar Rug\u0101ju omi kop\u0101 skat\u012bj\u0101mies sp\u0113les. Ome mums ir liels fans, vi\u0146a laikam vair\u0101k par mums visiem p\u0101rdz\u012bvoja. Vi\u0146a jau bija t\u0101, kas Markusu un vi\u0146a br\u0101li uz treni\u0146iem veda, kad m\u0113s ar t\u0113vu str\u0101d\u0101j\u0101m, un vi\u0146a kop\u0101 ar vi\u0146iem to basketbolu iem\u012bl\u0113ja. Vi\u0146a ar\u012b Eirol\u012bgu skat\u0101s,&#8221; st\u0101st\u012bja Markusa mamma Linda.\u00a0<\/p>\n<p style=\"margin-left:0cm; margin-right:0cm\">Rug\u0101jietis Markuss Aleksandrovs ats\u0101k treni\u0146us It\u0101lij\u0101 un paral\u0113li turpina m\u0101c\u012bties R\u012bgas T\u0101lm\u0101c\u012bbas vidusskol\u0101. Raugoties n\u0101kotn\u0113, Markusa m\u0113r\u0137is ir sp\u0113l\u0113t Eirol\u012bg\u0101 un k\u013c\u016bt par treneri.<\/p>\n<p>                    Valodas k\u013c\u016bda rakst\u0101?<\/p>\n<p class=\"d-none d-md-block\">Iez\u012bm\u0113jiet tekstu un spiediet Ctrl+Enter, lai nos\u016bt\u012btu labojamo teksta fragmentu redaktoram! Par faktu k\u013c\u016bd\u0101m l\u016bdzam zi\u0146ot e-past\u0101 redakcija@lsm.lv.<\/p>\n<p class=\"d-md-none\">Iez\u012bm\u0113jiet tekstu un spiediet uz Zi\u0146ot par k\u013c\u016bdu pogas, lai nos\u016bt\u012btu labojamo teksta fragmentu redaktoram!<\/p>\n<p>\n                    Zi\u0146ot par k\u013c\u016bdu\n                <\/p>\n","protected":false},"excerpt":{"rendered":"Viens no spilgt\u0101kajiem aizvad\u012bt\u0101s vasaras sporta notikumiem bija Latvijas U-16 basketbola izlases izc\u012bn\u012btais Eiropas \u010dempion\u0101ta zelts, fin\u0101l\u0101 pieveicot&hellip;\n","protected":false},"author":2,"featured_media":286831,"comment_status":"","ping_status":"","sticky":false,"template":"","format":"standard","meta":{"footnotes":"","_share_on_mastodon":"0"},"categories":[17],"tags":[35,39,38,36,37,34,40,67],"class_list":["post-286830","post","type-post","status-publish","format-standard","has-post-thumbnail","category-sports","tag-latvia","tag-latvian","tag-latviesu","tag-latviesu-valoda","tag-latviesuvaloda","tag-latvija","tag-lv","tag-sports"],"share_on_mastodon":{"url":"https:\/\/pubeurope.com\/@lv\/117222880915359845","error":""},"_links":{"self":[{"href":"https:\/\/www.europesays.com\/lv\/wp-json\/wp\/v2\/posts\/286830","targetHints":{"allow":["GET"]}}],"collection":[{"href":"https:\/\/www.europesays.com\/lv\/wp-json\/wp\/v2\/posts"}],"about":[{"href":"https:\/\/www.europesays.com\/lv\/wp-json\/wp\/v2\/types\/post"}],"author":[{"embeddable":true,"href":"https:\/\/www.europesays.com\/lv\/wp-json\/wp\/v2\/users\/2"}],"replies":[{"embeddable":true,"href":"https:\/\/www.europesays.com\/lv\/wp-json\/wp\/v2\/comments?post=286830"}],"version-history":[{"count":0,"href":"https:\/\/www.europesays.com\/lv\/wp-json\/wp\/v2\/posts\/286830\/revisions"}],"wp:featuredmedia":[{"embeddable":true,"href":"https:\/\/www.europesays.com\/lv\/wp-json\/wp\/v2\/media\/286831"}],"wp:attachment":[{"href":"https:\/\/www.europesays.com\/lv\/wp-json\/wp\/v2\/media?parent=286830"}],"wp:term":[{"taxonomy":"category","embeddable":true,"href":"https:\/\/www.europesays.com\/lv\/wp-json\/wp\/v2\/categories?post=286830"},{"taxonomy":"post_tag","embeddable":true,"href":"https:\/\/www.europesays.com\/lv\/wp-json\/wp\/v2\/tags?post=286830"}],"curies":[{"name":"wp","href":"https:\/\/api.w.org\/{rel}","templated":true}]}}