{"id":286834,"date":"2026-09-06T07:24:17","date_gmt":"2026-09-06T07:24:17","guid":{"rendered":"https:\/\/www.europesays.com\/lv\/286834\/"},"modified":"2026-09-06T07:24:17","modified_gmt":"2026-09-06T07:24:17","slug":"elza-kuze-pirmo-reizi-klust-par-latvijas-cempioni-orientesanas-sporta-videja-distance-viriem-triumfe-kolbe","status":"publish","type":"post","link":"https:\/\/www.europesays.com\/lv\/286834\/","title":{"rendered":"Elza \u0136uze pirmo reizi k\u013c\u016bst par Latvijas \u010dempioni orient\u0113\u0161an\u0101s sporta vid\u0113j\u0101 distanc\u0113, v\u012briem triumf\u0113 Kolbe"},"content":{"rendered":"<p>Sacens\u012bbas notika jaun\u0101, \u0161ogad z\u012bm\u0113t\u0101 kart\u0113, kuras autors ir Indulis Peil\u0101ns. Sievietes elites grup\u0101 dev\u0101s 5020 metru gar\u0101 distanc\u0113 ar 130 augstuma metriem, un uz starta st\u0101j\u0101s vai visas sp\u0113c\u012bg\u0101k\u0101s Latvijas orientieristes, iz\u0146emot talant\u012bgo juniori Ilzi Jumi\u0137i, kura \u0161\u012bs dienas vakar\u0101 izv\u0113l\u0113j\u0101s piedal\u012bties Jelgavas nakts pusmaraton\u0101, kas vienlaikus ir ar\u012b Latvijas \u010dempion\u0101ts pusmaraton\u0101.<\/p>\n","protected":false},"excerpt":{"rendered":"Sacens\u012bbas notika jaun\u0101, \u0161ogad z\u012bm\u0113t\u0101 kart\u0113, kuras autors ir Indulis Peil\u0101ns. Sievietes elites grup\u0101 dev\u0101s 5020 metru gar\u0101&hellip;\n","protected":false},"author":2,"featured_media":286835,"comment_status":"","ping_status":"","sticky":false,"template":"","format":"standard","meta":{"footnotes":"","_share_on_mastodon":"0"},"categories":[17],"tags":[35,39,38,36,37,34,40,67],"class_list":["post-286834","post","type-post","status-publish","format-standard","has-post-thumbnail","category-sports","tag-latvia","tag-latvian","tag-latviesu","tag-latviesu-valoda","tag-latviesuvaloda","tag-latvija","tag-lv","tag-sports"],"share_on_mastodon":{"url":"https:\/\/pubeurope.com\/@lv\/117222903991652317","error":""},"_links":{"self":[{"href":"https:\/\/www.europesays.com\/lv\/wp-json\/wp\/v2\/posts\/286834","targetHints":{"allow":["GET"]}}],"collection":[{"href":"https:\/\/www.europesays.com\/lv\/wp-json\/wp\/v2\/posts"}],"about":[{"href":"https:\/\/www.europesays.com\/lv\/wp-json\/wp\/v2\/types\/post"}],"author":[{"embeddable":true,"href":"https:\/\/www.europesays.com\/lv\/wp-json\/wp\/v2\/users\/2"}],"replies":[{"embeddable":true,"href":"https:\/\/www.europesays.com\/lv\/wp-json\/wp\/v2\/comments?post=286834"}],"version-history":[{"count":0,"href":"https:\/\/www.europesays.com\/lv\/wp-json\/wp\/v2\/posts\/286834\/revisions"}],"wp:featuredmedia":[{"embeddable":true,"href":"https:\/\/www.europesays.com\/lv\/wp-json\/wp\/v2\/media\/286835"}],"wp:attachment":[{"href":"https:\/\/www.europesays.com\/lv\/wp-json\/wp\/v2\/media?parent=286834"}],"wp:term":[{"taxonomy":"category","embeddable":true,"href":"https:\/\/www.europesays.com\/lv\/wp-json\/wp\/v2\/categories?post=286834"},{"taxonomy":"post_tag","embeddable":true,"href":"https:\/\/www.europesays.com\/lv\/wp-json\/wp\/v2\/tags?post=286834"}],"curies":[{"name":"wp","href":"https:\/\/api.w.org\/{rel}","templated":true}]}}