{"id":286840,"date":"2026-09-06T07:32:10","date_gmt":"2026-09-06T07:32:10","guid":{"rendered":"https:\/\/www.europesays.com\/lv\/286840\/"},"modified":"2026-09-06T07:32:10","modified_gmt":"2026-09-06T07:32:10","slug":"video-gaisa-sova-laika-notikusi-tragedija-avarejis-iznicinatajs-boja-gajusi-piloti","status":"publish","type":"post","link":"https:\/\/www.europesays.com\/lv\/286840\/","title":{"rendered":"VIDEO. Gaisa \u0161ova laik\u0101 notikusi tra\u0123\u0113dija &#8211; avar\u0113jis izn\u012bcin\u0101t\u0101js, boj\u0101 g\u0101ju\u0161i piloti"},"content":{"rendered":"<p class=\"descr\">Sestdien gaisa \u0161ova laik\u0101 Tanagra gaisa b\u0101z\u0113 uz zieme\u013ciem no At\u0113n\u0101m avar\u0113ja Grie\u0137ijas divviet\u012bgais izn\u012bcin\u0101t\u0101js F-4 &#8220;Phantom&#8221;, nogalinot pilotus, zi\u0146o &#8220;Reuters&#8221;.<\/p>\n<p>&#8220;Diem\u017e\u0113l abi piloti ir g\u0101ju\u0161i boj\u0101,&#8221; sac\u012bja viena no amatperson\u0101m, piebilstot, ka &#8220;Phantom&#8221; <a href=\"https:\/\/nra.lv\/pasaule\/526859-video-debesis-virs-atenam-saskrejusies-divi-helikopteri.htm\" data-item-link=\"true\" data-item-id=\"526859\" rel=\"nofollow noopener\" target=\"_blank\">avar\u0113ja<\/a> aptuveni divus kilometrus \u0101rpus lidostas, un nav zi\u0146u par ievainojumiem gar\u0101mg\u0101j\u0113jiem vai iedz\u012bvot\u0101jiem pla\u0161\u0101k\u0101 apk\u0101rtn\u0113.<\/p>\n<p>Sabiedrisk\u0101s raidorganiz\u0101cijas ERT videoierakstos redzams, k\u0101 F-4 veica labo pagriezienu da\u017eus metrus virs zemes sekundes pirms av\u0101rijas un p\u0101rv\u0113rt\u0101s ugunsbumb\u0101.<\/p>\n<p>Vienpadsmit ugunsdz\u0113s\u012bbas lidma\u0161\u012bnas un helikopteri str\u0101d\u0101ja, lai ierobe\u017eotu ugunsgr\u0113ku, kas izplat\u012bj\u0101s uz tuv\u0113jo me\u017eu.<\/p>\n<p>\t\t\t\t\t\tinfo<\/p>\n<p>Uzzini pirmais<br \/>kas interesants noticis Latvij\u0101 un pasaul\u0113,<br \/>pievienojoties mums <a href=\"https:\/\/t.me\/neatkariga\" rel=\"nofollow\">Telegram<\/a> vai <a href=\"https:\/\/whatsapp.com\/channel\/0029VaMLFUH5K3zLU5s4wm3y\" rel=\"nofollow noopener\" target=\"_blank\">Whatsapp<\/a> kan\u0101l\u0101<\/p>\n","protected":false},"excerpt":{"rendered":"Sestdien gaisa \u0161ova laik\u0101 Tanagra gaisa b\u0101z\u0113 uz zieme\u013ciem no At\u0113n\u0101m avar\u0113ja Grie\u0137ijas divviet\u012bgais izn\u012bcin\u0101t\u0101js F-4 &#8220;Phantom&#8221;, nogalinot&hellip;\n","protected":false},"author":2,"featured_media":286841,"comment_status":"","ping_status":"","sticky":false,"template":"","format":"standard","meta":{"footnotes":"","_share_on_mastodon":"0"},"categories":[14],"tags":[23,57,28,29,32,33,22,30,31,35,39,38,36,37,34,40,20,26,27,24,25,54,55,56,21,58],"class_list":["post-286840","post","type-post","status-publish","format-standard","has-post-thumbnail","category-zinas-no-arvalstim","tag-aktualitates","tag-arvalstim","tag-breaking-news","tag-breakingnews","tag-featured-news","tag-featurednews","tag-headlines","tag-latest-news","tag-latestnews","tag-latvia","tag-latvian","tag-latviesu","tag-latviesu-valoda","tag-latviesuvaloda","tag-latvija","tag-lv","tag-news","tag-popularakas-zinas","tag-popularakaszinas","tag-top-stories","tag-topstories","tag-world","tag-world-news","tag-worldnews","tag-zinas","tag-zinas-no-arvalstim"],"share_on_mastodon":{"url":"https:\/\/pubeurope.com\/@lv\/117222935285224198","error":""},"_links":{"self":[{"href":"https:\/\/www.europesays.com\/lv\/wp-json\/wp\/v2\/posts\/286840","targetHints":{"allow":["GET"]}}],"collection":[{"href":"https:\/\/www.europesays.com\/lv\/wp-json\/wp\/v2\/posts"}],"about":[{"href":"https:\/\/www.europesays.com\/lv\/wp-json\/wp\/v2\/types\/post"}],"author":[{"embeddable":true,"href":"https:\/\/www.europesays.com\/lv\/wp-json\/wp\/v2\/users\/2"}],"replies":[{"embeddable":true,"href":"https:\/\/www.europesays.com\/lv\/wp-json\/wp\/v2\/comments?post=286840"}],"version-history":[{"count":0,"href":"https:\/\/www.europesays.com\/lv\/wp-json\/wp\/v2\/posts\/286840\/revisions"}],"wp:featuredmedia":[{"embeddable":true,"href":"https:\/\/www.europesays.com\/lv\/wp-json\/wp\/v2\/media\/286841"}],"wp:attachment":[{"href":"https:\/\/www.europesays.com\/lv\/wp-json\/wp\/v2\/media?parent=286840"}],"wp:term":[{"taxonomy":"category","embeddable":true,"href":"https:\/\/www.europesays.com\/lv\/wp-json\/wp\/v2\/categories?post=286840"},{"taxonomy":"post_tag","embeddable":true,"href":"https:\/\/www.europesays.com\/lv\/wp-json\/wp\/v2\/tags?post=286840"}],"curies":[{"name":"wp","href":"https:\/\/api.w.org\/{rel}","templated":true}]}}