{"id":286842,"date":"2026-09-06T07:33:11","date_gmt":"2026-09-06T07:33:11","guid":{"rendered":"https:\/\/www.europesays.com\/lv\/286842\/"},"modified":"2026-09-06T07:33:11","modified_gmt":"2026-09-06T07:33:11","slug":"salaspils-puse-dzivibu-zaudejis-motociklists-tvnet","status":"publish","type":"post","link":"https:\/\/www.europesays.com\/lv\/286842\/","title":{"rendered":"Salaspils pus\u0113 dz\u012bv\u012bbu zaud\u0113jis motociklists &#8211; TVNET"},"content":{"rendered":"<ol>\n<li><a href=\"https:\/\/news.google.com\/rss\/articles\/CBMifkFVX3lxTE9UNU0telE3dW4tQXA0Z0d1TUNVNzFwNHNIcXMtOWotNkoxRTZ1SzgwdDNGUFkyUXE1a2xMeGtkWm5td0dnS01zeEl6LW13dDg5VEpaWE1Iclp0SGRTME52MWRNWV9ZVUhCRzlZN0FKeUdIS2pVTzVyTHJpRElTQQ?oc=5\" target=\"_blank\" rel=\"nofollow noopener\">Salaspils pus\u0113 dz\u012bv\u012bbu zaud\u0113jis motociklists<\/a>&nbsp;&nbsp;TVNET<\/li>\n<li><a href=\"https:\/\/news.google.com\/rss\/articles\/CBMilgFBVV95cUxNV1pKN01DdEFUd3huZUk2dFpFdFdEejVBdzBNY0d1OEhpUTVQaVk3ZGxldjM0eUVmUFlaLU9XdUY3TEV0N1ppWGNTNlBCRE1HV3dXNTMzaEZjekNkM0FqS2lsN2JaZW1VQ2ZqNE5QeWZtQnYyY29sNVpybXhKcHEtQ2ZoTUxub1RXUUhwQTZIVFFtT0NwUkE?oc=5\" target=\"_blank\" rel=\"nofollow noopener\">Salaspils pagast\u0101 dz\u012bv\u012bbu zaud\u0113jis motociklists<\/a>&nbsp;&nbsp;DELFI<\/li>\n<li><a href=\"https:\/\/news.google.com\/rss\/articles\/CBMid0FVX3lxTE80bUVTQnVMMDhoWVU4cEVvX0o5b0c0MHJUQW1ZeWpXbFpVRXJaYXZyaVFIOWpjeUliNUs1TlZMWVBKSi1kUGkxVGhlZV8wdEpBSVFab0h0eWVVT3R2WUZNeDVSRTZwbEdHalRSRnEwYmc4RXhyWkJ3?oc=5\" target=\"_blank\" rel=\"nofollow noopener\">Salaspils pus\u0113 g\u0101jis boj\u0101 motociklists<\/a>&nbsp;&nbsp;Apollo.lv<\/li>\n<li><a href=\"https:\/\/news.google.com\/rss\/articles\/CBMiugFBVV95cUxPd2x3SlE5SzZKd1JDSF95ZktrT04wLWYzMl9QbjF5QlYxUXhvYms2WXB0NGEwTVdvWjR1WEFBYWxOaEw2ZFZWa3pmaTQ5cWdIVFBIMFo2RllCMkZXWE1fNmxadVJUdWNwTnA0b0dhR0Y0ajZBSFk1dE5YQzVzRVNUUVpXOWtHb1Z0RTdxREJTT3RvNWwzajNGeWJvQnVSaVp0Q2IyQU9aclBLNDVVZjdXMEljOERiRkFfQ3c?oc=5\" target=\"_blank\" rel=\"nofollow noopener\">Tra\u0123iska sestdiena Pier\u012bg\u0101: ietriecoties aizsargbarjer\u0101, dz\u012bv\u012bbu zaud\u0113 motociklists<\/a>&nbsp;&nbsp;Jauns.lv<\/li>\n<li><a href=\"https:\/\/news.google.com\/rss\/articles\/CBMirgFBVV95cUxPYUlxQmoxSldqWVZkWHlyQW1lWHRnSWdQeWgwTnQ1YjhRVTNJOXRJUFdERlhMNWd3MnhkQkJGejNCbk54dzgybW8wZ01HeUlSZmJVVGQ0c3FkUkZvN2VQR1kxaXZYTWpZY252TTNSZ0hqMXhtZDN1aUdjVlhrOGZ6Mi13TmRmQ3JtZ2VxYU1GR1ZEa1VxNUNoby12NkpwNjJhdDNxT0czbi1zSGhsbXc?oc=5\" target=\"_blank\" rel=\"nofollow noopener\">Ietriecoties aizsargbarjer\u0101, Salaspils novad\u0101 dz\u012bv\u012bbu zaud\u0113jis motociklists<\/a>&nbsp;&nbsp;Kodols<\/li>\n<\/ol>\n","protected":false},"excerpt":{"rendered":"Salaspils pus\u0113 dz\u012bv\u012bbu zaud\u0113jis motociklists&nbsp;&nbsp;TVNET Salaspils pagast\u0101 dz\u012bv\u012bbu zaud\u0113jis motociklists&nbsp;&nbsp;DELFI Salaspils pus\u0113 g\u0101jis boj\u0101 motociklists&nbsp;&nbsp;Apollo.lv Tra\u0123iska sestdiena Pier\u012bg\u0101:&hellip;\n","protected":false},"author":2,"featured_media":286843,"comment_status":"","ping_status":"","sticky":false,"template":"","format":"standard","meta":{"footnotes":"","_share_on_mastodon":"0"},"categories":[12],"tags":[23,1465,28,29,32,33,22,30,31,35,39,38,36,37,34,40,20,26,27,24,25,138,21],"class_list":["post-286842","post","type-post","status-publish","format-standard","has-post-thumbnail","category-latvija","tag-aktualitates","tag-autoavarijas","tag-breaking-news","tag-breakingnews","tag-featured-news","tag-featurednews","tag-headlines","tag-latest-news","tag-latestnews","tag-latvia","tag-latvian","tag-latviesu","tag-latviesu-valoda","tag-latviesuvaloda","tag-latvija","tag-lv","tag-news","tag-popularakas-zinas","tag-popularakaszinas","tag-top-stories","tag-topstories","tag-valsts-policija","tag-zinas"],"share_on_mastodon":{"url":"https:\/\/pubeurope.com\/@lv\/117222939184139562","error":""},"_links":{"self":[{"href":"https:\/\/www.europesays.com\/lv\/wp-json\/wp\/v2\/posts\/286842","targetHints":{"allow":["GET"]}}],"collection":[{"href":"https:\/\/www.europesays.com\/lv\/wp-json\/wp\/v2\/posts"}],"about":[{"href":"https:\/\/www.europesays.com\/lv\/wp-json\/wp\/v2\/types\/post"}],"author":[{"embeddable":true,"href":"https:\/\/www.europesays.com\/lv\/wp-json\/wp\/v2\/users\/2"}],"replies":[{"embeddable":true,"href":"https:\/\/www.europesays.com\/lv\/wp-json\/wp\/v2\/comments?post=286842"}],"version-history":[{"count":0,"href":"https:\/\/www.europesays.com\/lv\/wp-json\/wp\/v2\/posts\/286842\/revisions"}],"wp:featuredmedia":[{"embeddable":true,"href":"https:\/\/www.europesays.com\/lv\/wp-json\/wp\/v2\/media\/286843"}],"wp:attachment":[{"href":"https:\/\/www.europesays.com\/lv\/wp-json\/wp\/v2\/media?parent=286842"}],"wp:term":[{"taxonomy":"category","embeddable":true,"href":"https:\/\/www.europesays.com\/lv\/wp-json\/wp\/v2\/categories?post=286842"},{"taxonomy":"post_tag","embeddable":true,"href":"https:\/\/www.europesays.com\/lv\/wp-json\/wp\/v2\/tags?post=286842"}],"curies":[{"name":"wp","href":"https:\/\/api.w.org\/{rel}","templated":true}]}}