{"id":286844,"date":"2026-09-06T07:36:13","date_gmt":"2026-09-06T07:36:13","guid":{"rendered":"https:\/\/www.europesays.com\/lv\/286844\/"},"modified":"2026-09-06T07:36:13","modified_gmt":"2026-09-06T07:36:13","slug":"svjonteka-uzvar-taibreikos-us-open-talak-tiek-ari-gofa-inbox-lv","status":"publish","type":"post","link":"https:\/\/www.europesays.com\/lv\/286844\/","title":{"rendered":"\u0160vjonteka uzvar taibreikos, &quot;US Open&quot; t\u0101l\u0101k tiek ar\u012b Gofa &#8211; Inbox.lv"},"content":{"rendered":"<ol>\n<li><a href=\"https:\/\/news.google.com\/rss\/articles\/CBMinAFBVV95cUxOWGpTZ0JKaV8xUjBFQl9KN1dtNGZ5Z1E1bFJveWpWQ19iaVhTdkVPNU1hUGh2SG9FNVFQczltbEZEb1lrSlFYQVdaaFhzSV91N3RHM0RYSzhoNmVoOUJxd3NLT3IzVW5jaXZ1b2FLYnZBT0NFeDd5MlA1emlsUXduRlZENjlsTU5WOWRFMWFQbDYyQXB3VVl5bzFIQjY?oc=5\" target=\"_blank\" rel=\"nofollow noopener\">\u0160vjonteka uzvar taibreikos, &#8220;US Open&#8221; t\u0101l\u0101k tiek ar\u012b Gofa<\/a>&nbsp;&nbsp;Inbox.lv<\/li>\n<li><a href=\"https:\/\/news.google.com\/rss\/articles\/CBMie0FVX3lxTE9VaGhXUnN0NE95RHUxSFRNMksxTlp2WkN2eE9wQXYxWWUwOHUxMFZIRVNDNU50TV9aQ1d5cVc0dHFCbmRZSXVNbW1BUktUVlNKSzlHUVlMWjNfMGJvY1NuaS1JWVAyLVdnN1RSamh5ZUg2TUo0R3ljVWNDdw?oc=5\" target=\"_blank\" rel=\"nofollow noopener\">Gofa un Ribakina ieso\u013co &#8220;US Open&#8221; tre\u0161aj\u0101 k\u0101rt\u0101 \u2013 Teniss<\/a>&nbsp;&nbsp;Sportacentrs.com<\/li>\n<li><a href=\"https:\/\/news.google.com\/rss\/articles\/CBMilAFBVV95cUxOdWhCaF96VHlwbWdicE1NajBxLXJqdVhBY2k3UlA5dWduUkpZdzE4dkk0TktvbkhFWWxmM2RZOXdfbUM2Qk5XUmFsMWl1bGFUU0lNRXItd2Exb0VFeTYzYVZNOExDekF1MU1kZzZQNnhoMjZmYllWYW9lTk4tc0tvdElfU05iamJPUFY0dHd6RlBsYS14?oc=5\" target=\"_blank\" rel=\"nofollow noopener\">WTA ranga vicel\u012bdere p\u0101rliecino\u0161i ieso\u013co &#8220;US Open&#8221; otraj\u0101 k\u0101rt\u0101<\/a>&nbsp;&nbsp;Sportazinas.com<\/li>\n<li><a href=\"https:\/\/news.google.com\/rss\/articles\/CBMiogFBVV95cUxPdVZBQ2cwWEUxa0dhek02Rkh3QU5VbXMtMXFmYUFTenlTdEVjWU1WQm1IZmNROXBtNTh0Snd4ZTJjdmZncW1XLWYwbjFnWU5BRy1xeTRRNmExUy1FZDY2ZW9TSVpzV21fbWJWUExYY0ZZcW5EdXZidS1aNW9TaUxxVGE0cnBid2lfcWJIR1BVcmcyTnEzUEdXV25jb3d6U2Vna1E?oc=5\" target=\"_blank\" rel=\"nofollow noopener\">WTA ranga vicel\u012bdere Ribakina p\u0101rliecino\u0161i sasniedz &#8220;US Open&#8221; otro k\u0101rtu<\/a>&nbsp;&nbsp;tv3.lv<\/li>\n<li><a href=\"https:\/\/news.google.com\/rss\/articles\/CBMigAFBVV95cUxPMHJYLVNGZTRGQmdxbE9OVlRUQ2djZkZCc0ZFakJKNkN3Z1dpNHhmLW85SlUtTlJrU3ZxRVB0a0UtczRxeU5JY1VTTVNtUFRlQ1dMMEVxSy02YWM0cUYwNzdWeDFscng1VU5talptLVVUN0NoT2ZyZXZjM2Z5bHJkUQ?oc=5\" target=\"_blank\" rel=\"nofollow noopener\">\u0160vjonteka \u0101tri sasniedz &#8220;US Open&#8221; tre\u0161o k\u0101rtu \u2013 Teniss<\/a>&nbsp;&nbsp;Sportacentrs.com<\/li>\n<\/ol>\n","protected":false},"excerpt":{"rendered":"\u0160vjonteka uzvar taibreikos, &#8220;US Open&#8221; t\u0101l\u0101k tiek ar\u012b Gofa&nbsp;&nbsp;Inbox.lv Gofa un Ribakina ieso\u013co &#8220;US Open&#8221; tre\u0161aj\u0101 k\u0101rt\u0101 \u2013&hellip;\n","protected":false},"author":2,"featured_media":286845,"comment_status":"","ping_status":"","sticky":false,"template":"","format":"standard","meta":{"footnotes":"","_share_on_mastodon":"0"},"categories":[17],"tags":[35,39,38,36,37,34,40,67],"class_list":["post-286844","post","type-post","status-publish","format-standard","has-post-thumbnail","category-sports","tag-latvia","tag-latvian","tag-latviesu","tag-latviesu-valoda","tag-latviesuvaloda","tag-latvija","tag-lv","tag-sports"],"share_on_mastodon":{"url":"https:\/\/pubeurope.com\/@lv\/117222951042990177","error":""},"_links":{"self":[{"href":"https:\/\/www.europesays.com\/lv\/wp-json\/wp\/v2\/posts\/286844","targetHints":{"allow":["GET"]}}],"collection":[{"href":"https:\/\/www.europesays.com\/lv\/wp-json\/wp\/v2\/posts"}],"about":[{"href":"https:\/\/www.europesays.com\/lv\/wp-json\/wp\/v2\/types\/post"}],"author":[{"embeddable":true,"href":"https:\/\/www.europesays.com\/lv\/wp-json\/wp\/v2\/users\/2"}],"replies":[{"embeddable":true,"href":"https:\/\/www.europesays.com\/lv\/wp-json\/wp\/v2\/comments?post=286844"}],"version-history":[{"count":0,"href":"https:\/\/www.europesays.com\/lv\/wp-json\/wp\/v2\/posts\/286844\/revisions"}],"wp:featuredmedia":[{"embeddable":true,"href":"https:\/\/www.europesays.com\/lv\/wp-json\/wp\/v2\/media\/286845"}],"wp:attachment":[{"href":"https:\/\/www.europesays.com\/lv\/wp-json\/wp\/v2\/media?parent=286844"}],"wp:term":[{"taxonomy":"category","embeddable":true,"href":"https:\/\/www.europesays.com\/lv\/wp-json\/wp\/v2\/categories?post=286844"},{"taxonomy":"post_tag","embeddable":true,"href":"https:\/\/www.europesays.com\/lv\/wp-json\/wp\/v2\/tags?post=286844"}],"curies":[{"name":"wp","href":"https:\/\/api.w.org\/{rel}","templated":true}]}}