{"id":286846,"date":"2026-09-06T07:38:11","date_gmt":"2026-09-06T07:38:11","guid":{"rendered":"https:\/\/www.europesays.com\/lv\/286846\/"},"modified":"2026-09-06T07:38:11","modified_gmt":"2026-09-06T07:38:11","slug":"donalda-trampa-dels-sorit-peksni-ieradies-baltija","status":"publish","type":"post","link":"https:\/\/www.europesays.com\/lv\/286846\/","title":{"rendered":"Donalda Trampa d\u0113ls \u0161or\u012bt p\u0113k\u0161\u0146i ieradies Baltij\u0101"},"content":{"rendered":"<p class=\"descr\">ASV prezidenta Donalda Trampa vec\u0101kais d\u0113ls, uz\u0146\u0113m\u0113js Donalds Tramps jaun\u0101kais, \u0161or\u012bt agri ierad\u0101s Tallin\u0101, v\u0113sta Igaunijas &#8220;Delfi&#8221;.<\/p>\n<p>Amerik\u0101\u0146u uz\u0146\u0113m\u0113js ierad\u0101s Igaunij\u0101 ar lidma\u0161\u012bnu, kas vakar izlidoja no Mongolijas. Lidma\u0161\u012bna Tallin\u0101 nolaid\u0101s ap plkst. 5.00 no r\u012bta. Pagaid\u0101m nav zin\u0101mas viz\u012btes deta\u013cas un ilgums.<\/p>\n","protected":false},"excerpt":{"rendered":"ASV prezidenta Donalda Trampa vec\u0101kais d\u0113ls, uz\u0146\u0113m\u0113js Donalds Tramps jaun\u0101kais, \u0161or\u012bt agri ierad\u0101s Tallin\u0101, v\u0113sta Igaunijas &#8220;Delfi&#8221;. Amerik\u0101\u0146u&hellip;\n","protected":false},"author":2,"featured_media":286847,"comment_status":"","ping_status":"","sticky":false,"template":"","format":"standard","meta":{"footnotes":"","_share_on_mastodon":"0"},"categories":[14],"tags":[23,57,28,29,32,33,22,30,31,35,39,38,36,37,34,40,20,26,27,24,25,54,55,56,21,58],"class_list":["post-286846","post","type-post","status-publish","format-standard","has-post-thumbnail","category-zinas-no-arvalstim","tag-aktualitates","tag-arvalstim","tag-breaking-news","tag-breakingnews","tag-featured-news","tag-featurednews","tag-headlines","tag-latest-news","tag-latestnews","tag-latvia","tag-latvian","tag-latviesu","tag-latviesu-valoda","tag-latviesuvaloda","tag-latvija","tag-lv","tag-news","tag-popularakas-zinas","tag-popularakaszinas","tag-top-stories","tag-topstories","tag-world","tag-world-news","tag-worldnews","tag-zinas","tag-zinas-no-arvalstim"],"share_on_mastodon":{"url":"https:\/\/pubeurope.com\/@lv\/117222959130404106","error":""},"_links":{"self":[{"href":"https:\/\/www.europesays.com\/lv\/wp-json\/wp\/v2\/posts\/286846","targetHints":{"allow":["GET"]}}],"collection":[{"href":"https:\/\/www.europesays.com\/lv\/wp-json\/wp\/v2\/posts"}],"about":[{"href":"https:\/\/www.europesays.com\/lv\/wp-json\/wp\/v2\/types\/post"}],"author":[{"embeddable":true,"href":"https:\/\/www.europesays.com\/lv\/wp-json\/wp\/v2\/users\/2"}],"replies":[{"embeddable":true,"href":"https:\/\/www.europesays.com\/lv\/wp-json\/wp\/v2\/comments?post=286846"}],"version-history":[{"count":0,"href":"https:\/\/www.europesays.com\/lv\/wp-json\/wp\/v2\/posts\/286846\/revisions"}],"wp:featuredmedia":[{"embeddable":true,"href":"https:\/\/www.europesays.com\/lv\/wp-json\/wp\/v2\/media\/286847"}],"wp:attachment":[{"href":"https:\/\/www.europesays.com\/lv\/wp-json\/wp\/v2\/media?parent=286846"}],"wp:term":[{"taxonomy":"category","embeddable":true,"href":"https:\/\/www.europesays.com\/lv\/wp-json\/wp\/v2\/categories?post=286846"},{"taxonomy":"post_tag","embeddable":true,"href":"https:\/\/www.europesays.com\/lv\/wp-json\/wp\/v2\/tags?post=286846"}],"curies":[{"name":"wp","href":"https:\/\/api.w.org\/{rel}","templated":true}]}}