{"id":286850,"date":"2026-09-06T07:41:11","date_gmt":"2026-09-06T07:41:11","guid":{"rendered":"https:\/\/www.europesays.com\/lv\/286850\/"},"modified":"2026-09-06T07:41:11","modified_gmt":"2026-09-06T07:41:11","slug":"mekle-sevi-%e2%9f%a9-ka-tukstosiem-fanu-klausijas-ukrainu-repera-t-fest-koncertu-daugavas-stadiona","status":"publish","type":"post","link":"https:\/\/www.europesays.com\/lv\/286850\/","title":{"rendered":"MEKL\u0112 SEVI! \u27e9 K\u0101 t\u016bksto\u0161iem fanu klaus\u012bj\u0101s ukrai\u0146u repera T-Fest koncertu Daugavas stadion\u0101"},"content":{"rendered":"<p>Sestdien Daugavas stadion\u0101 norisin\u0101j\u0101s popul\u0101r\u0101 ukrai\u0146u repera un dziesmu autora &#8220;T-Fest&#8221; koncerts, pulc\u0113jot t\u016bksto\u0161iem fanu. Mekl\u0113 sevi fotogr\u0101fij\u0101s!<\/p>\n<p>Kirils &#8220;T-Fest&#8221; Nezboreckijs ir hiphopa m\u0101kslinieks no \u010cernivci pils\u0113tas Ukrain\u0101 un ukrai\u0146u jaunie\u0161u z\u012bmola &#8220;Lemniskata&#8221; dibin\u0101t\u0101js.<\/p>\n<p>Popularit\u0101ti vi\u0146\u0161 ieguva 2017. gad\u0101 p\u0113c jaun\u0101 debijas albuma &#8220;0372&#8221;.<\/p>\n","protected":false},"excerpt":{"rendered":"Sestdien Daugavas stadion\u0101 norisin\u0101j\u0101s popul\u0101r\u0101 ukrai\u0146u repera un dziesmu autora &#8220;T-Fest&#8221; koncerts, pulc\u0113jot t\u016bksto\u0161iem fanu. Mekl\u0113 sevi fotogr\u0101fij\u0101s!&hellip;\n","protected":false},"author":2,"featured_media":286851,"comment_status":"","ping_status":"","sticky":false,"template":"","format":"standard","meta":{"footnotes":"","_share_on_mastodon":"0"},"categories":[19],"tags":[89,90,2017,35,39,38,36,37,34,40,15179,4019,758,276],"class_list":["post-286850","post","type-post","status-publish","format-standard","has-post-thumbnail","category-izklaide","tag-entertainment","tag-izklaide","tag-koncerti","tag-latvia","tag-latvian","tag-latviesu","tag-latviesu-valoda","tag-latviesuvaloda","tag-latvija","tag-lv","tag-t-fest","tag-tvnet-saturs","tag-tvnet-sejas","tag-ukraina"],"share_on_mastodon":{"url":"https:\/\/pubeurope.com\/@lv\/117222970960081056","error":""},"_links":{"self":[{"href":"https:\/\/www.europesays.com\/lv\/wp-json\/wp\/v2\/posts\/286850","targetHints":{"allow":["GET"]}}],"collection":[{"href":"https:\/\/www.europesays.com\/lv\/wp-json\/wp\/v2\/posts"}],"about":[{"href":"https:\/\/www.europesays.com\/lv\/wp-json\/wp\/v2\/types\/post"}],"author":[{"embeddable":true,"href":"https:\/\/www.europesays.com\/lv\/wp-json\/wp\/v2\/users\/2"}],"replies":[{"embeddable":true,"href":"https:\/\/www.europesays.com\/lv\/wp-json\/wp\/v2\/comments?post=286850"}],"version-history":[{"count":0,"href":"https:\/\/www.europesays.com\/lv\/wp-json\/wp\/v2\/posts\/286850\/revisions"}],"wp:featuredmedia":[{"embeddable":true,"href":"https:\/\/www.europesays.com\/lv\/wp-json\/wp\/v2\/media\/286851"}],"wp:attachment":[{"href":"https:\/\/www.europesays.com\/lv\/wp-json\/wp\/v2\/media?parent=286850"}],"wp:term":[{"taxonomy":"category","embeddable":true,"href":"https:\/\/www.europesays.com\/lv\/wp-json\/wp\/v2\/categories?post=286850"},{"taxonomy":"post_tag","embeddable":true,"href":"https:\/\/www.europesays.com\/lv\/wp-json\/wp\/v2\/tags?post=286850"}],"curies":[{"name":"wp","href":"https:\/\/api.w.org\/{rel}","templated":true}]}}