{"id":286852,"date":"2026-09-06T07:46:11","date_gmt":"2026-09-06T07:46:11","guid":{"rendered":"https:\/\/www.europesays.com\/lv\/286852\/"},"modified":"2026-09-06T07:46:11","modified_gmt":"2026-09-06T07:46:11","slug":"vitkofs-un-kusners-maskava-pateicas-putinam-kijiva-gaida-rezultatu-raksts","status":"publish","type":"post","link":"https:\/\/www.europesays.com\/lv\/286852\/","title":{"rendered":"Vitkofs un Ku\u0161ners Maskav\u0101 pateicas Putinam. Kijiva gaida rezult\u0101tu \/ Raksts"},"content":{"rendered":"<p>ASV prezidenta Donalda Trampa \u012bpa\u0161ie s\u016bt\u0146i St\u012bvs Vitkofs un D\u017eareds Ku\u0161ners sestdien Maskav\u0101 vair\u0101k nek\u0101 tr\u012bs stundas tik\u0101s ar Krievijas prezidentu Vladimiru Putinu, lai apspriestu iesp\u0113jamo risin\u0101jumu Krievijas s\u0101ktajam karam Ukrain\u0101.\u00a0Vitkofs sarunas laik\u0101\u00a0sac\u012bja, ka vi\u0146a komunik\u0101cija ar Putinu vi\u0146am bijusi viena no noz\u012bm\u012bg\u0101kaj\u0101m un atmi\u0146\u0101 palieko\u0161\u0101kaj\u0101m pieredz\u0113m. \u0160ie izteikumi izskan\u0113ja laik\u0101, kad Krievija turpina karu Ukrain\u0101, nep\u0101rtraucot uzbrukumus front\u0113 un nogalinot civiliedz\u012bvot\u0101jus.<\/p>\n<p>                Nodod Trampa sveicienus<\/p>\n<p style=\"margin-left:0cm; margin-right:0cm\">Tik\u0161an\u0101s s\u0101kum\u0101 Vitkofs Putinam nodeva Trampa sveicienus un pateic\u0101s\u00a0par l\u0113mumu uz laiku aptur\u0113t uzbrukumus Kijivai. ASV s\u016btnis ar\u012b\u00a0\u012bpa\u0161i izc\u0113la Putina pal\u012bdz\u012bbu amerik\u0101\u0146a Roberta Gilmena atbr\u012bvo\u0161an\u0101. Gilmenu Krievija p\u0113c vair\u0101kiem ieslodz\u012bjum\u0101 pavad\u012btiem gadiem atbr\u012bvoja august\u0101.<\/p>\n<blockquote>\n<p style=\"margin-left:0cm; margin-right:0cm\">Putins savuk\u0101rt sarunas s\u0101kum\u0101 sac\u012bja, ka Maskavas un Va\u0161ingtonas kontakti vienm\u0113r esot biju\u0161i lietder\u012bgi un Krievijai esot \u0113rti str\u0101d\u0101t ar pa\u0161reiz\u0113jiem ASV prezidenta p\u0101rst\u0101vjiem.<\/p>\n<\/blockquote>\n<p style=\"margin-left:0cm; margin-right:0cm\">Krievijas prezidenta \u0101rpolitikas padomnieks Jurijs U\u0161akovs p\u0113c tik\u0161an\u0101s sarunas raksturoja k\u0101 satur\u012bgas, atkl\u0101tas un konstrukt\u012bvas.<\/p>\n<p>Kijiva ir gatava sarun\u0101m<\/p>\n<p style=\"margin-left:0cm; margin-right:0cm\">P\u0113c Krem\u013ca sniegt\u0101s inform\u0101cijas, Vitkofs un Ku\u0161ners Putinam pied\u0101v\u0101ju\u0161i vair\u0101kas idejas, k\u0101 pan\u0101kt kara izbeig\u0161anu. Ta\u010du ne ASV, ne Krievija nav publiskojusi konkr\u0113tu priek\u0161likumu saturu, un p\u0113c vair\u0101k nek\u0101 tr\u012bs stundas ilgu\u0161\u0101s tik\u0161an\u0101s netika pazi\u0146ots par vieno\u0161anos par pla\u0161\u0101ku pamieru vai miera l\u012bgumu.<\/p>\n<p style=\"margin-left:0cm; margin-right:0cm\">Tik\u0161an\u0101s notika laik\u0101, kad Krievijas kar\u0161 turpin\u0101s ar intens\u012bviem ra\u0137e\u0161u un dronu uzbrukumiem. Vienlaikus Maskava un Kijiva bija vienoju\u0161\u0101s par ierobe\u017eotu tr\u012bs dienu uzbrukumu pauzi savu galvaspils\u0113tu teritorij\u0101, lai nodro\u0161in\u0101tu ASV s\u016bt\u0146u viz\u012bti. Ukrainas prezidents Volodimirs Zelenskis nor\u0101d\u012bjis, ka Kijiva ir gatava sarun\u0101m ar Vitkofu un Ku\u0161neru un gaida no t\u0101m konkr\u0113tus rezult\u0101tus.<\/p>\n<p style=\"margin-left:0cm; margin-right:0cm\">P\u0113c Maskavas Vitkofs un Ku\u0161ners sv\u0113tdien dodas uz Kijivu. T\u0101 b\u016bs vi\u0146u pirm\u0101 viz\u012bte Ukrain\u0101 pa\u0161reiz\u0113j\u0101 miera sarunu procesa ietvaros, un paredzams, ka tur ar Ukrainas vad\u012bbu apspried\u012bs t\u0101s pa\u0161as idejas, kas tika apspriestas Maskav\u0101.<\/p>\n<p>                    Valodas k\u013c\u016bda rakst\u0101?<\/p>\n<p class=\"d-none d-md-block\">Iez\u012bm\u0113jiet tekstu un spiediet Ctrl+Enter, lai nos\u016bt\u012btu labojamo teksta fragmentu redaktoram! Par faktu k\u013c\u016bd\u0101m l\u016bdzam zi\u0146ot e-past\u0101 redakcija@lsm.lv.<\/p>\n<p class=\"d-md-none\">Iez\u012bm\u0113jiet tekstu un spiediet uz Zi\u0146ot par k\u013c\u016bdu pogas, lai nos\u016bt\u012btu labojamo teksta fragmentu redaktoram!<\/p>\n<p>\n                    Zi\u0146ot par k\u013c\u016bdu\n                <\/p>\n","protected":false},"excerpt":{"rendered":"ASV prezidenta Donalda Trampa \u012bpa\u0161ie s\u016bt\u0146i St\u012bvs Vitkofs un D\u017eareds Ku\u0161ners sestdien Maskav\u0101 vair\u0101k nek\u0101 tr\u012bs stundas tik\u0101s&hellip;\n","protected":false},"author":2,"featured_media":286853,"comment_status":"","ping_status":"","sticky":false,"template":"","format":"standard","meta":{"footnotes":"","_share_on_mastodon":"0"},"categories":[5],"tags":[23,28,29,32,33,22,30,31,35,39,38,36,37,34,40,20,26,27,24,25,21],"class_list":["post-286852","post","type-post","status-publish","format-standard","has-post-thumbnail","category-aktualitates","tag-aktualitates","tag-breaking-news","tag-breakingnews","tag-featured-news","tag-featurednews","tag-headlines","tag-latest-news","tag-latestnews","tag-latvia","tag-latvian","tag-latviesu","tag-latviesu-valoda","tag-latviesuvaloda","tag-latvija","tag-lv","tag-news","tag-popularakas-zinas","tag-popularakaszinas","tag-top-stories","tag-topstories","tag-zinas"],"share_on_mastodon":{"url":"https:\/\/pubeurope.com\/@lv\/117222990547450549","error":""},"_links":{"self":[{"href":"https:\/\/www.europesays.com\/lv\/wp-json\/wp\/v2\/posts\/286852","targetHints":{"allow":["GET"]}}],"collection":[{"href":"https:\/\/www.europesays.com\/lv\/wp-json\/wp\/v2\/posts"}],"about":[{"href":"https:\/\/www.europesays.com\/lv\/wp-json\/wp\/v2\/types\/post"}],"author":[{"embeddable":true,"href":"https:\/\/www.europesays.com\/lv\/wp-json\/wp\/v2\/users\/2"}],"replies":[{"embeddable":true,"href":"https:\/\/www.europesays.com\/lv\/wp-json\/wp\/v2\/comments?post=286852"}],"version-history":[{"count":0,"href":"https:\/\/www.europesays.com\/lv\/wp-json\/wp\/v2\/posts\/286852\/revisions"}],"wp:featuredmedia":[{"embeddable":true,"href":"https:\/\/www.europesays.com\/lv\/wp-json\/wp\/v2\/media\/286853"}],"wp:attachment":[{"href":"https:\/\/www.europesays.com\/lv\/wp-json\/wp\/v2\/media?parent=286852"}],"wp:term":[{"taxonomy":"category","embeddable":true,"href":"https:\/\/www.europesays.com\/lv\/wp-json\/wp\/v2\/categories?post=286852"},{"taxonomy":"post_tag","embeddable":true,"href":"https:\/\/www.europesays.com\/lv\/wp-json\/wp\/v2\/tags?post=286852"}],"curies":[{"name":"wp","href":"https:\/\/api.w.org\/{rel}","templated":true}]}}