{"id":28695,"date":"2025-10-23T03:18:08","date_gmt":"2025-10-23T03:18:08","guid":{"rendered":"https:\/\/www.europesays.com\/lv\/28695\/"},"modified":"2025-10-23T03:18:08","modified_gmt":"2025-10-23T03:18:08","slug":"video-porzinga-hawks-nba-regularo-sezonu-sak-ar-zaudejumu-toronto-raptors-tv3-lv","status":"publish","type":"post","link":"https:\/\/www.europesays.com\/lv\/28695\/","title":{"rendered":"VIDEO: Porzi\u0146\u0123a &quot;Hawks&quot; NBA regul\u0101ro sezonu s\u0101k ar zaud\u0113jumu Toronto &quot;Raptors&quot; &#8211; tv3.lv"},"content":{"rendered":"<ol>\n<li><a href=\"https:\/\/news.google.com\/rss\/articles\/CBMiqAFBVV95cUxPS0VhY1RPeHNmTl9oOU1obWhXWXdwOHk2azY1NXZ1RTZHeUVnZVNOMEN1Uzd1VlFRTVh1M3RHSUxSVUdnWnNXWS1qNnFTNGxfR0VFYTUwMHFkWXI0cUdNMHV1RkNlOTRDTk4zSkJKb3gwVDZIU3c4ZXJjaXdIWkV0LUtiemRJSlp0Snc5dlFrcXVJX09FLW5xdm9iN2piRjlFU1luSzB6V04?oc=5\" target=\"_blank\" rel=\"nofollow noopener\">VIDEO: Porzi\u0146\u0123a &#8220;Hawks&#8221; NBA regul\u0101ro sezonu s\u0101k ar zaud\u0113jumu Toronto &#8220;Raptors&#8221;<\/a>&nbsp;&nbsp;tv3.lv<\/li>\n<li><a href=\"https:\/\/news.google.com\/rss\/articles\/CBMiygFBVV95cUxQQ3FKSGkyTUl5eXY4UlRWclFIVDYxaWcwcWdYSWlVVlJ1bjhRTnJnVWhqM0pycVpIb0pFN09pODFSNDd2OHBUakluQk5sTkVIbTFmUmVQZk9IQTcwWE04WExIeldJUkNxcU5ScUM4eDZnaDlHSklTRld5TVBVMDl3Nk1MOUNNZnNxWVljc190OGwtQmVMcDJ1VHNTRkZ3X3p3UzY3dUYwQkh2RTNLeHRDd092ZXZudkctZEVWZkFLQ0tGWW9SNVlVaTZn?oc=5\" target=\"_blank\" rel=\"nofollow noopener\">Porzi\u0146\u0123a p\u0101rst\u0101v\u0113tais Atlantas klubs jaunaj\u0101 sezon\u0101 atk\u0101rtos NBA rekordu<\/a>&nbsp;&nbsp;Delfi<\/li>\n<li><a href=\"https:\/\/news.google.com\/rss\/articles\/CBMi6wFBVV95cUxNazN1WGRGYnRVRGtVM2xlbnR1NFJZVXdwZnM4QS1WcnRXYVVscW5ZUjBybFc2VDQ2QlRqVmJjaERPLV9oNWdYUjg2aDMxUG80VUZ0SlJYN3V1NGt6UFZhemVGcU9YcVdfYnJTQ0s5V2ExRmlZRnBEbjczeTRVcnY3a1I2WjRnbXdpWmM4Xy1fZ1cybTVxQko1UG9MN0VhMnhxUEE0c2Y2QlRya2N3MU5tb2FxZXJQMEhZdG1kckhLSTh5bktXX1pickJsU1J0cXlHWjlmcTVSYzloSzhVTE16LUJqajZpS3dNM3o0?oc=5\" target=\"_blank\" rel=\"nofollow noopener\">NBA jubilejas sezonu favor\u012btu lom\u0101 s\u0101k \u00abThunder\u00bb; Porzi\u0146\u0123im un \u00abHawks\u00bb paveras jauna perspekt\u012bva<\/a>&nbsp;&nbsp;LSM<\/li>\n<li><a href=\"https:\/\/news.google.com\/rss\/articles\/CBMikwFBVV95cUxOdnJhVWlOd1NWUUlmRUM2UlpkOWRGQURwS0szOEgyWWlEQkJjNUdxcFd6YlhRZmVsOENWOTlWSDB5YW5KQWIyOTU5RnVFZDlEQ0F5dnByeVZMZEx4U2tHX1l5SEpjdExkVnpyVXRwX2NIa2lqdlZDaUFVak5Xc0J4QnBBMzE5ZUlDc1dhbkY3ZFRnU00?oc=5\" target=\"_blank\" rel=\"nofollow noopener\">Porzi\u0146\u0123is s\u0101ks jauno sezonu un k\u013c\u016bs par da\u013cu no NBA rekorda<\/a>&nbsp;&nbsp;Apollo.lv<\/li>\n<li><a href=\"https:\/\/news.google.com\/rss\/articles\/CBMijwFBVV95cUxNYnRsakFYeF9ra1ZldEpuN3cxTUEzLW56UHJwWDd4VEVXYU9FMlFObUh4M1hwcW9BdGxyQkstSVItYzhwOXZjczhJc2ZnNkxmTGJzQXU1S0g5eEppb09ISWxMeDM2VkV1enNUYWpxMnM0TXUyTTVVVGc5RlVJX2tzczAwQ3QtRDVZUHFHUkFlUQ?oc=5\" target=\"_blank\" rel=\"nofollow noopener\">Shootaround | K\u0101da b\u016bs Hawks bilance p\u0113c 20 sp\u0113l\u0113m? \u2013 Klaus\u012btava<\/a>&nbsp;&nbsp;Sportacentrs.com<\/li>\n<\/ol>\n","protected":false},"excerpt":{"rendered":"VIDEO: Porzi\u0146\u0123a &#8220;Hawks&#8221; NBA regul\u0101ro sezonu s\u0101k ar zaud\u0113jumu Toronto &#8220;Raptors&#8221;&nbsp;&nbsp;tv3.lv Porzi\u0146\u0123a p\u0101rst\u0101v\u0113tais Atlantas klubs jaunaj\u0101 sezon\u0101 atk\u0101rtos&hellip;\n","protected":false},"author":2,"featured_media":28696,"comment_status":"","ping_status":"","sticky":false,"template":"","format":"standard","meta":{"footnotes":""},"categories":[17],"tags":[35,39,38,36,37,34,40,1258,67],"class_list":{"0":"post-28695","1":"post","2":"type-post","3":"status-publish","4":"format-standard","5":"has-post-thumbnail","7":"category-sports","8":"tag-latvia","9":"tag-latvian","10":"tag-latviesu","11":"tag-latviesu-valoda","12":"tag-latviesuvaloda","13":"tag-latvija","14":"tag-lv","15":"tag-nba","16":"tag-sports"},"share_on_mastodon":{"url":"https:\/\/pubeurope.com\/@lv\/115421322185938458","error":""},"_links":{"self":[{"href":"https:\/\/www.europesays.com\/lv\/wp-json\/wp\/v2\/posts\/28695","targetHints":{"allow":["GET"]}}],"collection":[{"href":"https:\/\/www.europesays.com\/lv\/wp-json\/wp\/v2\/posts"}],"about":[{"href":"https:\/\/www.europesays.com\/lv\/wp-json\/wp\/v2\/types\/post"}],"author":[{"embeddable":true,"href":"https:\/\/www.europesays.com\/lv\/wp-json\/wp\/v2\/users\/2"}],"replies":[{"embeddable":true,"href":"https:\/\/www.europesays.com\/lv\/wp-json\/wp\/v2\/comments?post=28695"}],"version-history":[{"count":0,"href":"https:\/\/www.europesays.com\/lv\/wp-json\/wp\/v2\/posts\/28695\/revisions"}],"wp:featuredmedia":[{"embeddable":true,"href":"https:\/\/www.europesays.com\/lv\/wp-json\/wp\/v2\/media\/28696"}],"wp:attachment":[{"href":"https:\/\/www.europesays.com\/lv\/wp-json\/wp\/v2\/media?parent=28695"}],"wp:term":[{"taxonomy":"category","embeddable":true,"href":"https:\/\/www.europesays.com\/lv\/wp-json\/wp\/v2\/categories?post=28695"},{"taxonomy":"post_tag","embeddable":true,"href":"https:\/\/www.europesays.com\/lv\/wp-json\/wp\/v2\/tags?post=28695"}],"curies":[{"name":"wp","href":"https:\/\/api.w.org\/{rel}","templated":true}]}}