{"id":286964,"date":"2026-09-06T10:44:21","date_gmt":"2026-09-06T10:44:21","guid":{"rendered":"https:\/\/www.europesays.com\/lv\/286964\/"},"modified":"2026-09-06T10:44:21","modified_gmt":"2026-09-06T10:44:21","slug":"video-ukrainas-droni-uzbrukusi-vienai-no-lielakajam-krievijas-naftas-parstrades-rupnicam-delfi","status":"publish","type":"post","link":"https:\/\/www.europesays.com\/lv\/286964\/","title":{"rendered":"Video: Ukrainas droni uzbruku\u0161i vienai no liel\u0101kaj\u0101m Krievijas naftas p\u0101rstr\u0101des r\u016bpn\u012bc\u0101m &#8211; DELFI"},"content":{"rendered":"<ol>\n<li><a href=\"https:\/\/news.google.com\/rss\/articles\/CBMi0gFBVV95cUxQdEstYkFOTC1KVm1ncDZuLV9qLVFZTTllcHlBcGRZeFpaMEZIYTVMNDN6WTMwejRzd3lkRUZaYmszYXJxV3A0UmpLXzVpYkNBY3VqeUhvRUpsS3hjM2ZuMHlzaURERmdGd0dFS2dNYXhlU25kdzRyVHF3V2ZZMkNoUlJUZVJMMS1wR05QODBQT1p6eV9KVHBBamY4WlNHbGptU09CZDR4THVXX2FKMEMwUVFPRkdveVhvYkQ4NEVvV01OV0Q1czduaGhmWl9nMndTNXc?oc=5\" target=\"_blank\" rel=\"nofollow noopener\">Video: Ukrainas droni uzbruku\u0161i vienai no liel\u0101kaj\u0101m Krievijas naftas p\u0101rstr\u0101des r\u016bpn\u012bc\u0101m<\/a>&nbsp;&nbsp;DELFI<\/li>\n<li><a href=\"https:\/\/news.google.com\/rss\/articles\/CBMiwgFBVV95cUxPS1ZtWFpXSWQ5UWUxTGxselFKWV9mSnhQdDczMGpQQ2dGa01aanNOUFZ3RzFIY2xkNTFHTXlZY2VSN0htaGRPeGVaTEc3VkJzSlp6V1A0QXVLZ3JvMlRDODVTdmVHZm45NDJVWWljUzkyMDFXMmZFN1M1dERrLUp5eDJnUmd2OTBWa2toakFSMGdRbFNZMFhHTm9rU1ZsNE4wT2NtVTBjbFpweUl3RkY0QjFha3NUTkRKS2k3cXhSbjRlZw?oc=5\" target=\"_blank\" rel=\"nofollow noopener\">P\u0113c Ukrainas dronu triecieniem darbu p\u0101rtraukusi naftas p\u0101rstr\u0101des r\u016bpn\u012bca pie Sanktp\u0113terburgas<\/a>&nbsp;&nbsp;TVNET<\/li>\n<li><a href=\"https:\/\/news.google.com\/rss\/articles\/CBMixAFBVV95cUxQUGtiSDNvblFYYk1MaEtKbS15QWhCeHdReFo5WVpZbDAwZDg5bl9WWk1IY2xla3VQUWRKZkFxUVhBbFhQOHA5b2hJdkhWRHp0blktRkRxay1qQ2VNZWhVLUlzcVBPeHdBZ3FMUEpzTWV6OFlWOVJ2R2hDVFlib1lIdGtUM0NEbS1ydEFwWkRCRGZacDBaOFlpc0ZhVm5sVmlBMk1CRWlOU1BjOHJoYVdfWEZJeTVxRTc3c2dORXplVm15TU5r?oc=5\" target=\"_blank\" rel=\"nofollow noopener\">Ukrainas droni turpina plos\u012bties Krievij\u0101 &#8211; aizdegusies naftas p\u0101rstr\u0101des r\u016bpn\u012bca Rjaza\u0146\u0101<\/a>&nbsp;&nbsp;Jauns.lv<\/li>\n<li><a href=\"https:\/\/news.google.com\/rss\/articles\/CBMiiAFBVV95cUxPSEdsNUxFMEJqN090TDFfMkVOM2RxRzFnSzk2LWZwS1RMdnVyYXkxV3N6SGkxVGE0TjNNcHNhNEs4RTEwZVNpVjdTcmxPNm82bW83bDlYcHZBUWVpN21uNHBRSGM1elBUNFgzSHZKMHQzeVJteXNJYnRwcVRjWDJMQ3NfeW0wdUhT?oc=5\" target=\"_blank\" rel=\"nofollow noopener\">VIDEO \u27e9 Jekaterinburg\u0101 droni tr\u0101pa lo\u0123istikas centram<\/a>&nbsp;&nbsp;Apollo.lv<\/li>\n<li><a href=\"https:\/\/news.google.com\/rss\/articles\/CBMivwFBVV95cUxPYnY4SlItTEJGQWczUEd4R2NCY0l4dERJUGdXaXJKVE9BTmo5OHJDOG53VWNaS1JtYW10LWpBa09rbVpYUGlaUmFfNGhrSUFDV01yaUFGX2c1N2ZVMWZER3FZaUFkOFM2WWdJSjktb1c2VUpnc3lUMlo2YnlZem9aMENaYTZJUm1NNVVPaXBuVUpEWWVzVERQRWdTVXlUQXdDWFRqd2NrZEJaV1h0ZzhPMGRDMG5ROE9ONkdLTkF6WQ?oc=5\" target=\"_blank\" rel=\"nofollow noopener\">Droni tr\u0101p\u012bju\u0161i lo\u0123istikas centram Jekaterinburg\u0101, kur\u0101 b\u0101z\u0113jas &#8220;Wildberries&#8221;<\/a>&nbsp;&nbsp;DELFI<\/li>\n<\/ol>\n","protected":false},"excerpt":{"rendered":"Video: Ukrainas droni uzbruku\u0161i vienai no liel\u0101kaj\u0101m Krievijas naftas p\u0101rstr\u0101des r\u016bpn\u012bc\u0101m&nbsp;&nbsp;DELFI P\u0113c Ukrainas dronu triecieniem darbu p\u0101rtraukusi naftas&hellip;\n","protected":false},"author":2,"featured_media":286965,"comment_status":"","ping_status":"","sticky":false,"template":"","format":"standard","meta":{"footnotes":"","_share_on_mastodon":"0"},"categories":[14],"tags":[23,57,28,29,32,33,22,234,74,30,31,35,39,38,36,37,34,40,20,26,27,24,25,276,178,54,55,56,21,58],"class_list":["post-286964","post","type-post","status-publish","format-standard","has-post-thumbnail","category-zinas-no-arvalstim","tag-aktualitates","tag-arvalstim","tag-breaking-news","tag-breakingnews","tag-featured-news","tag-featurednews","tag-headlines","tag-krievija","tag-krievijas-iebrukums-ukraina","tag-latest-news","tag-latestnews","tag-latvia","tag-latvian","tag-latviesu","tag-latviesu-valoda","tag-latviesuvaloda","tag-latvija","tag-lv","tag-news","tag-popularakas-zinas","tag-popularakaszinas","tag-top-stories","tag-topstories","tag-ukraina","tag-volodimirs-zelenskis","tag-world","tag-world-news","tag-worldnews","tag-zinas","tag-zinas-no-arvalstim"],"share_on_mastodon":{"url":"https:\/\/pubeurope.com\/@lv\/117223690497977361","error":""},"_links":{"self":[{"href":"https:\/\/www.europesays.com\/lv\/wp-json\/wp\/v2\/posts\/286964","targetHints":{"allow":["GET"]}}],"collection":[{"href":"https:\/\/www.europesays.com\/lv\/wp-json\/wp\/v2\/posts"}],"about":[{"href":"https:\/\/www.europesays.com\/lv\/wp-json\/wp\/v2\/types\/post"}],"author":[{"embeddable":true,"href":"https:\/\/www.europesays.com\/lv\/wp-json\/wp\/v2\/users\/2"}],"replies":[{"embeddable":true,"href":"https:\/\/www.europesays.com\/lv\/wp-json\/wp\/v2\/comments?post=286964"}],"version-history":[{"count":0,"href":"https:\/\/www.europesays.com\/lv\/wp-json\/wp\/v2\/posts\/286964\/revisions"}],"wp:featuredmedia":[{"embeddable":true,"href":"https:\/\/www.europesays.com\/lv\/wp-json\/wp\/v2\/media\/286965"}],"wp:attachment":[{"href":"https:\/\/www.europesays.com\/lv\/wp-json\/wp\/v2\/media?parent=286964"}],"wp:term":[{"taxonomy":"category","embeddable":true,"href":"https:\/\/www.europesays.com\/lv\/wp-json\/wp\/v2\/categories?post=286964"},{"taxonomy":"post_tag","embeddable":true,"href":"https:\/\/www.europesays.com\/lv\/wp-json\/wp\/v2\/tags?post=286964"}],"curies":[{"name":"wp","href":"https:\/\/api.w.org\/{rel}","templated":true}]}}