{"id":28718,"date":"2025-10-23T03:53:08","date_gmt":"2025-10-23T03:53:08","guid":{"rendered":"https:\/\/www.europesays.com\/lv\/28718\/"},"modified":"2025-10-23T03:53:08","modified_gmt":"2025-10-23T03:53:08","slug":"aizsaule-devies-tauta-miletais-trimdas-latviesu-dziedatajs-ilmars-dzenis-lente-lv-2","status":"publish","type":"post","link":"https:\/\/www.europesays.com\/lv\/28718\/","title":{"rendered":"Aizsaul\u0113 devies taut\u0101 m\u012bl\u0113tais trimdas latvie\u0161u dzied\u0101t\u0101js Ilm\u0101rs Dzenis\u00a0\u2014\u00a0Lente.lv"},"content":{"rendered":"<p>M\u016b\u017e\u012bb\u0101 aizsaukts taut\u0101 m\u012bl\u0113tais trimdas latvie\u0161u dzied\u0101t\u0101js Ilm\u0101rs Dzenis<\/p>\n<p>15. septembr\u012b, 93 gadu vecum\u0101, m\u016b\u017e\u012bb\u0101 ir aizg\u0101jis taut\u0101 iem\u012b\u013cotais dzied\u0101t\u0101js ar sirsn\u012bgo balsi, trimdas latvietis Ilm\u0101rs Dzenis. \u0160o skumjo v\u0113sti apstiprin\u0101jusi Latvie\u0161u biedr\u012bba Seintp\u012btersberg\u0101, Florid\u0101, ASV, daloties ar atvadu v\u0101rdiem soci\u0101laj\u0101 medij\u0101 &#8220;Facebook&#8221;.<\/p>\n<p>Dz\u012bves ce\u013c\u0161 un muzik\u0101l\u0101 karjera<\/p>\n<p>Ilm\u0101rs Dzenis dzimis 1931. gada 5. decembr\u012b Daugavpil\u012b, skolot\u0101ju \u0123imen\u0113. Jau no agras b\u0113rn\u012bbas vi\u0146a dz\u012bv\u0113 kl\u0101tessm\u016bzika, ko mantojis no vec\u0101kiem, kuriem bija pla\u0161a ska\u0146upla\u0161u kolekcija un t\u0113vs sp\u0113l\u0113ja vijoli. Kara laik\u0101 Dze\u0146a \u0123imene no Jelgavas dev\u0101s b\u0113g\u013cu gait\u0101s uz V\u0101ciju, bet v\u0113l\u0101k, 1950. gad\u0101, iece\u013coja uz Ameriku. Tie\u0161i tur, trimd\u0101, aizs\u0101k\u0101s vi\u0146a spo\u017e\u0101 muzik\u0101l\u0101 karjera.<\/p>\n<p>Daudzus gadus Ilm\u0101rs Dzenis pavad\u012bjis \u010cik\u0101g\u0101, kur 1961. gad\u0101 pievienojies le\u0123end\u0101rajai grupai &#8220;\u010cik\u0101gas piec\u012b\u0161i&#8221;. \u0160aj\u0101 sast\u0101v\u0101 vi\u0146\u0161 11 gadus darboj\u0101s, kop\u0101 izdeva se\u0161as ska\u0146uplates un sniedza neskait\u0101mus koncertus latvie\u0161u kopien\u0101m gan ASV, gan Kan\u0101d\u0101 un Austr\u0101lij\u0101. Vi\u0146a dziesmas sasniedza ar\u012b Latvijas klaus\u012bt\u0101jus, iekarojot sirdis pat padomju laikos, kad ska\u0146uplates nebija br\u012bvi pieejamas.<\/p>\n<p>P\u0113c aizie\u0161anas no &#8220;\u010cik\u0101gas piec\u012b\u0161iem&#8221; 1972. gad\u0101, Ilm\u0101rs Dzenis uzs\u0101ka veiksm\u012bgu solo karjeru. Vi\u0146\u0161 izpild\u012bjis pla\u0161u repertu\u0101ru, s\u0101kot no latvie\u0161u tautasdziesm\u0101m un tradicion\u0101l\u0101m dziesm\u0101m, l\u012bdz pat \u0101rzemju autoru hitiem, kam rad\u012bjis jaunus, latviskus v\u0101rdus. Vi\u0146a skaist\u0101, sirsn\u012bg\u0101 balss un melodisk\u0101s dziesmas, piem\u0113ram, &#8220;Zil\u0101s acis&#8221;, &#8220;Cik dz\u012bv\u0113 viss skaists&#8221; un &#8220;Lai dz\u012bvo tre\u0161\u0101 jaun\u012bba&#8221;, k\u013cuva par neat\u0146emamu latvie\u0161u m\u016bzikas mantojuma da\u013cu.<\/p>\n<p>Dz\u012bve Florid\u0101 un m\u016b\u017ea ieguld\u012bjums<\/p>\n<p>P\u0113c ilggad\u0113jas dz\u012bves \u010cik\u0101g\u0101, Ilm\u0101rs Dzenis p\u0101rc\u0113l\u0101s uz Floridu, kur Seintp\u012btersberg\u0101 pavad\u012bja savus mier\u012bg\u0101kos gadus kop\u0101 ar dz\u012bvesbiedri Silviju, kura m\u016b\u017e\u012bb\u0101 aizg\u0101ja 2022. gad\u0101. Vi\u0146\u0161 vienm\u0113r bijis akt\u012bvs latvie\u0161u kopienas biedrs, bie\u017ei apmekl\u0113jis pas\u0101kumus un ar savu kl\u0101tb\u016btni un dziesm\u0101m sild\u012bjis l\u012bdzcilv\u0113ku sirdis. Lai gan m\u016bzi\u0137a karjeru jau pirms k\u0101da laika bija nol\u0113mis beigt, vi\u0146\u0161 joproj\u0101m m\u012bl\u0113jis uzsp\u0113l\u0113t klavieres un ar dziesmu iepriecin\u0101t sevi un citus.<\/p>\n<p>Par savu m\u016b\u017ea ieguld\u012bjumu latvie\u0161u m\u016bzik\u0101 Ilm\u0101rs Dzenis sa\u0146\u0113mis augstus nov\u0113rt\u0113jumus, tostarp &#8220;Latvijas m\u016bzikas ierakstu Gada balvu&#8221; (2011) un Atzin\u012bbas krustu (2006). Vi\u0146a dziesmas ir k\u0101 tilts, kas savieno Latviju ar pasauli un pag\u0101tni ar tagadni, atg\u0101dinot, ka latviet\u012bba nav tikai vieta kart\u0113, bet gan dz\u012bva, skano\u0161a melodija.<\/p>\n","protected":false},"excerpt":{"rendered":"M\u016b\u017e\u012bb\u0101 aizsaukts taut\u0101 m\u012bl\u0113tais trimdas latvie\u0161u dzied\u0101t\u0101js Ilm\u0101rs Dzenis 15. septembr\u012b, 93 gadu vecum\u0101, m\u016b\u017e\u012bb\u0101 ir aizg\u0101jis taut\u0101&hellip;\n","protected":false},"author":2,"featured_media":28719,"comment_status":"","ping_status":"","sticky":false,"template":"","format":"standard","meta":{"footnotes":""},"categories":[19],"tags":[8602,8601,89,8268,90,35,39,38,194,36,37,34,40,8600],"class_list":{"0":"post-28718","1":"post","2":"type-post","3":"status-publish","4":"format-standard","5":"has-post-thumbnail","7":"category-izklaide","8":"tag-atvadas","9":"tag-cikagas-piecisi","10":"tag-entertainment","11":"tag-ilmars-dzenis","12":"tag-izklaide","13":"tag-latvia","14":"tag-latvian","15":"tag-latviesu","16":"tag-latviesu-muzika","17":"tag-latviesu-valoda","18":"tag-latviesuvaloda","19":"tag-latvija","20":"tag-lv","21":"tag-trimdas-latviesu-dziedatajs"},"share_on_mastodon":{"url":"https:\/\/pubeurope.com\/@lv\/115421459459410656","error":""},"_links":{"self":[{"href":"https:\/\/www.europesays.com\/lv\/wp-json\/wp\/v2\/posts\/28718","targetHints":{"allow":["GET"]}}],"collection":[{"href":"https:\/\/www.europesays.com\/lv\/wp-json\/wp\/v2\/posts"}],"about":[{"href":"https:\/\/www.europesays.com\/lv\/wp-json\/wp\/v2\/types\/post"}],"author":[{"embeddable":true,"href":"https:\/\/www.europesays.com\/lv\/wp-json\/wp\/v2\/users\/2"}],"replies":[{"embeddable":true,"href":"https:\/\/www.europesays.com\/lv\/wp-json\/wp\/v2\/comments?post=28718"}],"version-history":[{"count":0,"href":"https:\/\/www.europesays.com\/lv\/wp-json\/wp\/v2\/posts\/28718\/revisions"}],"wp:featuredmedia":[{"embeddable":true,"href":"https:\/\/www.europesays.com\/lv\/wp-json\/wp\/v2\/media\/28719"}],"wp:attachment":[{"href":"https:\/\/www.europesays.com\/lv\/wp-json\/wp\/v2\/media?parent=28718"}],"wp:term":[{"taxonomy":"category","embeddable":true,"href":"https:\/\/www.europesays.com\/lv\/wp-json\/wp\/v2\/categories?post=28718"},{"taxonomy":"post_tag","embeddable":true,"href":"https:\/\/www.europesays.com\/lv\/wp-json\/wp\/v2\/tags?post=28718"}],"curies":[{"name":"wp","href":"https:\/\/api.w.org\/{rel}","templated":true}]}}