{"id":28726,"date":"2025-10-23T04:02:07","date_gmt":"2025-10-23T04:02:07","guid":{"rendered":"https:\/\/www.europesays.com\/lv\/28726\/"},"modified":"2025-10-23T04:02:07","modified_gmt":"2025-10-23T04:02:07","slug":"muzejam-ir-novecojusi-videonoverosanas-sistema-raksts","status":"publish","type":"post","link":"https:\/\/www.europesays.com\/lv\/28726\/","title":{"rendered":"Muzejam ir novecojusi videonov\u0113ro\u0161anas sist\u0113ma \/ Raksts"},"content":{"rendered":"<p>Par\u012bzes Luvras direktore Loransa de Kara atzinusi, ka muzejam ir novecojusi videonov\u0113ro\u0161anas sist\u0113ma, t\u0101p\u0113c iest\u0101des darbinieki nav savlaic\u012bgi paman\u012bju\u0161i sv\u0113tdien notiku\u0161o ielau\u0161anos, kuras laik\u0101 nozaga Francijas karaliskos d\u0101rgumus 88 miljonu eiro v\u0113rt\u012bb\u0101.<\/p>\n<p>Kara tre\u0161dien sniedza pirmos publiskos koment\u0101rus kop\u0161 z\u0101dz\u012bbas, kas ir ieguvusi pla\u0161u uzman\u012bbu vis\u0101 pasaul\u0113. Luvras direktore atbild\u0113ja uz jaut\u0101jumiem Sen\u0101ta Kult\u016bras komisij\u0101.<\/p>\n<blockquote>\n<p>Luvras direktore sac\u012bja, ka z\u0101dz\u012bbas laik\u0101 darboj\u0101s visas signaliz\u0101cijas, ta\u010du pie Luvras \u0101rsien\u0101m izvietot\u0101s videonov\u0113ro\u0161anas kameras nepietiekami nosedza vietu, pa kuru zag\u013ci ielauz\u0101s muzej\u0101.<\/p>\n<\/blockquote>\n<p>Direktore atzina, ka notiku\u0161ajam nav attaisnojuma, ta\u010du piebilda, ka neviens nav pasarg\u0101ts no brut\u0101liem noziedzniekiem, pat ne Luvra.\u00a0<\/p>\n<p>Kara ir izteikusi gatav\u012bbu atk\u0101pties no amata, lai uz\u0146emtos atbild\u012bbu par notiku\u0161o, ta\u010du Francijas kult\u016bras ministre Ra\u0161ida Dati to noraid\u012bja.<\/p>\n<p>Francijas prezidents Emanuels Makrons vakar uzdeva nekav\u0113joties pastiprin\u0101t dro\u0161\u012bbas pas\u0101kumus Luvr\u0101, kas ir viens no t\u016bristu iecien\u012bt\u0101kajiem muzejiem pasaul\u0113.<\/p>\n<p>KONTEKSTS:<\/p>\n<p>Luvr\u0101 19. oktobr\u012b\u00a0notikusi\u00a0<a data-id=\"618933\" data-type=\"article\" href=\"https:\/\/www.lsm.lv\/raksts\/zinas\/arzemes\/19.10.2025-luvra-nozagtas-darglietas.a618933\/?utm_source=lsm&amp;utm_medium=article-body&amp;utm_campaign=admin\" class=\"lsm-link\" rel=\"nofollow noopener\" target=\"_blank\">v\u0113rien\u012bga d\u0101rglietu z\u0101dz\u012bba<\/a>. Vair\u0101ki noziedznieki sv\u0113tdien no r\u012bta, \u012bsi p\u0113c muzeja atv\u0113r\u0161anas,\u00a0ir ielauzu\u0161ies vien\u0101 no grezn\u0101kaj\u0101m\u00a0v\u0113sturiskaj\u0101m z\u0101l\u0113m un aiznesu\u0161i \u013coti v\u0113rt\u012bgas Napoleona d\u0101rglietas. Viena no t\u0101m v\u0113l\u0101k tika atrasta net\u0101lu no Luvras.<\/p>\n<p>Zag\u013ciem izdev\u0101s aizb\u0113gt ar asto\u0146iem priek\u0161metiem, kas dat\u0113ti ar 19. gadsimtu, tai skait\u0101 smaragdu un dimantu kaklarotu, ko Napoleons d\u0101vin\u0101ja savai otrajai sievai Marijai Lu\u012bzei. Tika nozagta ar\u012b diad\u0113ma, kas reiz pieder\u0113ja imperatorei Ei\u017eenijai un kas rot\u0101ta ar gandr\u012bz 2000 dimantu, un kaklarota, kas reiz pieder\u0113ja p\u0113d\u0113jai Francijas karalienei Marijai Am\u0101lijai. Kaklarota inkrust\u0113ta ar asto\u0146iem saf\u012briem un 631 dimantu, teikts Luvras t\u012bmek\u013ca vietn\u0113.<\/p>\n<p>                    Valodas k\u013c\u016bda rakst\u0101?<\/p>\n<p class=\"d-none d-md-block\">Iez\u012bm\u0113jiet tekstu un spiediet Ctrl+Enter, lai nos\u016bt\u012btu labojamo teksta fragmentu redaktoram! Par faktu k\u013c\u016bd\u0101m l\u016bdzam zi\u0146ot e-past\u0101 <a href=\"https:\/\/www.lsm.lv\/cdn-cgi\/l\/email-protection\" class=\"__cf_email__\" data-cfemail=\"6b190e0f0a000802010a2b07180645071d\" rel=\"nofollow noopener\" target=\"_blank\">[email\u00a0protected]<\/a>.<\/p>\n<p class=\"d-md-none\">Iez\u012bm\u0113jiet tekstu un spiediet uz Zi\u0146ot par k\u013c\u016bdu pogas, lai nos\u016bt\u012btu labojamo teksta fragmentu redaktoram!<\/p>\n<p>\n                    Zi\u0146ot par k\u013c\u016bdu\n                <\/p>\n","protected":false},"excerpt":{"rendered":"Par\u012bzes Luvras direktore Loransa de Kara atzinusi, ka muzejam ir novecojusi videonov\u0113ro\u0161anas sist\u0113ma, t\u0101p\u0113c iest\u0101des darbinieki nav savlaic\u012bgi&hellip;\n","protected":false},"author":2,"featured_media":28727,"comment_status":"","ping_status":"","sticky":false,"template":"","format":"standard","meta":{"footnotes":""},"categories":[14],"tags":[23,57,28,29,32,33,22,30,31,35,39,38,36,37,34,40,20,26,27,24,25,54,55,56,21,58],"class_list":{"0":"post-28726","1":"post","2":"type-post","3":"status-publish","4":"format-standard","5":"has-post-thumbnail","7":"category-zinas-no-arvalstim","8":"tag-aktualitates","9":"tag-arvalstim","10":"tag-breaking-news","11":"tag-breakingnews","12":"tag-featured-news","13":"tag-featurednews","14":"tag-headlines","15":"tag-latest-news","16":"tag-latestnews","17":"tag-latvia","18":"tag-latvian","19":"tag-latviesu","20":"tag-latviesu-valoda","21":"tag-latviesuvaloda","22":"tag-latvija","23":"tag-lv","24":"tag-news","25":"tag-popularakas-zinas","26":"tag-popularakaszinas","27":"tag-top-stories","28":"tag-topstories","29":"tag-world","30":"tag-world-news","31":"tag-worldnews","32":"tag-zinas","33":"tag-zinas-no-arvalstim"},"share_on_mastodon":{"url":"https:\/\/pubeurope.com\/@lv\/115421494893333442","error":""},"_links":{"self":[{"href":"https:\/\/www.europesays.com\/lv\/wp-json\/wp\/v2\/posts\/28726","targetHints":{"allow":["GET"]}}],"collection":[{"href":"https:\/\/www.europesays.com\/lv\/wp-json\/wp\/v2\/posts"}],"about":[{"href":"https:\/\/www.europesays.com\/lv\/wp-json\/wp\/v2\/types\/post"}],"author":[{"embeddable":true,"href":"https:\/\/www.europesays.com\/lv\/wp-json\/wp\/v2\/users\/2"}],"replies":[{"embeddable":true,"href":"https:\/\/www.europesays.com\/lv\/wp-json\/wp\/v2\/comments?post=28726"}],"version-history":[{"count":0,"href":"https:\/\/www.europesays.com\/lv\/wp-json\/wp\/v2\/posts\/28726\/revisions"}],"wp:featuredmedia":[{"embeddable":true,"href":"https:\/\/www.europesays.com\/lv\/wp-json\/wp\/v2\/media\/28727"}],"wp:attachment":[{"href":"https:\/\/www.europesays.com\/lv\/wp-json\/wp\/v2\/media?parent=28726"}],"wp:term":[{"taxonomy":"category","embeddable":true,"href":"https:\/\/www.europesays.com\/lv\/wp-json\/wp\/v2\/categories?post=28726"},{"taxonomy":"post_tag","embeddable":true,"href":"https:\/\/www.europesays.com\/lv\/wp-json\/wp\/v2\/tags?post=28726"}],"curies":[{"name":"wp","href":"https:\/\/api.w.org\/{rel}","templated":true}]}}