{"id":28738,"date":"2025-10-23T04:20:04","date_gmt":"2025-10-23T04:20:04","guid":{"rendered":"https:\/\/www.europesays.com\/lv\/28738\/"},"modified":"2025-10-23T04:20:04","modified_gmt":"2025-10-23T04:20:04","slug":"tramps-atcel-tiksanos-ar-putinu-es-un-asv-pastiprina-sankcijas","status":"publish","type":"post","link":"https:\/\/www.europesays.com\/lv\/28738\/","title":{"rendered":"Tramps atce\u013c tik\u0161anos ar Putinu, ES un ASV pastiprina sankcijas"},"content":{"rendered":"<p class=\"descr\">ASV prezidents Donalds Tramps tre\u0161dien pazi\u0146oja, ka ir atc\u0113lis pl\u0101notu tik\u0161anos ar Krievijas diktatoru Vladimiru Putinu.<\/p>\n<p>&#8220;M\u0113s atc\u0113l\u0101m tik\u0161anos ar prezidentu Putinu,&#8221; Tramps sac\u012bja, Baltaj\u0101 nam\u0101 tiekoties ar NATO \u0123ener\u0101lsekret\u0101ru Marku Riti.<\/p>\n<p>&#8220;Vienk\u0101r\u0161i man tas ne\u0161\u0137ita pareizi. Nebija saj\u016btas, ka m\u0113s non\u0101ksim tur, kur mums j\u0101non\u0101k. T\u0101p\u0113c es to atc\u0113lu, bet m\u0113s to izdar\u012bsim n\u0101kotn\u0113,&#8221; sac\u012bja Tramps.<\/p>\n<p>Tramps 16. oktobr\u012b bija pazi\u0146ojis, ka dr\u012bzum\u0101 tiksies ar Putinu Budape\u0161t\u0101. K\u0101 iesp\u0113jamais tik\u0161an\u0101s norises laiks tika min\u0113tas divas ned\u0113\u013cas.<\/p>\n<p>Tramps otrdien pazi\u0146oja, ka ir atlicis pl\u0101nus Budape\u0161t\u0101 r\u012bkot samitu ar Putinu, jo nev\u0113las, lai tik\u0161an\u0101s tiktu izniekota.<\/p>\n<p>Eiropas Savien\u012bbas (ES) dal\u012bbvalstis tre\u0161dien vienoju\u0161\u0101s par jaun\u0101m sankcij\u0101m pret Krieviju, taj\u0101 skait\u0101 par turpm\u0101ku krievu naftas un g\u0101zes importa ierobe\u017eo\u0161anu, zi\u0146o D\u0101nija, kas \u0161obr\u012bd pilda bloka prezid\u0113jo\u0161\u0101s valsts pien\u0101kumus.<\/p>\n<p>19. sankciju k\u0101rta, kam Krievija pak\u013cauta kop\u0161 t\u0101s atk\u0101rtot\u0101 iebrukuma Ukrain\u0101 2022. gada febru\u0101r\u012b, paredz l\u012bdz 2027. gadam aizliegt sa\u0161\u0137idrin\u0101t\u0101s g\u0101zes importu no Krievijas, iek\u013caut &#8220;melnaj\u0101 sarakst\u0101&#8221; v\u0113l liel\u0101ku skaitu Krievijas &#8220;\u0113nu flotes&#8221; tankku\u0123u un ierobe\u017eot krievu diplom\u0101tu p\u0101rvieto\u0161anos Eirop\u0101.<\/p>\n<p>L\u012bdz \u0161im vieno\u0161anos par jaunaj\u0101m sankcij\u0101m kav\u0113ja Slov\u0101kija, kas pras\u012bja savas auto ra\u017eo\u0161anas nozares aizsardz\u012bbu no ES ties\u012bbu norm\u0101m, kuru m\u0113r\u0137is ir klimata p\u0101rmai\u0146u ierobe\u017eo\u0161ana.<\/p>\n<p>Savuk\u0101rt ASV finan\u0161u ministrs Skots Besents tre\u0161dien pazi\u0146oja par ASV sankciju noteik\u0161anu pret div\u0101m liel\u0101kaj\u0101m Krievijas naftas komp\u0101nij\u0101m &#8220;Ros\u0146eftj&#8221; un &#8220;Lukoil&#8221;, k\u0101 iemeslu minot Krievijas diktatora Vladimira Putina &#8220;atteik\u0161anos izbeigt \u0161o bezj\u0113dz\u012bgo karu&#8221; Ukrain\u0101.<\/p>\n<p>ASV prezidents Donalds Tramps m\u0113\u0123ina pan\u0101kt \u0161\u012b kara izbeig\u0161anu, kas s\u0101k\u0101s ar Krievijas pilna m\u0113roga iebrukumu Ukrain\u0101 2022. gada febru\u0101r\u012b.<\/p>\n<p>Sankcijas noteiktas dienu p\u0113c tam, kad tika atcelta pl\u0101nota Trampa un Putina tik\u0161an\u0101s Budape\u0161t\u0101, Va\u0161ingtonai pau\u017eot vil\u0161anos par progresa tr\u016bkumu pamiera sarun\u0101s ar Maskavu. Par jaun\u0101m sankcij\u0101m pret Krieviju tre\u0161dien vienoj\u0101s ar\u012b Eiropas Savien\u012bbas (ES) dal\u012bbvalstis.<\/p>\n<p>&#8220;\u0145emot v\u0113r\u0101 Putina atteik\u0161anos izbeigt \u0161o bezj\u0113dz\u012bgo karu, Finan\u0161u ministrija nosaka sankcijas pret div\u0101m liel\u0101kaj\u0101m Krievijas naftas komp\u0101nij\u0101m, kuras finans\u0113 Krem\u013ca kara ma\u0161\u012bn\u0113riju,&#8221; pazi\u0146oja Besents.<\/p>\n<p>Vi\u0146\u0161 br\u012bdin\u0101ja, ka Finan\u0161u ministrija ir gatava &#8220;t\u0101l\u0101kai darb\u012bbai, ja nepiecie\u0161ams&#8221;, lai atbalst\u012btu Trampa centienus izbeigt karu.<\/p>\n<p>Pirms ofici\u0101l\u0101 pazi\u0146ojuma run\u0101jot ar telekan\u0101lu &#8220;Fox Business&#8221;, Besents sac\u012bja, ka t\u0101s ir &#8220;vienas no liel\u0101kaj\u0101m sankcij\u0101m, ko m\u0113s esam noteiku\u0161i pret Krievijas Feder\u0101ciju&#8221;.<\/p>\n<p>Tramps m\u0113ne\u0161iem ilgi atlika jaunu sankciju noteik\u0161anu, cerot p\u0101rliecin\u0101t Putinu nosl\u0113gt mieru, lai gan Trampa neapmierin\u0101t\u012bba ar Krem\u013ca l\u012bderi pieauga.<\/p>\n<p>Trampa paciet\u012bba izs\u012bka se\u0161u dienu laik\u0101 kop\u0161 vi\u0146a telefonsarunas ar Putinu pag\u0101ju\u0161aj\u0101 ceturtdien\u0101.<\/p>\n<p>&#8220;Prezidents Putins nav atn\u0101cis pie [sarunu] galda god\u012bg\u0101 un atkl\u0101t\u0101 veid\u0101, uz k\u0101du m\u0113s cer\u0113j\u0101m,&#8221; Besents sac\u012bja telekan\u0101lam &#8220;Fox Business&#8221;.<\/p>\n<p>Vi\u0146\u0161 atg\u0101din\u0101ja, ka Trampa un Putina tik\u0161an\u0101s laik\u0101 august\u0101 A\u013cask\u0101 &#8220;prezidents Tramps aizg\u0101ja prom, kad vi\u0146\u0161 saprata, ka lietas nevirz\u0101s uz priek\u0161u&#8221;.<\/p>\n<p>&#8220;Ir biju\u0161as aizkuli\u0161u sarunas, bet es uzskatu, ka prezidents ir v\u012blies par to, kur m\u0113s esam \u0161aj\u0101s sarun\u0101s,&#8221; piebilda Besents.<\/p>\n<p>\t\t\t\t\t\tinfo<\/p>\n<p>Uzzini pirmais<br \/>kas interesants noticis Latvij\u0101 un pasaul\u0113,<br \/>pievienojoties mums <a href=\"https:\/\/t.me\/neatkariga\" rel=\"nofollow\">Telegram<\/a> vai <a href=\"https:\/\/whatsapp.com\/channel\/0029VaMLFUH5K3zLU5s4wm3y\" rel=\"nofollow noopener\" target=\"_blank\">Whatsapp<\/a> kan\u0101l\u0101<\/p>\n","protected":false},"excerpt":{"rendered":"ASV prezidents Donalds Tramps tre\u0161dien pazi\u0146oja, ka ir atc\u0113lis pl\u0101notu tik\u0161anos ar Krievijas diktatoru Vladimiru Putinu. &#8220;M\u0113s atc\u0113l\u0101m&hellip;\n","protected":false},"author":2,"featured_media":23626,"comment_status":"","ping_status":"","sticky":false,"template":"","format":"standard","meta":{"footnotes":""},"categories":[14],"tags":[23,57,28,29,32,33,22,30,31,35,39,38,36,37,34,40,20,26,27,24,25,54,55,56,21,58],"class_list":{"0":"post-28738","1":"post","2":"type-post","3":"status-publish","4":"format-standard","5":"has-post-thumbnail","7":"category-zinas-no-arvalstim","8":"tag-aktualitates","9":"tag-arvalstim","10":"tag-breaking-news","11":"tag-breakingnews","12":"tag-featured-news","13":"tag-featurednews","14":"tag-headlines","15":"tag-latest-news","16":"tag-latestnews","17":"tag-latvia","18":"tag-latvian","19":"tag-latviesu","20":"tag-latviesu-valoda","21":"tag-latviesuvaloda","22":"tag-latvija","23":"tag-lv","24":"tag-news","25":"tag-popularakas-zinas","26":"tag-popularakaszinas","27":"tag-top-stories","28":"tag-topstories","29":"tag-world","30":"tag-world-news","31":"tag-worldnews","32":"tag-zinas","33":"tag-zinas-no-arvalstim"},"share_on_mastodon":{"url":"https:\/\/pubeurope.com\/@lv\/115421565728600823","error":""},"_links":{"self":[{"href":"https:\/\/www.europesays.com\/lv\/wp-json\/wp\/v2\/posts\/28738","targetHints":{"allow":["GET"]}}],"collection":[{"href":"https:\/\/www.europesays.com\/lv\/wp-json\/wp\/v2\/posts"}],"about":[{"href":"https:\/\/www.europesays.com\/lv\/wp-json\/wp\/v2\/types\/post"}],"author":[{"embeddable":true,"href":"https:\/\/www.europesays.com\/lv\/wp-json\/wp\/v2\/users\/2"}],"replies":[{"embeddable":true,"href":"https:\/\/www.europesays.com\/lv\/wp-json\/wp\/v2\/comments?post=28738"}],"version-history":[{"count":0,"href":"https:\/\/www.europesays.com\/lv\/wp-json\/wp\/v2\/posts\/28738\/revisions"}],"wp:featuredmedia":[{"embeddable":true,"href":"https:\/\/www.europesays.com\/lv\/wp-json\/wp\/v2\/media\/23626"}],"wp:attachment":[{"href":"https:\/\/www.europesays.com\/lv\/wp-json\/wp\/v2\/media?parent=28738"}],"wp:term":[{"taxonomy":"category","embeddable":true,"href":"https:\/\/www.europesays.com\/lv\/wp-json\/wp\/v2\/categories?post=28738"},{"taxonomy":"post_tag","embeddable":true,"href":"https:\/\/www.europesays.com\/lv\/wp-json\/wp\/v2\/tags?post=28738"}],"curies":[{"name":"wp","href":"https:\/\/api.w.org\/{rel}","templated":true}]}}