{"id":28743,"date":"2025-10-23T04:26:10","date_gmt":"2025-10-23T04:26:10","guid":{"rendered":"https:\/\/www.europesays.com\/lv\/28743\/"},"modified":"2025-10-23T04:26:10","modified_gmt":"2025-10-23T04:26:10","slug":"2025-gada-saharova-balvas-laureati-andzejs-pocobuts-un-mzia-amaglobeli","status":"publish","type":"post","link":"https:\/\/www.europesays.com\/lv\/28743\/","title":{"rendered":"2025. gada Saharova balvas laure\u0101ti \u2013 And\u017eejs Po\u010dobuts un Mzia Amaglobeli"},"content":{"rendered":"<p>Abi \u017eurn\u0101listi, kuri ieslodz\u012bti Baltkrievij\u0101 un Gruzij\u0101, ir 2025. gada Saharova balvas par domas br\u012bv\u012bbu laure\u0101ti. Balvu Eiropas Parlaments pasniegs 16. decembr\u012b.<\/p>\n<p>Tre\u0161dien plen\u0101rs\u0113d\u0113 pazi\u0146ojot laure\u0101tus, EP priek\u0161s\u0113d\u0113t\u0101ja Roberta Metsola teica: \u201cPie\u0161\u0137irot \u0161\u0101 gada Saharova balvu par domas br\u012bv\u012bbu And\u017eejam Po\u010dobutam no Baltkrievijas un Mziai Amaglobeli no Gruzijas, m\u0113s godin\u0101m divus \u017eurn\u0101listus, kuru drosme ir k\u0101 gaismas stars visiem, kuri atsak\u0101s klus\u0113t. Abi ir samaks\u0101ju\u0161i augstu cenu par to, ka teiku\u0161i paties\u012bbu varas p\u0101rst\u0101vjiem, un k\u013cuvu\u0161i par simboliem c\u012b\u0146ai par br\u012bv\u012bbu un demokr\u0101tiju. Parlaments atbalsta vi\u0146us un visus, kuri turpina piepras\u012bt br\u012bv\u012bbu.\u201d<\/p>\n<p>And\u017eejs Po\u010dobuts\u00a0ir po\u013cu minorit\u0101tes \u017eurn\u0101lists, esejists, blogeris un akt\u012bvists Baltkrievij\u0101. Vi\u0146\u0161 ir paz\u012bstams ar atkl\u0101tu kritiku pret Luka\u0161enko re\u017e\u012bmu un rakstiem par v\u0113sturi un cilv\u0113kties\u012bb\u0101m un vair\u0101kk\u0101rt ticis aiztur\u0113ts. Kop\u0161 2021. gada vi\u0146\u0161 atrodas apcietin\u0101jum\u0101 un ir noties\u0101ts uz asto\u0146iem gadiem cietum\u0101. Kop\u0161 t\u0101 laika vi\u0146a vesel\u012bbas st\u0101voklis ir pasliktin\u0101jies. Neraugoties uz to, ka vi\u0146\u0161 nesa\u0146em nepiecie\u0161amo medic\u012bnisko apr\u016bpi, vi\u0146\u0161 joproj\u0101m c\u012bn\u0101s par br\u012bv\u012bbu un demokr\u0101tiju. A. Po\u010dobuta pa\u0161reiz\u0113jais vesel\u012bbas st\u0101voklis nav zin\u0101ms, un vi\u0146a \u0123imenei nav at\u013cauts vi\u0146u apmekl\u0113t.<\/p>\n<p>2023. gada 15. mart\u0101 pie\u0146emtaj\u0101 rezol\u016bcij\u0101 Parlaments aicin\u0101ja\u00a0<a href=\"https:\/\/www.europarl.europa.eu\/doceo\/document\/TA-9-2023-0075_LV.html\" target=\"_blank\" data-analytics-event-attached=\"true\" rel=\"nofollow noopener\">nekav\u0113joties un bez nosac\u012bjumiem atbr\u012bvot<\/a>\u00a0A. Po\u010dobutu, nor\u0101dot, ka pret vi\u0146u izvirz\u012bt\u0101s aps\u016bdz\u012bbas ir \u201cpolitiski motiv\u0113tas\u201d un \u201cv\u0113rstas uz neatkar\u012bgu viedok\u013cu apklusin\u0101\u0161anu un v\u0101rda un biedro\u0161an\u0101s br\u012bv\u012bbas apspie\u0161anu\u201d.<\/p>\n<p>Mzia Amaglobeli, gruz\u012bnu \u017eurn\u0101liste un tie\u0161saistes mediju \u201cBatumelebi\u201d un \u201cNetgazeti\u201d vad\u012bt\u0101ja, 2025. gada janv\u0101r\u012b tika arest\u0113ta par dal\u012bbu protestos pret Gruzijas vald\u012bbu. August\u0101 vi\u0146a politisku iemeslu d\u0113\u013c tika noties\u0101ta uz diviem gadiem cietum\u0101. M. Amaglobeli, v\u0101rda br\u012bv\u012bbas aizst\u0101ve un pirm\u0101 politieslodz\u012bt\u0101 sieviete Gruzij\u0101 kop\u0161 valsts neatkar\u012bbas ieg\u016b\u0161anas, ir k\u013cuvusi par Gruzijas demokr\u0101tisk\u0101s protesta kust\u012bbas simbolu.<\/p>\n<p>2025. gada 19. j\u016bnij\u0101 pie\u0146emt\u0101\u00a0<a href=\"https:\/\/www.europarl.europa.eu\/doceo\/document\/TA-10-2025-0132_LV.html\" target=\"_blank\" data-analytics-event-attached=\"true\" rel=\"nofollow noopener\">rezol\u016bcij\u0101<\/a>\u00a0Parlaments aicina nekav\u0113joties un bez nosac\u012bjumiem atbr\u012bvot Mziu Amaglobeli Gruzij\u0101 un nosoda \u201cpartijas \u201cGruzijas sapnis\u201d re\u017e\u012bma sistem\u0101tiskos uzbrukumus demokr\u0101tiskaj\u0101m instit\u016bcij\u0101m, politiskajai opoz\u012bcijai, neatkar\u012bgajiem pla\u0161sazi\u0146as l\u012bdzek\u013ciem, pilsoniskajai sabiedr\u012bbai un tiesu varas neatkar\u012bbai\u201d.<\/p>\n<p>Parlaments atbalsta demokr\u0101tijas un v\u0101rda br\u012bv\u012bbas aizst\u0101vjus<\/p>\n<p>Parlaments ir stingrs Baltkrievijas demokr\u0101tisk\u0101s opoz\u012bcijas atbalst\u012bt\u0101js un 2020. gad\u0101 tai pie\u0161\u0137\u012bra\u00a0<a href=\"https:\/\/www.europarl.europa.eu\/topics\/lv\/article\/20201210STO93502\/baltkrievijas-demokratiskajai-opozicijai-pasniegta-2020-gada-saharova-balva\" target=\"_blank\" data-analytics-event-attached=\"true\" rel=\"nofollow noopener\">Saharova balvu par domas br\u012bv\u012bbu<\/a>. 2024. gada maij\u0101 priek\u0161s\u0113d\u0113t\u0101ja Roberta Metsola parakst\u012bja nodomu v\u0113stuli par\u00a0<a href=\"https:\/\/www.europarl.europa.eu\/news\/en\/press-room\/20240503IPR21379\/parliament-strengthens-its-cooperation-with-the-belarusian-democratic-forces\" target=\"_blank\" data-analytics-event-attached=\"true\" rel=\"nofollow noopener\">sadarb\u012bbas stiprin\u0101\u0161anu starp Eiropas Parlamentu un demokr\u0101tiskajiem sp\u0113kiem Baltkrievij\u0101<\/a>. 2025. gada 22. oktobr\u012b svin\u012bga s\u0113d\u0113 Strasb\u016br\u0101 deput\u0101tus uzrun\u0101ja Baltkrievijas opoz\u012bcijas l\u012bderi Sjarhejs un Svjatlana Cihonauski, un taj\u0101 pa\u0161\u0101 dien\u0101 Parlaments pie\u0146\u0113ma jaunu rezol\u016bciju par situ\u0101ciju Baltkrievij\u0101.<\/p>\n<p>2024. gada novembr\u012b p\u0113c apstr\u012bd\u0113taj\u0101m oktobra v\u0113l\u0113\u0161an\u0101m Gruzij\u0101\u00a0<a href=\"https:\/\/www.europarl.europa.eu\/news\/lv\/press-room\/20241121IPR25549\/parlaments-aicina-gruzija-rikot-jaunas-velesanas\" target=\"_blank\" data-analytics-event-attached=\"true\" rel=\"nofollow noopener\">Parlaments aicin\u0101ja valsti r\u012bkot jaunas v\u0113l\u0113\u0161anas<\/a>.\u00a0<a href=\"https:\/\/www.europarl.europa.eu\/news\/lv\/press-room\/20250704IPR29451\/parlaments-pauz-nozelu-par-demokratijas-lejupslidi-un-represijam-gruzija\" target=\"_blank\" data-analytics-event-attached=\"true\" rel=\"nofollow noopener\">2025. gada j\u016blij\u0101 EP deput\u0101ti pie\u0146\u0113ma rezol\u016bciju<\/a>, kur\u0101 pauda no\u017e\u0113lu par demokr\u0101tijas lejupsl\u012bdi un represij\u0101m \u0161aj\u0101 valst\u012b, un nor\u0101d\u012bja, ka pa\u0161reiz\u0113j\u0101 Gruzijas vald\u012bba apdraud valsts ce\u013cu uz ES. Vi\u0146i aicin\u0101ja ES un dal\u012bbvalstis noteikt divpus\u0113jas un saska\u0146otas personiskas sankcijas pret galvenajiem \u201cGruzijas sap\u0146a\u201d l\u012bderiem. Vi\u0146i ar\u012b l\u016bdza Eiropas Komisiju p\u0101rskat\u012bt ES un Gruzijas asoci\u0101cijas nol\u012bguma \u012bsteno\u0161anu.<\/p>\n<p>Saharova balva par domas br\u012bv\u012bbu<\/p>\n<p>Saharova balva par domas br\u012bv\u012bbu ir ES augst\u0101kais apbalvojums cilv\u0113kties\u012bbu jom\u0101; t\u0101 nosaukta\u00a0<a href=\"https:\/\/www.europarl.europa.eu\/sakharovprize\/lv\/the-prize\/andrei-sakharov\" target=\"_blank\" data-analytics-event-attached=\"true\" rel=\"nofollow noopener\">padomju fizi\u0137a un politisk\u0101 disidenta Andreja Saharova<\/a>\u00a0v\u0101rd\u0101. Kop\u0161 1988. gada Parlaments to ik gadu pie\u0161\u0137ir indiv\u012bdiem, grup\u0101m vai organiz\u0101cij\u0101m, t\u0101 nov\u0113rt\u0113jot to izcilo ieguld\u012bjumu cilv\u0113kties\u012bbu, v\u0101rda br\u012bv\u012bbas vai demokr\u0101tisko v\u0113rt\u012bbu aizst\u0101v\u012bb\u0101.<\/p>\n<p>Vair\u0101ki Saharova balvas laure\u0101ti ir sa\u0146\u0113mu\u0161i ar\u012b Nobela Miera pr\u0113miju. Pavisam nesen 2024. gada Saharova balvas laure\u0101te\u00a0<a href=\"https:\/\/www.europarl.europa.eu\/news\/lv\/press-room\/20241017IPR24738\/marijai-korinai-macado-un-edmundo-gonzalesam-urrutijam-pieskirta-saharova-balva\" target=\"_blank\" data-analytics-event-attached=\"true\" rel=\"nofollow noopener\">Marija Korina Ma\u010dado no Venecu\u0113las<\/a>\u00a0sa\u0146\u0113ma 2025. gada Nobela Miera pr\u0113miju. Iepriek\u0161 Nobela pr\u0113miju sa\u0146\u0113mu\u0161i Saharova balvas laure\u0101ti Nelsons Mandela, Malala Jusafzaja, Deniss Mukvege, Nadia Murada, Aless Bja\u013cackis un Oleksandra Matvi\u010duka.<\/p>\n<p>Iepriek\u0161\u0113jo Saharova balvas laure\u0101tu saraksts atrodams\u00a0<a href=\"https:\/\/www.europarl.europa.eu\/sakharovprize\/lv\/laureates\/around-the-world\" target=\"_blank\" data-analytics-event-attached=\"true\" rel=\"nofollow noopener\">\u0161eit<\/a>.<\/p>\n<p>          <img decoding=\"async\" src=\"https:\/\/www.europesays.com\/lv\/wp-content\/uploads\/2025\/10\/1761133806_557_logo-lv.png\" alt=\"\"\/><\/p>\n<p>                  \u0160\u012b inform\u0101cija ir publisks pazi\u0146ojums un neatspogu\u013co LV port\u0101la viedokli. Par t\u0101s saturu atbild ies\u016bt\u012bt\u0101js. <a data-popup=\"rules\">Public\u0113\u0161anas noteikumi<\/a><\/p>\n","protected":false},"excerpt":{"rendered":"Abi \u017eurn\u0101listi, kuri ieslodz\u012bti Baltkrievij\u0101 un Gruzij\u0101, ir 2025. gada Saharova balvas par domas br\u012bv\u012bbu laure\u0101ti. Balvu Eiropas&hellip;\n","protected":false},"author":2,"featured_media":28744,"comment_status":"","ping_status":"","sticky":false,"template":"","format":"standard","meta":{"footnotes":""},"categories":[14],"tags":[23,57,28,29,32,33,22,30,31,35,39,38,36,37,34,40,20,26,27,24,25,54,55,56,21,58],"class_list":{"0":"post-28743","1":"post","2":"type-post","3":"status-publish","4":"format-standard","5":"has-post-thumbnail","7":"category-zinas-no-arvalstim","8":"tag-aktualitates","9":"tag-arvalstim","10":"tag-breaking-news","11":"tag-breakingnews","12":"tag-featured-news","13":"tag-featurednews","14":"tag-headlines","15":"tag-latest-news","16":"tag-latestnews","17":"tag-latvia","18":"tag-latvian","19":"tag-latviesu","20":"tag-latviesu-valoda","21":"tag-latviesuvaloda","22":"tag-latvija","23":"tag-lv","24":"tag-news","25":"tag-popularakas-zinas","26":"tag-popularakaszinas","27":"tag-top-stories","28":"tag-topstories","29":"tag-world","30":"tag-world-news","31":"tag-worldnews","32":"tag-zinas","33":"tag-zinas-no-arvalstim"},"share_on_mastodon":{"url":"https:\/\/pubeurope.com\/@lv\/115421589252045873","error":""},"_links":{"self":[{"href":"https:\/\/www.europesays.com\/lv\/wp-json\/wp\/v2\/posts\/28743","targetHints":{"allow":["GET"]}}],"collection":[{"href":"https:\/\/www.europesays.com\/lv\/wp-json\/wp\/v2\/posts"}],"about":[{"href":"https:\/\/www.europesays.com\/lv\/wp-json\/wp\/v2\/types\/post"}],"author":[{"embeddable":true,"href":"https:\/\/www.europesays.com\/lv\/wp-json\/wp\/v2\/users\/2"}],"replies":[{"embeddable":true,"href":"https:\/\/www.europesays.com\/lv\/wp-json\/wp\/v2\/comments?post=28743"}],"version-history":[{"count":0,"href":"https:\/\/www.europesays.com\/lv\/wp-json\/wp\/v2\/posts\/28743\/revisions"}],"wp:featuredmedia":[{"embeddable":true,"href":"https:\/\/www.europesays.com\/lv\/wp-json\/wp\/v2\/media\/28744"}],"wp:attachment":[{"href":"https:\/\/www.europesays.com\/lv\/wp-json\/wp\/v2\/media?parent=28743"}],"wp:term":[{"taxonomy":"category","embeddable":true,"href":"https:\/\/www.europesays.com\/lv\/wp-json\/wp\/v2\/categories?post=28743"},{"taxonomy":"post_tag","embeddable":true,"href":"https:\/\/www.europesays.com\/lv\/wp-json\/wp\/v2\/tags?post=28743"}],"curies":[{"name":"wp","href":"https:\/\/api.w.org\/{rel}","templated":true}]}}