{"id":28747,"date":"2025-10-23T04:40:08","date_gmt":"2025-10-23T04:40:08","guid":{"rendered":"https:\/\/www.europesays.com\/lv\/28747\/"},"modified":"2025-10-23T04:40:08","modified_gmt":"2025-10-23T04:40:08","slug":"vienkarsi-neskita-pareizi-tramps-skaidro-kapec-atcela-tiksanos-ar-putinu","status":"publish","type":"post","link":"https:\/\/www.europesays.com\/lv\/28747\/","title":{"rendered":"&#8220;Vienk\u0101r\u0161i ne\u0161\u0137ita pareizi&#8221; \u2013 Tramps skaidro, k\u0101p\u0113c atc\u0113la tik\u0161anos ar Putinu"},"content":{"rendered":"<p>&#8220;M\u0113s atc\u0113l\u0101m tik\u0161anos ar prezidentu Putinu,&#8221; Tramps sac\u012bja, Baltaj\u0101 nam\u0101 tiekoties ar NATO \u0123ener\u0101lsekret\u0101ru Marku Riti.<\/p>\n<p>&#8220;Vienk\u0101r\u0161i man tas ne\u0161\u0137ita pareizi. Nebija saj\u016btas, ka m\u0113s non\u0101ksim tur, kur mums j\u0101non\u0101k. T\u0101p\u0113c es to atc\u0113lu, bet m\u0113s to izdar\u012bsim n\u0101kotn\u0113,&#8221; sac\u012bja Tramps.<\/p>\n<p>Tramps 16. oktobr\u012b bija pazi\u0146ojis, ka dr\u012bzum\u0101 tiksies ar Putinu Budape\u0161t\u0101. K\u0101 iesp\u0113jamais tik\u0161an\u0101s norises laiks tika min\u0113tas divas ned\u0113\u013cas.<\/p>\n<p>Tramps otrdien pazi\u0146oja, ka ir atlicis pl\u0101nus Budape\u0161t\u0101 r\u012bkot samitu ar Putinu, jo nev\u0113las, lai tik\u0161an\u0101s tiktu izniekota.<\/p>\n","protected":false},"excerpt":{"rendered":"&#8220;M\u0113s atc\u0113l\u0101m tik\u0161anos ar prezidentu Putinu,&#8221; Tramps sac\u012bja, Baltaj\u0101 nam\u0101 tiekoties ar NATO \u0123ener\u0101lsekret\u0101ru Marku Riti. &#8220;Vienk\u0101r\u0161i man&hellip;\n","protected":false},"author":2,"featured_media":22570,"comment_status":"","ping_status":"","sticky":false,"template":"","format":"standard","meta":{"footnotes":""},"categories":[5],"tags":[23,292,28,29,542,32,33,22,234,74,30,31,35,39,38,36,37,34,40,20,26,27,24,25,235,21],"class_list":{"0":"post-28747","1":"post","2":"type-post","3":"status-publish","4":"format-standard","5":"has-post-thumbnail","7":"category-aktualitates","8":"tag-aktualitates","9":"tag-asv","10":"tag-breaking-news","11":"tag-breakingnews","12":"tag-donalds-tramps","13":"tag-featured-news","14":"tag-featurednews","15":"tag-headlines","16":"tag-krievija","17":"tag-krievijas-iebrukums-ukraina","18":"tag-latest-news","19":"tag-latestnews","20":"tag-latvia","21":"tag-latvian","22":"tag-latviesu","23":"tag-latviesu-valoda","24":"tag-latviesuvaloda","25":"tag-latvija","26":"tag-lv","27":"tag-news","28":"tag-popularakas-zinas","29":"tag-popularakaszinas","30":"tag-top-stories","31":"tag-topstories","32":"tag-vladimirs-putins","33":"tag-zinas"},"share_on_mastodon":{"url":"https:\/\/pubeurope.com\/@lv\/115421644271352567","error":""},"_links":{"self":[{"href":"https:\/\/www.europesays.com\/lv\/wp-json\/wp\/v2\/posts\/28747","targetHints":{"allow":["GET"]}}],"collection":[{"href":"https:\/\/www.europesays.com\/lv\/wp-json\/wp\/v2\/posts"}],"about":[{"href":"https:\/\/www.europesays.com\/lv\/wp-json\/wp\/v2\/types\/post"}],"author":[{"embeddable":true,"href":"https:\/\/www.europesays.com\/lv\/wp-json\/wp\/v2\/users\/2"}],"replies":[{"embeddable":true,"href":"https:\/\/www.europesays.com\/lv\/wp-json\/wp\/v2\/comments?post=28747"}],"version-history":[{"count":0,"href":"https:\/\/www.europesays.com\/lv\/wp-json\/wp\/v2\/posts\/28747\/revisions"}],"wp:featuredmedia":[{"embeddable":true,"href":"https:\/\/www.europesays.com\/lv\/wp-json\/wp\/v2\/media\/22570"}],"wp:attachment":[{"href":"https:\/\/www.europesays.com\/lv\/wp-json\/wp\/v2\/media?parent=28747"}],"wp:term":[{"taxonomy":"category","embeddable":true,"href":"https:\/\/www.europesays.com\/lv\/wp-json\/wp\/v2\/categories?post=28747"},{"taxonomy":"post_tag","embeddable":true,"href":"https:\/\/www.europesays.com\/lv\/wp-json\/wp\/v2\/tags?post=28747"}],"curies":[{"name":"wp","href":"https:\/\/api.w.org\/{rel}","templated":true}]}}