{"id":28757,"date":"2025-10-23T04:52:07","date_gmt":"2025-10-23T04:52:07","guid":{"rendered":"https:\/\/www.europesays.com\/lv\/28757\/"},"modified":"2025-10-23T04:52:07","modified_gmt":"2025-10-23T04:52:07","slug":"laudis-neizpratne-par-maksas-stavvietas-ierikosanu-pie-bikernieku-meza-kads-ir-skaidrojums","status":"publish","type":"post","link":"https:\/\/www.europesays.com\/lv\/28757\/","title":{"rendered":"\u013baudis neizpratn\u0113 par maksas st\u0101vvietas ier\u012bko\u0161anu pie Bi\u0137ernieku me\u017ea. K\u0101ds ir skaidrojums?"},"content":{"rendered":"<p>&#8220;K\u0101dreiz brauc\u0101m un var\u0113ja novietot ma\u0161\u012bnu, aiziet pastaig\u0101ties, ziem\u0101 var\u0113ja sl\u0113pot. Bija, kur nolikt ma\u0161\u012bnu. Tagad ir uztais\u012bta maksas <a href=\"https:\/\/www.tvnet.lv\/term\/568366\/stavvieta\" class=\"topicLink\" target=\"_blank\" rel=\"nofollow noopener\">st\u0101vvieta<\/a>. Kam tas ir izdev\u012bgi? Vai t\u0101 ir valsts iniciat\u012bva vai pa\u0161vald\u012bbas? To grib\u0113tos zin\u0101t, un tuk\u0161a st\u0101v. Izt\u0113r\u0113ju\u0161i naudu par kamer\u0101m un uzliku\u0161i kaut k\u0101dus aizdom\u012bgus stabi\u0146us nesaprotamu iemeslu d\u0113\u013c,&#8221; sac\u012bja Laima, kura ir nepat\u012bkami p\u0101rsteigta par maksas st\u0101vvietas izveido\u0161anu. Vi\u0146ai ar\u012b \u0161\u0137iet, ka iepriek\u0161 me\u017e\u0101 biju\u0161i daudz vair\u0101k pastaigu entuziastu.<\/p>\n<p>Konkr\u0113to teritoriju apsaimnieko pa\u0161vald\u012bbas uz\u0146\u0113mums &#8220;R\u012bgas me\u017ei&#8221;. Uz\u0146\u0113muma strat\u0113\u0123isk\u0101s komunik\u0101cijas un sabiedrisko attiec\u012bbu da\u013cas vad\u012bt\u0101ja Ieva Geistere past\u0101st\u012bja, ka teritorij\u0101 regul\u0101ri v\u0101ca atkritumus, kuru bija \u013coti daudz. T\u0101pat notika ar\u012b neleg\u0101las drifta sacens\u012bbas. T\u0101 k\u0101 uz\u0146\u0113mumam bija j\u0101r\u016bp\u0113jas par k\u0101rt\u012bbu un dro\u0161\u012bbu \u0161aj\u0101 teritorij\u0101, tika pie\u0146emts l\u0113mums, ka teritorija tiek izsol\u012bta likum\u0101 noteiktaj\u0101 k\u0101rt\u012bb\u0101.<\/p>\n<p>&#8220;Mums \u0161\u012b teritorija ir j\u0101apsaimnieko, no \u0161\u012bs teritorijas j\u0101g\u016bst ar\u012b k\u0101ds finansi\u0101ls labums, nevis k\u0101 iepriek\u0161 \u2013 j\u0101v\u0101c tikai atkritumi, un t\u0101p\u0113c tika izsol\u012bta teritorija uz pieciem gadiem. Ir nosl\u0113gts l\u012bgums, ka \u0161aj\u0101 viet\u0101 b\u016bs maksas <a href=\"https:\/\/www.tvnet.lv\/term\/578777\/autostavvieta\" class=\"topicLink\" target=\"_blank\" rel=\"nofollow noopener\">autost\u0101vvieta<\/a>,&#8221; paskaidroja Geistere.<\/p>\n<p>Agr\u0101k \u0161aj\u0101 viet\u0101 bija pl\u0101nots celt uz\u0146\u0113muma &#8220;R\u012bgas me\u017ei&#8221; biroja \u0113ku, ta\u010du pl\u0101ni main\u012bj\u0101s, t\u0101d\u0113\u013c teritoriju izsol\u012bja par 10 t\u016bksto\u0161iem eiro gad\u0101. St\u0101vvietu izmanto k\u0101 me\u017ea, t\u0101 ar\u012b blakus eso\u0161\u0101s slimn\u012bcas apmekl\u0113t\u0101ji, kuriem tagad par auto novieto\u0161anu j\u0101maks\u0101.<\/p>\n","protected":false},"excerpt":{"rendered":"&#8220;K\u0101dreiz brauc\u0101m un var\u0113ja novietot ma\u0161\u012bnu, aiziet pastaig\u0101ties, ziem\u0101 var\u0113ja sl\u0113pot. Bija, kur nolikt ma\u0161\u012bnu. Tagad ir uztais\u012bta&hellip;\n","protected":false},"author":2,"featured_media":28758,"comment_status":"","ping_status":"","sticky":false,"template":"","format":"standard","meta":{"footnotes":""},"categories":[5],"tags":[23,8851,28,29,32,33,22,30,31,35,39,38,36,37,34,40,20,26,27,8852,24,25,21],"class_list":{"0":"post-28757","1":"post","2":"type-post","3":"status-publish","4":"format-standard","5":"has-post-thumbnail","7":"category-aktualitates","8":"tag-aktualitates","9":"tag-autostavvieta","10":"tag-breaking-news","11":"tag-breakingnews","12":"tag-featured-news","13":"tag-featurednews","14":"tag-headlines","15":"tag-latest-news","16":"tag-latestnews","17":"tag-latvia","18":"tag-latvian","19":"tag-latviesu","20":"tag-latviesu-valoda","21":"tag-latviesuvaloda","22":"tag-latvija","23":"tag-lv","24":"tag-news","25":"tag-popularakas-zinas","26":"tag-popularakaszinas","27":"tag-stavvieta","28":"tag-top-stories","29":"tag-topstories","30":"tag-zinas"},"share_on_mastodon":{"url":"https:\/\/pubeurope.com\/@lv\/115421691649339217","error":""},"_links":{"self":[{"href":"https:\/\/www.europesays.com\/lv\/wp-json\/wp\/v2\/posts\/28757","targetHints":{"allow":["GET"]}}],"collection":[{"href":"https:\/\/www.europesays.com\/lv\/wp-json\/wp\/v2\/posts"}],"about":[{"href":"https:\/\/www.europesays.com\/lv\/wp-json\/wp\/v2\/types\/post"}],"author":[{"embeddable":true,"href":"https:\/\/www.europesays.com\/lv\/wp-json\/wp\/v2\/users\/2"}],"replies":[{"embeddable":true,"href":"https:\/\/www.europesays.com\/lv\/wp-json\/wp\/v2\/comments?post=28757"}],"version-history":[{"count":0,"href":"https:\/\/www.europesays.com\/lv\/wp-json\/wp\/v2\/posts\/28757\/revisions"}],"wp:featuredmedia":[{"embeddable":true,"href":"https:\/\/www.europesays.com\/lv\/wp-json\/wp\/v2\/media\/28758"}],"wp:attachment":[{"href":"https:\/\/www.europesays.com\/lv\/wp-json\/wp\/v2\/media?parent=28757"}],"wp:term":[{"taxonomy":"category","embeddable":true,"href":"https:\/\/www.europesays.com\/lv\/wp-json\/wp\/v2\/categories?post=28757"},{"taxonomy":"post_tag","embeddable":true,"href":"https:\/\/www.europesays.com\/lv\/wp-json\/wp\/v2\/tags?post=28757"}],"curies":[{"name":"wp","href":"https:\/\/api.w.org\/{rel}","templated":true}]}}