{"id":28763,"date":"2025-10-23T04:58:34","date_gmt":"2025-10-23T04:58:34","guid":{"rendered":"https:\/\/www.europesays.com\/lv\/28763\/"},"modified":"2025-10-23T04:58:34","modified_gmt":"2025-10-23T04:58:34","slug":"vai-bus-jauns-uzraviens-diena","status":"publish","type":"post","link":"https:\/\/www.europesays.com\/lv\/28763\/","title":{"rendered":"Vai b\u016bs jauns uzr\u0101viens? \/ Diena"},"content":{"rendered":"<p>Par to, cik sekm\u012bgi birokr\u0101tijas mazin\u0101\u0161anas r\u012bc\u012bbas grupai veicies ar birokr\u0101tijas mazin\u0101\u0161anu kop\u0161 grupas izveido\u0161anas \u0161\u0101gada marta beig\u0101s, domas dal\u0101s. Politiskaj\u0101 un ier\u0113dniec\u012bbas pus\u0113 pirm\u0161\u0137ietami domin\u0113 viedoklis, ka valsts p\u0101rvaldes birokr\u0101tija tiek pietiekami akt\u012bvi mazin\u0101ta un pa \u0161o laiku jau ir pasp\u0113ts uzs\u0101kt un padar\u012bt daudzus v\u0113rt\u012bgus darbus. Tikm\u0113r priv\u0101t\u0101 sektora, jo \u012bpa\u0161i uz\u0146\u0113m\u0113ju kom\u016bnas, p\u0101rst\u0101vjiem tom\u0113r t\u0101 ne\u0161\u0137iet, un vi\u0146i nor\u0101da, ka birokr\u0101tijas mazin\u0101\u0161anai vajadz\u0113tu notikt krietni strauj\u0101k un liel\u0101kos apjomos.<\/p>\n<p>&#13;<br \/>\n&#13;<\/p>\n<p>Lai gan ofici\u0101laj\u0101 inform\u0101cij\u0101 par izmai\u0146\u0101m r\u012bc\u012bbas grupas vad\u012bb\u0101 it k\u0101 starp citu tiek p\u0113c b\u016bt\u012bbas nor\u0101d\u012bts, ka l\u012bdz\u0161in\u0113jais darbs no, k\u0101 izr\u0101d\u0101s, pilotprojekta p\u0101riet jaun\u0101 status\u0101 \u2013 pilna laika darba proces\u0101 un tie\u0161i t\u0101d\u0113\u013c ar\u012b r\u012bc\u012bbas grupai ir nepiecie\u0161ams vad\u012bt\u0101js, kur\u0161 tam var\u0113s velt\u012bt pilnu darbadienu, tom\u0113r vair\u0101k \u0161\u0137iet, ka \u012bstais iemesls var\u0113tu b\u016bt mazliet cit\u0101d\u0101ks. Un viens no diezgan ticamiem variantiem var\u0113tu b\u016bt tas, ka politi\u0137i \u0161o m\u0113ne\u0161u laik\u0101 ir sapratu\u0161i \u2013 ne jau birokr\u0101ti b\u016bs tie, kuri ar patiesu entuziasmu un r\u016bp\u012bgu iedzi\u013cin\u0101\u0161anos sp\u0113s atrast un nov\u0113rst t\u0101s liek\u0101s funkcijas un l\u012bdz ar to liek\u0101s iest\u0101des un liekos amatus, bez kuru eksist\u0113\u0161anas procesi valst\u012b ne tikai neapst\u0101sies, bet, pat \u013coti iesp\u0113jams, s\u0101ks darboties \u0101tr\u0101k, l\u0113t\u0101k un nodok\u013cu maks\u0101t\u0101jiem draudz\u012bg\u0101k.<\/p>\n<p>&#13;<br \/>\n&#13;<\/p>\n<p>\u0160\u0137iet, viens no iemesliem, k\u0101p\u0113c ier\u0113dniec\u012bba un vi\u0146iem piel\u012bdzin\u0101mie valsts p\u0101rvald\u0113 str\u0101d\u0101jo\u0161ie ar zin\u0101m\u0101m bail\u0113m uztver ikvienu ideju par publisk\u0101 sektora efektivit\u0101tes un lietder\u012bbas revid\u0113\u0161anu, ir ba\u017eas par potenci\u0101lu varb\u016bt\u012bbu, ka rezult\u0101t\u0101 tiek likvid\u0113tas konkr\u0113tas funkcijas un procesi, kuru izpildei ir izveidotas un past\u0101v attiec\u012bgas strukt\u016bras un taj\u0101s eso\u0161\u0101s amata vietas. Turkl\u0101t gadu gadiem. Skaidrs, ka liel\u0101k\u0101 da\u013ca \u0161o amatu, iest\u0101\u017eu un procesu ir nepiecie\u0161ami gan valstij kopum\u0101, gan da\u017e\u0101dos statusos eso\u0161ajiem nodok\u013cu maks\u0101t\u0101jiem \u2013 vienk\u0101r\u0161i t\u0101d\u0113\u013c, lai procesi darbotos kvalitat\u012bvi. Bet atz\u012bsim \u2013 aizvien ir gana daudz procesu, amatu un strukt\u016bru, kas past\u0101v t\u0101p\u0113c, ka vienk\u0101r\u0161i past\u0101v, bet bez kur\u0101m var iztikt.<\/p>\n<p>&#13;<br \/>\n&#13;<\/p>\n<p>Atliek cer\u0113t, ka Endzi\u0146\u0161 &#8220;nenosl\u012bks&#8221; birokr\u0101tijas j\u016br\u0101, bet sp\u0113s efekt\u012bvi vad\u012bt t\u0101s mazin\u0101\u0161anas procesu.\u00a0<\/p>\n<p>&#13;<\/p>\n","protected":false},"excerpt":{"rendered":"Par to, cik sekm\u012bgi birokr\u0101tijas mazin\u0101\u0161anas r\u012bc\u012bbas grupai veicies ar birokr\u0101tijas mazin\u0101\u0161anu kop\u0161 grupas izveido\u0161anas \u0161\u0101gada marta beig\u0101s,&hellip;\n","protected":false},"author":2,"featured_media":28764,"comment_status":"","ping_status":"","sticky":false,"template":"","format":"standard","meta":{"footnotes":""},"categories":[5],"tags":[23,28,29,32,33,22,30,31,35,39,38,36,37,34,40,20,26,27,24,25,21],"class_list":{"0":"post-28763","1":"post","2":"type-post","3":"status-publish","4":"format-standard","5":"has-post-thumbnail","7":"category-aktualitates","8":"tag-aktualitates","9":"tag-breaking-news","10":"tag-breakingnews","11":"tag-featured-news","12":"tag-featurednews","13":"tag-headlines","14":"tag-latest-news","15":"tag-latestnews","16":"tag-latvia","17":"tag-latvian","18":"tag-latviesu","19":"tag-latviesu-valoda","20":"tag-latviesuvaloda","21":"tag-latvija","22":"tag-lv","23":"tag-news","24":"tag-popularakas-zinas","25":"tag-popularakaszinas","26":"tag-top-stories","27":"tag-topstories","28":"tag-zinas"},"share_on_mastodon":{"url":"https:\/\/pubeurope.com\/@lv\/115421715051806141","error":""},"_links":{"self":[{"href":"https:\/\/www.europesays.com\/lv\/wp-json\/wp\/v2\/posts\/28763","targetHints":{"allow":["GET"]}}],"collection":[{"href":"https:\/\/www.europesays.com\/lv\/wp-json\/wp\/v2\/posts"}],"about":[{"href":"https:\/\/www.europesays.com\/lv\/wp-json\/wp\/v2\/types\/post"}],"author":[{"embeddable":true,"href":"https:\/\/www.europesays.com\/lv\/wp-json\/wp\/v2\/users\/2"}],"replies":[{"embeddable":true,"href":"https:\/\/www.europesays.com\/lv\/wp-json\/wp\/v2\/comments?post=28763"}],"version-history":[{"count":0,"href":"https:\/\/www.europesays.com\/lv\/wp-json\/wp\/v2\/posts\/28763\/revisions"}],"wp:featuredmedia":[{"embeddable":true,"href":"https:\/\/www.europesays.com\/lv\/wp-json\/wp\/v2\/media\/28764"}],"wp:attachment":[{"href":"https:\/\/www.europesays.com\/lv\/wp-json\/wp\/v2\/media?parent=28763"}],"wp:term":[{"taxonomy":"category","embeddable":true,"href":"https:\/\/www.europesays.com\/lv\/wp-json\/wp\/v2\/categories?post=28763"},{"taxonomy":"post_tag","embeddable":true,"href":"https:\/\/www.europesays.com\/lv\/wp-json\/wp\/v2\/tags?post=28763"}],"curies":[{"name":"wp","href":"https:\/\/api.w.org\/{rel}","templated":true}]}}