{"id":28767,"date":"2025-10-23T05:04:07","date_gmt":"2025-10-23T05:04:07","guid":{"rendered":"https:\/\/www.europesays.com\/lv\/28767\/"},"modified":"2025-10-23T05:04:07","modified_gmt":"2025-10-23T05:04:07","slug":"ka-kontrabandas-baloni-paralizeja-vilnas-lidostu-un-ietekmeja-pasazierus","status":"publish","type":"post","link":"https:\/\/www.europesays.com\/lv\/28767\/","title":{"rendered":"K\u0101 kontrabandas baloni paraliz\u0113ja Vi\u013c\u0146as lidostu un ietekm\u0113ja pasa\u017eierus"},"content":{"rendered":"<p class=\"descr\">P\u0113c tam, kad nakt\u012b Lietuv\u0101 ierad\u0101s desmitiem kontrabandas balonu no Baltkrievijas, Vi\u013c\u0146as lidostas darb\u012bba tika trauc\u0113ta, ietekm\u0113jot desmitiem lidojumu, no kuriem da\u017ei tika novirz\u012bti uz Kau\u0146as, Palangas, R\u012bgas un Var\u0161avas lidost\u0101m, bet da\u017ei reisi tika atcelti pavisam. Pasa\u017eieri, kuru lidma\u0161\u012bna tika novirz\u012bta uz Kau\u0146as lidostu, st\u0101sta, ka p\u0113c nolai\u0161an\u0101s vi\u0146iem lidma\u0161\u012bn\u0101 bija j\u0101pavada 4,5 stundas, un galu gal\u0101 beidz\u0101s gan p\u0101rtika, gan \u016bdens, un da\u017ei pat l\u016bdza medic\u012bnisko pal\u012bdz\u012bbu, raksta \u201ctv3.lt\u201d.<\/p>\n<p>Aivars, kur\u0161 run\u0101ja ar \u017eurn\u0101listiem, st\u0101sta, ka taj\u0101 nakt\u012b lidojis no \u0160arm e\u0161 \u0160eihas k\u016brorta uz Vi\u013c\u0146u.<\/p>\n<p>Tom\u0113r lidojuma laik\u0101 pasa\u017eieriem tika pazi\u0146ots, ka lidma\u0161\u012bna nevar nos\u0113sties Lietuvas galvaspils\u0113t\u0101 un lidos uz Kau\u0146u. Tobr\u012bd, p\u0113c Aivara teikt\u0101, cilv\u0113ki v\u0113l nekrita panik\u0101, ta\u010du probl\u0113mas s\u0101k\u0101s p\u0113c iera\u0161an\u0101s Kau\u0146\u0101.<\/p>\n<p>K\u0101 st\u0101sta Aivars, lidma\u0161\u012bna nolaid\u0101s Kau\u0146\u0101 plkst. 2:55 no r\u012bta, bet pasa\u017eieri lidma\u0161\u012bn\u0101 pavad\u012bja v\u0113l 4,5 stundas.<\/p>\n<p>P\u0113c vi\u0146a teikt\u0101, vi\u0146i no lidma\u0161\u012bnas izk\u0101pa tikai ap plkst. 7:30 no r\u012bta. V\u012brietis st\u0101sta, ka pasa\u017eierus vienk\u0101r\u0161i nelaida \u0101r\u0101 no lidma\u0161\u012bnas, un p\u0113c 2 stund\u0101m, kad lidma\u0161\u012bn\u0101 beidz\u0101s kr\u0101jumi, pasa\u017eieriem s\u0101ka pietr\u016bkt \u016bdens un p\u0101rtikas.<\/p>\n<p>\u201cP\u016bta silts gaiss, nebija ko elpot, beidz\u0101s \u016bdens, viens cilv\u0113ks s\u0101ka justies slikti,\u201d atceras Aivars. P\u0113c vi\u0146a teikt\u0101, pasa\u017eieri divas reizes zvan\u012bju\u0161i uz lidostu un l\u016bgu\u0161i pal\u012bdz\u012bbu un atnest \u016bdeni. Tom\u0113r v\u0113l\u0101k, p\u0113c Aivara teikt\u0101, lidosta p\u0101rtrauca atbild\u0113t uz telefona zvaniem. Vi\u0146\u0161 ar\u012b dal\u012bj\u0101s ar lidma\u0161\u012bn\u0101 ierakst\u012btu video, kur\u0101 iedz\u012bvot\u0101ji l\u016bdz Kau\u0146as lidostas darbiniekus izlaist vi\u0146us no lidma\u0161\u012bnas.<\/p>\n<p>Aivars st\u0101sta, ka pasa\u017eieri beidzot tika atbr\u012bvoti tikai tad, kad lidma\u0161\u012bn\u0101 eso\u0161a sieviete s\u0101kusi krist panik\u0101. P\u0113c tam pasa\u017eieri tika ies\u0113din\u0101ti cit\u0101 lidma\u0161\u012bn\u0101 un nog\u0101d\u0101ti atpaka\u013c Vi\u013c\u0146\u0101.<\/p>\n<p>L\u012bdz\u012bgu liec\u012bbu no Kau\u0146as lidostas soci\u0101lajos t\u012bklos sniedza k\u0101da sieviete, kura teica, ka vi\u0146ai lidma\u0161\u012bn\u0101 n\u0101c\u0101s pavad\u012bt aptuveni 5 stundas.<\/p>\n<p>&#8220;Mums bija paredz\u0113ts lidot uz Vi\u013c\u0146u pulksten trijos no r\u012bta, lidma\u0161\u012bna tika nos\u016bt\u012bta uz Kau\u0146u. M\u0113s bij\u0101m iesl\u0113gti lidma\u0161\u012bn\u0101 piecas stundas, beidzot cilv\u0113ki s\u0101ka dumpoties, t\u0101p\u0113c vi\u0146i m\u016bs izlaida \u0101r\u0101,&#8221; sieviete teica soci\u0101lajos t\u012bklos.<\/p>\n<p>Zi\u0146u port\u0101ls rakstiski sazin\u0101j\u0101s ar Lietuvas lidostu p\u0101rst\u0101vi Linu Ba\u0161ieni, kura nor\u0101d\u012bja, ka aviokomp\u0101nijas un zemes apkalpo\u0161anas uz\u0146\u0113mumu darbinieki r\u016bp\u0113j\u0101s par pasa\u017eieriem lidma\u0161\u012bn\u0101.<\/p>\n<p>&#8220;Reiss U57398 \u0160arm e\u0161 \u0160eiha (SSH) &#8211; Vi\u013c\u0146a (VNO) gaisa telpas sl\u0113g\u0161anas d\u0113\u013c nakt\u012b no 21. uz 22. oktobri tika novirz\u012bts uz Kau\u0146as lidostu. Lidma\u0161\u012bna nolaid\u0101s Kau\u0146as lidost\u0101 plkst. 2:52 p\u0113c viet\u0113j\u0101 laika, pasa\u017eieri izk\u0101pa no lidma\u0161\u012bnas ap plkst. 8:00 p\u0113c viet\u0113j\u0101 laika,\u201d vi\u0146a skaidroja.<\/p>\n<p>Par pasa\u017eieriem uz kl\u0101ja r\u016bp\u0113j\u0101s lidma\u0161\u012bnas apkalpe, aviokomp\u0101nija un zemes apkalpo\u0161anas uz\u0146\u0113muma \u201cLitcargus\u201d darbinieki. Apkalpe r\u016bp\u0113j\u0101s ar\u012b par \u016bdeni un malt\u012bt\u0113m uz kl\u0101ja.<\/p>\n<p>&#8220;M\u0113s no\u017e\u0113lojam un atvainojamies par sag\u0101d\u0101taj\u0101m ne\u0113rt\u012bb\u0101m pasa\u017eieriem \u0161aj\u0101 un citos skartajos reisos,&#8221; sac\u012bja Lietuvas lidostu p\u0101rst\u0101vis.<\/p>\n<p>P\u0113c tam, kad nakt\u012b Lietuv\u0101 ielidoja desmitiem kontrabandas balonu no Baltkrievijas, <a href=\"https:\/\/nra.lv\/pasaule\/502631-vilnas-lidosta-uz-laiku-partrauc-lidojumus-drona-del.htm\" data-item-link=\"true\" data-item-id=\"502631\" rel=\"nofollow noopener\" target=\"_blank\">kas trauc\u0113ja Vi\u013c\u0146as lidostas darbu<\/a>, Lietuvas Valsts robe\u017esardzes dienesta (VSAT) komandieris Rustams \u013bubajevs pazi\u0146o, ka robe\u017esargi p\u0101rtv\u0113ra 12 balonus un aiztur\u0113ja \u010detrus cilv\u0113kus.<\/p>\n<p>&#8220;\u0160onakt kopum\u0101 tika p\u0101rtverti 12 meteorolo\u0123iskie baloni, aiztur\u0113ti \u010detri aizdom\u0101s turamie,&#8221; tre\u0161dien \u017eurn\u0101listiem sac\u012bja robe\u017esardzes priek\u0161nieks.<\/p>\n<p>Vi\u013c\u0146as lidosta bija sl\u0113gta no otrdienas vakara l\u012bdz tre\u0161dienas plkst. 6:30. Tas ietekm\u0113ja aptuveni 30 lidojumus un vair\u0101k nek\u0101 4 t\u016bksto\u0161us pasa\u017eieru. Vair\u0101ki reisi tika novirz\u012bti uz Kau\u0146as, Palangas, R\u012bgas un Var\u0161avas lidost\u0101m, un vair\u0101ki tika atcelti.<\/p>\n<p>\t\t\t\t\t\tinfo<\/p>\n<p>Uzzini pirmais<br \/>kas interesants noticis Latvij\u0101 un pasaul\u0113,<br \/>pievienojoties mums <a href=\"https:\/\/t.me\/neatkariga\" rel=\"nofollow\">Telegram<\/a> vai <a href=\"https:\/\/whatsapp.com\/channel\/0029VaMLFUH5K3zLU5s4wm3y\" rel=\"nofollow noopener\" target=\"_blank\">Whatsapp<\/a> kan\u0101l\u0101<\/p>\n","protected":false},"excerpt":{"rendered":"P\u0113c tam, kad nakt\u012b Lietuv\u0101 ierad\u0101s desmitiem kontrabandas balonu no Baltkrievijas, Vi\u013c\u0146as lidostas darb\u012bba tika trauc\u0113ta, ietekm\u0113jot desmitiem&hellip;\n","protected":false},"author":2,"featured_media":28768,"comment_status":"","ping_status":"","sticky":false,"template":"","format":"standard","meta":{"footnotes":""},"categories":[5],"tags":[23,28,29,32,33,22,30,31,35,39,38,36,37,34,40,20,26,27,24,25,21],"class_list":{"0":"post-28767","1":"post","2":"type-post","3":"status-publish","4":"format-standard","5":"has-post-thumbnail","7":"category-aktualitates","8":"tag-aktualitates","9":"tag-breaking-news","10":"tag-breakingnews","11":"tag-featured-news","12":"tag-featurednews","13":"tag-headlines","14":"tag-latest-news","15":"tag-latestnews","16":"tag-latvia","17":"tag-latvian","18":"tag-latviesu","19":"tag-latviesu-valoda","20":"tag-latviesuvaloda","21":"tag-latvija","22":"tag-lv","23":"tag-news","24":"tag-popularakas-zinas","25":"tag-popularakaszinas","26":"tag-top-stories","27":"tag-topstories","28":"tag-zinas"},"share_on_mastodon":{"url":"https:\/\/pubeurope.com\/@lv\/115421738776012778","error":""},"_links":{"self":[{"href":"https:\/\/www.europesays.com\/lv\/wp-json\/wp\/v2\/posts\/28767","targetHints":{"allow":["GET"]}}],"collection":[{"href":"https:\/\/www.europesays.com\/lv\/wp-json\/wp\/v2\/posts"}],"about":[{"href":"https:\/\/www.europesays.com\/lv\/wp-json\/wp\/v2\/types\/post"}],"author":[{"embeddable":true,"href":"https:\/\/www.europesays.com\/lv\/wp-json\/wp\/v2\/users\/2"}],"replies":[{"embeddable":true,"href":"https:\/\/www.europesays.com\/lv\/wp-json\/wp\/v2\/comments?post=28767"}],"version-history":[{"count":0,"href":"https:\/\/www.europesays.com\/lv\/wp-json\/wp\/v2\/posts\/28767\/revisions"}],"wp:featuredmedia":[{"embeddable":true,"href":"https:\/\/www.europesays.com\/lv\/wp-json\/wp\/v2\/media\/28768"}],"wp:attachment":[{"href":"https:\/\/www.europesays.com\/lv\/wp-json\/wp\/v2\/media?parent=28767"}],"wp:term":[{"taxonomy":"category","embeddable":true,"href":"https:\/\/www.europesays.com\/lv\/wp-json\/wp\/v2\/categories?post=28767"},{"taxonomy":"post_tag","embeddable":true,"href":"https:\/\/www.europesays.com\/lv\/wp-json\/wp\/v2\/tags?post=28767"}],"curies":[{"name":"wp","href":"https:\/\/api.w.org\/{rel}","templated":true}]}}