{"id":28788,"date":"2025-10-23T05:32:09","date_gmt":"2025-10-23T05:32:09","guid":{"rendered":"https:\/\/www.europesays.com\/lv\/28788\/"},"modified":"2025-10-23T05:32:09","modified_gmt":"2025-10-23T05:32:09","slug":"asv-nosaka-sankcijas-krievijas-naftas-milziem","status":"publish","type":"post","link":"https:\/\/www.europesays.com\/lv\/28788\/","title":{"rendered":"ASV nosaka sankcijas Krievijas naftas mil\u017eiem"},"content":{"rendered":"<blockquote class=\"twitter-tweet\" data-width=\"550\" data-dnt=\"true\">\n<p lang=\"en\" dir=\"ltr\">[Q]: Why do you believe that the sanctions that you&#8217;re announcing today will push Putin to the negotiating table?<\/p>\n<p>President Trump: Well, I don&#8217;t know that they will. I think that they&#8217;ll certainly have an impact. They&#8217;re massive sanctions. It&#8217;s sanctions on oil. Hopefully, he\u2026 <a href=\"https:\/\/t.co\/Ku4IZFrStY\" rel=\"nofollow\">https:\/\/t.co\/Ku4IZFrStY<\/a> <a href=\"https:\/\/t.co\/p8efJCdIwf\" rel=\"nofollow\">pic.twitter.com\/p8efJCdIwf<\/a><\/p>\n<p>\u2014 Anton Gerashchenko (@Gerashchenko_en) <a href=\"https:\/\/twitter.com\/Gerashchenko_en\/status\/1981114766954270807?ref_src=twsrc%5Etfw\" rel=\"nofollow noopener\" target=\"_blank\">October 22, 2025<\/a><\/p>\n<\/blockquote>\n<p>Sankcijas ietver akt\u012bvu iesald\u0113\u0161anu un aizliegumu ASV person\u0101m vai uz\u0146\u0113mumiem sadarboties ar \u0161\u012bm strukt\u016br\u0101m.<\/p>\n<p>Finan\u0161u ministrs Skots Besents uzsv\u0113ra, ka ASV ir gatavas turpin\u0101t spiedienu, l\u012bdz Krievija b\u016bs gatava sarun\u0101m par mieru, un aicin\u0101ja sabiedrotos pievienoties \u0161\u012bm sankcij\u0101m.<\/p>\n<blockquote class=\"twitter-tweet\" data-width=\"550\" data-dnt=\"true\">\n<p lang=\"en\" dir=\"ltr\">U.S. Treasury Sanctions Major Russian Oil Companies, Calls on Moscow to Immediately Agree to Ceasefire <a href=\"https:\/\/t.co\/yYsPag65d7\" rel=\"nofollow\">pic.twitter.com\/yYsPag65d7<\/a><\/p>\n<p>\u2014 The White House (@WhiteHouse) <a href=\"https:\/\/twitter.com\/WhiteHouse\/status\/1981105514613228017?ref_src=twsrc%5Etfw\" rel=\"nofollow noopener\" target=\"_blank\">October 22, 2025<\/a><\/p>\n<\/blockquote>\n<p>Va\u0161ingtona br\u012bdin\u0101ja, ka ar\u012b \u0101rvalstu finan\u0161u iest\u0101des, kas turpin\u0101s sadarboties ar sankcij\u0101m apliktajiem uz\u0146\u0113mumiem vai pal\u012bdz\u0113s tiem veikt noz\u012bm\u012bgus dar\u012bjumus, var tikt pak\u013cautas sekund\u0101raj\u0101m sankcij\u0101m. Tas noz\u012bm\u0113, ka \u0161\u012bm bank\u0101m var tikt liegta pieeja ASV finan\u0161u sist\u0113mai vai ieviesti ierobe\u017eojumi to kontiem ASV bank\u0101s.<\/p>\n<p>Iepriek\u0161 jau rakst\u012bj\u0101m par izjuku\u0161o ASV un Krievijas l\u012bderu samitu, kas brieda Budape\u0161t\u0101, ta\u010du <a href=\"https:\/\/tv3.lv\/zinas\/arvalstis\/tramps-iedod-kurviti-putinam-planota-tiksanas-tuvakaja-laika-nenotiks\/\" rel=\"nofollow noopener\" target=\"_blank\">Donalds Tramps to p\u0113k\u0161\u0146i atc\u0113la<\/a>, sakot, ka Vladimirs Putins nav gatavs sarun\u0101ties par pus\u0113m pie\u0146emamiem kara izbeig\u0161anas nosac\u012bjumiem un t\u0101 b\u016btu lieka laika t\u0113r\u0113\u0161ana.<\/p>\n<p class=\"ad-desc ad-desc-main\">Saturs turpin\u0101s p\u0113c rekl\u0101mas<\/p>\n<p class=\"ad-desc ad-desc-sec\">Rekl\u0101ma<\/p>\n<p>Pl\u0101not\u0101 tik\u0161an\u0101s pajuka p\u0113c ASV galven\u0101 diplom\u0101ta Marko Rubio telefonsarunas ar Krievijas \u0101rlietu ministru Sergeju Lavrovu.<\/p>\n<p>Tre\u0161dienas vakar\u0101 ar\u012b <a href=\"https:\/\/tv3.lv\/zinas\/arvalstis\/agresorvalstij-krievijai-apstiprinatas-jaunas-sankcijas-no-eiropas-savienibas\/\" rel=\"nofollow noopener\" target=\"_blank\">Brisele pazi\u0146oja par jaun\u0101m sankcij\u0101m<\/a> pret Krieviju, taj\u0101 skait\u0101 par turpm\u0101ku krievu naftas un g\u0101zes importa ierobe\u017eo\u0161anu.<\/p>\n<p class=\"tv3-fw-500\">Zi\u0146o par k\u013c\u016bdu rakst\u0101<\/p>\n<p class=\"d-md-block d-none\">Iez\u012bm\u0113 k\u013c\u016bdaino tekstu un spied Ctrl+Enter.<\/p>\n<p class=\"d-md-none d-block\">Iez\u012bm\u0113 k\u013c\u016bdaino tekstu un zi\u0146o par to!<\/p>\n<p>                <script async src=\"https:\/\/platform.twitter.com\/widgets.js\" charset=\"utf-8\"><\/script><\/p>\n","protected":false},"excerpt":{"rendered":"[Q]: Why do you believe that the sanctions that you&#8217;re announcing today will push Putin to the negotiating&hellip;\n","protected":false},"author":2,"featured_media":28789,"comment_status":"","ping_status":"","sticky":false,"template":"","format":"standard","meta":{"footnotes":""},"categories":[14],"tags":[23,57,28,29,7143,32,33,22,30,31,35,39,38,36,37,34,40,20,26,27,24,25,54,55,56,21,58],"class_list":{"0":"post-28788","1":"post","2":"type-post","3":"status-publish","4":"format-standard","5":"has-post-thumbnail","7":"category-zinas-no-arvalstim","8":"tag-aktualitates","9":"tag-arvalstim","10":"tag-breaking-news","11":"tag-breakingnews","12":"tag-donalds-trampskars-ukrainavladimirs-putins","13":"tag-featured-news","14":"tag-featurednews","15":"tag-headlines","16":"tag-latest-news","17":"tag-latestnews","18":"tag-latvia","19":"tag-latvian","20":"tag-latviesu","21":"tag-latviesu-valoda","22":"tag-latviesuvaloda","23":"tag-latvija","24":"tag-lv","25":"tag-news","26":"tag-popularakas-zinas","27":"tag-popularakaszinas","28":"tag-top-stories","29":"tag-topstories","30":"tag-world","31":"tag-world-news","32":"tag-worldnews","33":"tag-zinas","34":"tag-zinas-no-arvalstim"},"share_on_mastodon":{"url":"https:\/\/pubeurope.com\/@lv\/115421848728944302","error":""},"_links":{"self":[{"href":"https:\/\/www.europesays.com\/lv\/wp-json\/wp\/v2\/posts\/28788","targetHints":{"allow":["GET"]}}],"collection":[{"href":"https:\/\/www.europesays.com\/lv\/wp-json\/wp\/v2\/posts"}],"about":[{"href":"https:\/\/www.europesays.com\/lv\/wp-json\/wp\/v2\/types\/post"}],"author":[{"embeddable":true,"href":"https:\/\/www.europesays.com\/lv\/wp-json\/wp\/v2\/users\/2"}],"replies":[{"embeddable":true,"href":"https:\/\/www.europesays.com\/lv\/wp-json\/wp\/v2\/comments?post=28788"}],"version-history":[{"count":0,"href":"https:\/\/www.europesays.com\/lv\/wp-json\/wp\/v2\/posts\/28788\/revisions"}],"wp:featuredmedia":[{"embeddable":true,"href":"https:\/\/www.europesays.com\/lv\/wp-json\/wp\/v2\/media\/28789"}],"wp:attachment":[{"href":"https:\/\/www.europesays.com\/lv\/wp-json\/wp\/v2\/media?parent=28788"}],"wp:term":[{"taxonomy":"category","embeddable":true,"href":"https:\/\/www.europesays.com\/lv\/wp-json\/wp\/v2\/categories?post=28788"},{"taxonomy":"post_tag","embeddable":true,"href":"https:\/\/www.europesays.com\/lv\/wp-json\/wp\/v2\/tags?post=28788"}],"curies":[{"name":"wp","href":"https:\/\/api.w.org\/{rel}","templated":true}]}}