{"id":28805,"date":"2025-10-23T05:52:11","date_gmt":"2025-10-23T05:52:11","guid":{"rendered":"https:\/\/www.europesays.com\/lv\/28805\/"},"modified":"2025-10-23T05:52:11","modified_gmt":"2025-10-23T05:52:11","slug":"putina-kara-masinai-beidzas-degviela-kara-turpinasana-draud-krievijai-ar-ekonomisku-sabrukumu-jauns-lv","status":"publish","type":"post","link":"https:\/\/www.europesays.com\/lv\/28805\/","title":{"rendered":"Putina kara ma\u0161\u012bnai beidzas degviela: kara turpin\u0101\u0161ana draud Krievijai ar ekonomisku sabrukumu &#8211; Jauns.lv"},"content":{"rendered":"<ol>\n<li><a href=\"https:\/\/news.google.com\/rss\/articles\/CBMizAFBVV95cUxNNUl6aU5LODFLejdBR18yc1BIemliNjdKQi1GOHJ4UW5OU3ZGaTdBbW16OEZTNERoLUE2b1R3VElzeDd0N3dlVi1aMnRUanFSMm9oSF8tX1cwM3RkNXlpT2kydFVrcGVSZWlnYlJadjRzMlZsWlhsMmJjNllybl9sbDdwbVQ4LS1QUjhCWTNoa2s5OVU2RHFzY190UUpQNXhQNEcySDY4T2V5dzJLS3dhM0dFUU5oNm15d0Y0NTNSc21nWDRuNkhUTEdNbFA?oc=5\" target=\"_blank\" rel=\"nofollow noopener\">Putina kara ma\u0161\u012bnai beidzas degviela: kara turpin\u0101\u0161ana draud Krievijai ar ekonomisku sabrukumu<\/a>&nbsp;&nbsp;Jauns.lv<\/li>\n<li><a href=\"https:\/\/news.google.com\/rss\/articles\/CBMiqAFBVV95cUxQeXpjWmthTVB2ODdKRXZsMWFvSFBXRU5JeDBCYUNaWkM2RFZzbXgxbkVxSkpXS3J3WDVOUVhRdnVyd1h4WVFvcnlTakdyVXI3bzcxMDU5LWdSZVE1UWpwUVJXbFQxOHJ1OUVSYlR0U2d1bGhQMGRKZ0dkLTRMbzVuOTdseHpwZ01SWmZKTXR5TXk5LXlVZVUxeGpDaDdnRjduMTVfa01fX2g?oc=5\" target=\"_blank\" rel=\"nofollow noopener\">Tas ir tikai s\u0101kums satrauco\u0161iem notikumiem Krievij\u0101: atkl\u0101jies Putina fiasko, ko vairs nav iesp\u0113jams nosl\u0113pt<\/a>&nbsp;&nbsp;LA.LV<\/li>\n<li><a href=\"https:\/\/news.google.com\/rss\/articles\/CBMixwFBVV95cUxNZkRRWmhWV285TzE5SHktenZWVVZUZ2lJaldGWWUwZlpzNHBLM3VzelVJVTV3eUs4UlBZOXRNZlFVR0s1R0ZjQWlNQjEwZm9tQVlHeEVCTV9xbFVDQWtxd3N3Nl83aTNlaHBWSkkzYzhTVG1HbE9QLS1qOE1meE5aN08xck9YWWtpNGVTaTZZemFaUko0dGExNzRMdDByMGZXbDdLaGRZTHlhYm9zRFEtMXpIdjctTGRRUjZZOG5sclVraUNlRE93?oc=5\" target=\"_blank\" rel=\"nofollow noopener\">Politolo\u0123e: Krievijas iedz\u012bvot\u0101ji karu redz glu\u017ei k\u0101 dabas katastrofu \/ Raksts<\/a>&nbsp;&nbsp;LSM<\/li>\n<li><a href=\"https:\/\/news.google.com\/rss\/articles\/CBMi2AFBVV95cUxQYVh4bzNNUTFFTERXdC1yNG9jUDdpWnpSaVd0M3RsNWFQeWJNUVNoUzQwM3lvV2ZodTI2NjFzcXBESTVhVUU5cGZ0WUN0dXd6aXBYdFJFY25xYm8ydjVOY0JzUVFpZHpUODNjbThVQkRaOEFHcFQ5RUhqMW9qZmFSOW1NSUIzaG16MlQ4aW0yaGpLTndDRUtpY2VqTkROdXFZcUoxWFBCY0hUU0ZvaXFaX2daaXVDb1NfSEdvSkU2dTdtZmJUazk5Qm9NQnVBTTBBM3ZTR1BJWTI?oc=5\" target=\"_blank\" rel=\"nofollow noopener\">Pagaidu bud\u017eets, benz\u012bna defic\u012bts un naftas ie\u0146\u0113mumu kritums. Kar\u0161 izn\u012bcina Krievijas ekonomiku<\/a>&nbsp;&nbsp;Delfi<\/li>\n<li><a href=\"https:\/\/news.google.com\/rss\/articles\/CBMilgFBVV95cUxPRzVQRmZtR3lLYktNdG5aSkRUVmJzRVJSdTVnQWpmbkxiQmdXdEpVa3djTmtPbFB3elAyTGk0XzJqeVdzbmtxdXptRUdPN2JUUGFRaFplMktMUnVLb0owbDd0RHZuMU1yQ1lXWWdsWU9PTC1FVk5NWUFLWU9xd1dhNnctamZrQkRrckxtWEZzSjBmaHJYLVE?oc=5\" target=\"_blank\" rel=\"nofollow noopener\">Medijs: Putina gals ir tuvu, un Krievija ir v\u0101ja, strauji degrad\u0113jo\u0161a valsts<\/a>&nbsp;&nbsp;LA.LV<\/li>\n<\/ol>\n","protected":false},"excerpt":{"rendered":"Putina kara ma\u0161\u012bnai beidzas degviela: kara turpin\u0101\u0161ana draud Krievijai ar ekonomisku sabrukumu&nbsp;&nbsp;Jauns.lv Tas ir tikai s\u0101kums satrauco\u0161iem notikumiem&hellip;\n","protected":false},"author":2,"featured_media":28806,"comment_status":"","ping_status":"","sticky":false,"template":"","format":"standard","meta":{"footnotes":""},"categories":[5],"tags":[23,28,29,32,33,22,30,31,35,39,38,36,37,34,40,20,26,27,24,25,21],"class_list":{"0":"post-28805","1":"post","2":"type-post","3":"status-publish","4":"format-standard","5":"has-post-thumbnail","7":"category-aktualitates","8":"tag-aktualitates","9":"tag-breaking-news","10":"tag-breakingnews","11":"tag-featured-news","12":"tag-featurednews","13":"tag-headlines","14":"tag-latest-news","15":"tag-latestnews","16":"tag-latvia","17":"tag-latvian","18":"tag-latviesu","19":"tag-latviesu-valoda","20":"tag-latviesuvaloda","21":"tag-latvija","22":"tag-lv","23":"tag-news","24":"tag-popularakas-zinas","25":"tag-popularakaszinas","26":"tag-top-stories","27":"tag-topstories","28":"tag-zinas"},"share_on_mastodon":{"url":"https:\/\/pubeurope.com\/@lv\/115421927384836951","error":""},"_links":{"self":[{"href":"https:\/\/www.europesays.com\/lv\/wp-json\/wp\/v2\/posts\/28805","targetHints":{"allow":["GET"]}}],"collection":[{"href":"https:\/\/www.europesays.com\/lv\/wp-json\/wp\/v2\/posts"}],"about":[{"href":"https:\/\/www.europesays.com\/lv\/wp-json\/wp\/v2\/types\/post"}],"author":[{"embeddable":true,"href":"https:\/\/www.europesays.com\/lv\/wp-json\/wp\/v2\/users\/2"}],"replies":[{"embeddable":true,"href":"https:\/\/www.europesays.com\/lv\/wp-json\/wp\/v2\/comments?post=28805"}],"version-history":[{"count":0,"href":"https:\/\/www.europesays.com\/lv\/wp-json\/wp\/v2\/posts\/28805\/revisions"}],"wp:featuredmedia":[{"embeddable":true,"href":"https:\/\/www.europesays.com\/lv\/wp-json\/wp\/v2\/media\/28806"}],"wp:attachment":[{"href":"https:\/\/www.europesays.com\/lv\/wp-json\/wp\/v2\/media?parent=28805"}],"wp:term":[{"taxonomy":"category","embeddable":true,"href":"https:\/\/www.europesays.com\/lv\/wp-json\/wp\/v2\/categories?post=28805"},{"taxonomy":"post_tag","embeddable":true,"href":"https:\/\/www.europesays.com\/lv\/wp-json\/wp\/v2\/tags?post=28805"}],"curies":[{"name":"wp","href":"https:\/\/api.w.org\/{rel}","templated":true}]}}