{"id":28891,"date":"2025-10-23T07:36:08","date_gmt":"2025-10-23T07:36:08","guid":{"rendered":"https:\/\/www.europesays.com\/lv\/28891\/"},"modified":"2025-10-23T07:36:08","modified_gmt":"2025-10-23T07:36:08","slug":"nakama-gada-nhl-drafta-kandidatos-ieklauti-tris-latvijas-hokejisti","status":"publish","type":"post","link":"https:\/\/www.europesays.com\/lv\/28891\/","title":{"rendered":"N\u0101kam\u0101 gada NHL drafta kandid\u0101tos iek\u013cauti tr\u012bs Latvijas hokejisti"},"content":{"rendered":"<p>                                <img decoding=\"async\" src=\"https:\/\/www.europesays.com\/lv\/wp-content\/uploads\/2025\/10\/alberts-smits-sportazinas-com-750x450.jpg\"   alt=\"Alberts \u0160mits\" class=\"post-featured-image\"\/><\/p>\n<p>Alberts \u0160mits | Foto: Mikeli &#8220;Jukurit&#8221;<\/p>\n<p>Nacion\u0101l\u0101s hokeja l\u012bgas (<a href=\"https:\/\/www.sportazinas.com\/kategorija\/hokejs\/nhl\/\" rel=\"nofollow noopener\" target=\"_blank\">NHL<\/a>) Centr\u0101lais skauto\u0161anas birojs <a href=\"https:\/\/www.nhl.com\/news\/gavin-mckenna-tops-central-scouting-preliminary-players-to-watch-list\" rel=\"nofollow noopener\" target=\"_blank\">public\u0113jis sp\u0113l\u0113t\u0101jus<\/a>, kuriem piev\u0113rst uzman\u012bbu pirms 2026. gada drafta. Vi\u0146u vid\u016b ir ar\u012b tr\u012bs latvie\u0161i.<\/p>\n<p>Sp\u0113l\u0113t\u0101ju sarakst\u0101 iek\u013cauti 469 hokejisti, kuri sarindoti piec\u0101s kategorij\u0101s. Pie v\u0113rt\u0113juma \u201cA\u201d tiku\u0161i hokejisti, kuri pretend\u0113 uz vietu n\u0101kam\u0101 gada drafta pirmaj\u0101 k\u0101rt\u0101, bet ar \u201cB\u201d nov\u0113rt\u0113ti otr\u0101s un tre\u0161\u0101s k\u0101rtas kandid\u0101ti. Reitings \u201cC\u201d noz\u012bm\u0113, ka sp\u0113l\u0113t\u0101jam tiek prognoz\u0113ta vieta ceturtaj\u0101 vai piektaj\u0101 k\u0101rt\u0101, v\u0113rt\u0113jums \u201cW\u201d paredz vietu sestaj\u0101 vai sept\u012btaj\u0101 k\u0101rt\u0101, bet ar \u201cLV\u201d atz\u012bm\u0113ti sp\u0113l\u0113t\u0101ji, par kuriem traumu d\u0113\u013c \u0161obr\u012bd tr\u016bkst inform\u0101cijas.<\/p>\n<p>Augst\u0101ko v\u0113rt\u0113jumu \u2013 \u201cA\u201d- sa\u0146\u0113mu\u0161i 27 hokejisti, kuru vid\u016b ir <a href=\"https:\/\/www.sportazinas.com\/atsl%C4%93gv%C4%81rdi\/alberts-smits\/\" rel=\"nofollow noopener\" target=\"_blank\">Alberts \u0160mits<\/a>. 17 gadus vecais aizsargs \u0161\u012b gada s\u0101kum\u0101 debit\u0113ja Somijas augst\u0101kaj\u0101 l\u012bg\u0101 (\u201cLiiga\u201d), kas ir viens no sp\u0113c\u012bg\u0101kajiem nacion\u0101lajiem \u010dempion\u0101tiem Eirop\u0101. \u0160osezon \u0160mits 13 \u201cLiiga\u201d sp\u0113l\u0113s sakr\u0101jis piecus (3+2) punktus.<\/p>\n<p>Ja \u0160mits n\u0101kamgad patie\u0161\u0101m tiks izv\u0113l\u0113ts pirmaj\u0101 k\u0101rt\u0101, vi\u0146am ir potenci\u0101la iesp\u0113ja k\u013c\u016bt par vienu no visu laiku visaugst\u0101k draft\u0113tajiem latvie\u0161iem. Rekordists ir Zemgus Girgensons, kuru 2014. gada draft\u0101 pirmaj\u0101 k\u0101rt\u0101 ar 14. numuru izraudz\u012bj\u0101s Bufalo \u201cSabres\u201d, bet vi\u0146am seko le\u0123end\u0101rais Sandis Ozoli\u0146\u0161, kuru Sanhos\u0113 \u201cSharks\u201d 1992. gada jauno sp\u0113l\u0113t\u0101ju atlas\u0113 ieguva ar 30.\u00a0piku.<\/p>\n<p>Pie reitinga \u201cB\u201d ticis uzbruc\u0113js <a href=\"https:\/\/www.sportazinas.com\/atsl%C4%93gv%C4%81rdi\/olivers-murnieks\/\" rel=\"nofollow noopener\" target=\"_blank\">Olivers M\u016brnieks<\/a>. Pag\u0101ju\u0161aj\u0101 sezon\u0101 M\u016brnieks, sp\u0113l\u0113jot pie tr\u012bs gadus vec\u0101kiem hokejistiem, bija viens no Latvijas U20 izlases l\u012bderiem pasaules junioru \u010dempion\u0101t\u0101. \u0160osezon 17 gadus vecais M\u016brnieks sp\u0113l\u0113 Kvebekas junioru l\u012bg\u0101 (QMJHL), kur vi\u0146\u0161 Sentd\u017eonas \u201cSea Dogs\u201d komandas sast\u0101v\u0101 desmit sp\u0113l\u0113s izc\u0113lies ar devi\u0146iem (1+8) punktiem.<\/p>\n<p>Savuk\u0101rt cits uzbruc\u0113js <a href=\"https:\/\/www.sportazinas.com\/atsl%C4%93gv%C4%81rdi\/rudolfs-berzkalns\/\" rel=\"nofollow noopener\" target=\"_blank\">R\u016bdolfs B\u0113rzkalns<\/a> sa\u0146\u0113mis v\u0113rt\u0113jumu \u201cC\u201d. L\u012bdz\u012bgi k\u0101 M\u016brnieks, ar\u012b B\u0113rzkalns ir dzimis 2008. gad\u0101, ta\u010du p\u0113rn piedal\u012bj\u0101s U20 pasaules \u010dempion\u0101t\u0101. \u0160osezon B\u0113rzkalns ASV sp\u0113c\u012bg\u0101s junioru l\u012bgas (USHL) komandas Maskegonas \u201cLumberjacks\u201d rind\u0101s desmit ma\u010dos sakr\u0101jis septi\u0146us (4+3) punktus.<\/p>\n<p>J\u0101piemin, ka \u0161\u012b gada NHL draft\u0101 netika izv\u0113l\u0113ts neviens Lativjas hokejists.<\/p>\n","protected":false},"excerpt":{"rendered":"Alberts \u0160mits | Foto: Mikeli &#8220;Jukurit&#8221; Nacion\u0101l\u0101s hokeja l\u012bgas (NHL) Centr\u0101lais skauto\u0161anas birojs public\u0113jis sp\u0113l\u0113t\u0101jus, kuriem piev\u0113rst uzman\u012bbu&hellip;\n","protected":false},"author":2,"featured_media":12400,"comment_status":"","ping_status":"","sticky":false,"template":"","format":"standard","meta":{"footnotes":""},"categories":[17],"tags":[35,39,38,36,37,34,40,67],"class_list":{"0":"post-28891","1":"post","2":"type-post","3":"status-publish","4":"format-standard","5":"has-post-thumbnail","7":"category-sports","8":"tag-latvia","9":"tag-latvian","10":"tag-latviesu","11":"tag-latviesu-valoda","12":"tag-latviesuvaloda","13":"tag-latvija","14":"tag-lv","15":"tag-sports"},"share_on_mastodon":{"url":"https:\/\/pubeurope.com\/@lv\/115422336394047243","error":""},"_links":{"self":[{"href":"https:\/\/www.europesays.com\/lv\/wp-json\/wp\/v2\/posts\/28891","targetHints":{"allow":["GET"]}}],"collection":[{"href":"https:\/\/www.europesays.com\/lv\/wp-json\/wp\/v2\/posts"}],"about":[{"href":"https:\/\/www.europesays.com\/lv\/wp-json\/wp\/v2\/types\/post"}],"author":[{"embeddable":true,"href":"https:\/\/www.europesays.com\/lv\/wp-json\/wp\/v2\/users\/2"}],"replies":[{"embeddable":true,"href":"https:\/\/www.europesays.com\/lv\/wp-json\/wp\/v2\/comments?post=28891"}],"version-history":[{"count":0,"href":"https:\/\/www.europesays.com\/lv\/wp-json\/wp\/v2\/posts\/28891\/revisions"}],"wp:featuredmedia":[{"embeddable":true,"href":"https:\/\/www.europesays.com\/lv\/wp-json\/wp\/v2\/media\/12400"}],"wp:attachment":[{"href":"https:\/\/www.europesays.com\/lv\/wp-json\/wp\/v2\/media?parent=28891"}],"wp:term":[{"taxonomy":"category","embeddable":true,"href":"https:\/\/www.europesays.com\/lv\/wp-json\/wp\/v2\/categories?post=28891"},{"taxonomy":"post_tag","embeddable":true,"href":"https:\/\/www.europesays.com\/lv\/wp-json\/wp\/v2\/tags?post=28891"}],"curies":[{"name":"wp","href":"https:\/\/api.w.org\/{rel}","templated":true}]}}