{"id":28916,"date":"2025-10-23T07:54:08","date_gmt":"2025-10-23T07:54:08","guid":{"rendered":"https:\/\/www.europesays.com\/lv\/28916\/"},"modified":"2025-10-23T07:54:08","modified_gmt":"2025-10-23T07:54:08","slug":"sok-iesaka-vairs-nerikot-starptautiskas-sacensibas-indonezija","status":"publish","type":"post","link":"https:\/\/www.europesays.com\/lv\/28916\/","title":{"rendered":"SOK iesaka vairs ner\u012bkot starptautiskas sacens\u012bbas Indon\u0113zij\u0101"},"content":{"rendered":"<p>SOK nor\u0101d\u012bja, ka &#8220;visiem sportistiem, komand\u0101m un sporta amatperson\u0101m ir j\u0101b\u016bt iesp\u0113jai piedal\u012bties starptautisk\u0101s sporta sacens\u012bb\u0101s un pas\u0101kumos bez jebk\u0101das diskrimin\u0101cijas no uz\u0146\u0113m\u0113jvalsts puses&#8221;. T\u0101 piebilda, ka olimpisk\u0101s kust\u012bbas pamatprincipi ietver ar\u012b nediskrimin\u0101ciju un politisko neitralit\u0101ti.<\/p>\n<p>T\u0101 pazi\u0146oja, ka p\u0101rtrauc dialogu ar Indon\u0113ziju par olimpisko sp\u0113\u013cu, Jaunatnes olimpisko sp\u0113\u013cu, olimpisko pas\u0101kumu un konferen\u010du r\u012bko\u0161anu, kam\u0113r t\u0101s vald\u012bba nesniegs &#8220;pien\u0101c\u012bgas garantijas&#8221;, ka visiem dal\u012bbniekiem tiks nodro\u0161in\u0101ta piek\u013cuve valstij neatkar\u012bgi no to valstspieder\u012bbas.<\/p>\n<p>Turkl\u0101t t\u0101 pazi\u0146oja, ka t\u0101 ieteiks starptautiskaj\u0101m sporta feder\u0101cij\u0101m ner\u012bkot turn\u012brus, pas\u0101kumus vai san\u0101ksmes Indon\u0113zij\u0101, kam\u0113r \u0161\u0101das garantijas netiks sniegtas.<\/p>\n<p>Indon\u0113zijas Olimpisk\u0101 komiteja ir uzaicin\u0101ta uz SOK galveno m\u012btni Lozann\u0101, \u0160veic\u0113, lai apspriestu \u0161o jaut\u0101jumu.<\/p>\n<p>Rea\u0123\u0113jot uz MOK pazi\u0146ojumu, Indon\u0113zijas jaunatnes un sporta ministrs \u0112riks Tohirs sac\u012bja, ka vald\u012bba saprot, ka t\u0101s l\u0113mums blo\u0137\u0113t Izra\u0113las vingro\u0161anas deleg\u0101cijas iera\u0161anos rad\u012bs sekas.<\/p>\n<p>&#8220;Indon\u0113zija turpin\u0101s akt\u012bvi piedal\u012bties da\u017e\u0101dos sporta pas\u0101kumos Dienvidaustrum\u0101zijas, \u0100zijas un pasaules m\u0113rog\u0101, lai Indon\u0113zijas sports var\u0113tu b\u016bt v\u0113stnieks un tautas di\u017eenuma atspogu\u013cojums pasaules ac\u012bs,&#8221; ceturtdien rakstisk\u0101 pazi\u0146ojum\u0101 sac\u012bja Tohirs.<\/p>\n<p>SOK ir aicin\u0101jusi Indon\u0113zijas Olimpisko komiteju (KOI) uz p\u0101rrun\u0101m, bet KOI nor\u0101da, ka s\u0101kotn\u0113ji iepaz\u012bsies ar SOK pazi\u0146ojumu.<\/p>\n<p>Indon\u0113zija ir viena no valst\u012bm, kas vai nu ir apstiprin\u0101ju\u0161as, vai apsver iesp\u0113ju pieteikties uz 2036. gada olimpisko sp\u0113\u013cu r\u012bko\u0161anu. \u0160aj\u0101 sarakst\u0101 ir ar\u012b Indija un Katara. N\u0101kam\u0101s divas vasaras olimpisk\u0101s sp\u0113les notiks 2028. gad\u0101 Losand\u017eelos\u0101 un 2032. gad\u0101 Brisben\u0101, Austr\u0101lij\u0101.<\/p>\n<p>Indon\u0113zijai tika at\u0146emtas 2023. gada Pasaules Pludmales sp\u0113\u013cu un U-20 Pasaules kausa izc\u012b\u0146as futbol\u0101 r\u012bko\u0161anas ties\u012bbas, \u0146emot v\u0113r\u0101 politiskos nemierus saist\u012bb\u0101 ar Izra\u0113las dal\u012bbu. Tobr\u012bd v\u0113l Izra\u0113las un &#8220;Ham\u0101s&#8221; kar\u0161 nebija s\u0101cies.<\/p>\n<p>Kop\u0161 1962. gada \u0100zijas sp\u0113l\u0113m, kad Izra\u0113la un Taiv\u0101na tika izsl\u0113gtas no sacens\u012bb\u0101m, Indon\u0113zija ir konsekventi atteikusies uz\u0146emt Izra\u0113las deleg\u0101cijas.<\/p>\n","protected":false},"excerpt":{"rendered":"SOK nor\u0101d\u012bja, ka &#8220;visiem sportistiem, komand\u0101m un sporta amatperson\u0101m ir j\u0101b\u016bt iesp\u0113jai piedal\u012bties starptautisk\u0101s sporta sacens\u012bb\u0101s un pas\u0101kumos&hellip;\n","protected":false},"author":2,"featured_media":28917,"comment_status":"","ping_status":"","sticky":false,"template":"","format":"standard","meta":{"footnotes":""},"categories":[17],"tags":[3430,493,35,39,38,36,37,34,40,67],"class_list":{"0":"post-28916","1":"post","2":"type-post","3":"status-publish","4":"format-standard","5":"has-post-thumbnail","7":"category-sports","8":"tag-indonezija","9":"tag-izraela","10":"tag-latvia","11":"tag-latvian","12":"tag-latviesu","13":"tag-latviesu-valoda","14":"tag-latviesuvaloda","15":"tag-latvija","16":"tag-lv","17":"tag-sports"},"share_on_mastodon":{"url":"https:\/\/pubeurope.com\/@lv\/115422407202994904","error":""},"_links":{"self":[{"href":"https:\/\/www.europesays.com\/lv\/wp-json\/wp\/v2\/posts\/28916","targetHints":{"allow":["GET"]}}],"collection":[{"href":"https:\/\/www.europesays.com\/lv\/wp-json\/wp\/v2\/posts"}],"about":[{"href":"https:\/\/www.europesays.com\/lv\/wp-json\/wp\/v2\/types\/post"}],"author":[{"embeddable":true,"href":"https:\/\/www.europesays.com\/lv\/wp-json\/wp\/v2\/users\/2"}],"replies":[{"embeddable":true,"href":"https:\/\/www.europesays.com\/lv\/wp-json\/wp\/v2\/comments?post=28916"}],"version-history":[{"count":0,"href":"https:\/\/www.europesays.com\/lv\/wp-json\/wp\/v2\/posts\/28916\/revisions"}],"wp:featuredmedia":[{"embeddable":true,"href":"https:\/\/www.europesays.com\/lv\/wp-json\/wp\/v2\/media\/28917"}],"wp:attachment":[{"href":"https:\/\/www.europesays.com\/lv\/wp-json\/wp\/v2\/media?parent=28916"}],"wp:term":[{"taxonomy":"category","embeddable":true,"href":"https:\/\/www.europesays.com\/lv\/wp-json\/wp\/v2\/categories?post=28916"},{"taxonomy":"post_tag","embeddable":true,"href":"https:\/\/www.europesays.com\/lv\/wp-json\/wp\/v2\/tags?post=28916"}],"curies":[{"name":"wp","href":"https:\/\/api.w.org\/{rel}","templated":true}]}}