{"id":28936,"date":"2025-10-23T08:12:08","date_gmt":"2025-10-23T08:12:08","guid":{"rendered":"https:\/\/www.europesays.com\/lv\/28936\/"},"modified":"2025-10-23T08:12:08","modified_gmt":"2025-10-23T08:12:08","slug":"bijusi-pasaules-cempione-smagi-satraumejas-kas-varetu-liegt-dalibu-olimpiskajas-speles","status":"publish","type":"post","link":"https:\/\/www.europesays.com\/lv\/28936\/","title":{"rendered":"Bijus\u012b pasaules \u010dempione smagi satraum\u0113jas, kas var\u0113tu liegt dal\u012bbu olimpiskaj\u0101s sp\u0113l\u0113s"},"content":{"rendered":"<p>29 gadus vec\u0101 sportiste treni\u0146a laik\u0101 It\u0101lijas k\u016brort\u0101 Valsenales\u0101 piedz\u012bvoja kritienu un lauza kreis\u0101s k\u0101jas stilba kaulu.<\/p>\n<p>K\u0101 v\u0113sta FISI, tad sportistei jau tre\u0161dien tika veikta oper\u0101cija un vi\u0146a uzs\u0101kusi rehabilit\u0101ciju, kas aiz\u0146ems vismaz \u010detrus l\u012bdz se\u0161us m\u0113ne\u0161us.<\/p>\n<p>2026. gada <a href=\"https:\/\/www.apollo.lv\/term\/556873\/ziemas-olimpiskas-speles\" class=\"topicLink\" target=\"_blank\" rel=\"nofollow noopener\">ziemas olimpisk\u0101s sp\u0113les<\/a> It\u0101lij\u0101 norisin\u0101sies no 6. l\u012bdz 22. febru\u0101rim.<\/p>\n<p>K\u0101 It\u0101lijas zi\u0146u a\u0123ent\u016brai ANSA atkl\u0101ja Bas\u012bno oper\u0113ju\u0161ais \u0101rsts Andrea Panceri, tad atlab\u0161anas laiks b\u016bs l\u012bdz se\u0161iem m\u0113ne\u0161iem, un tikai &#8220;\u013coti optimistisk\u0101s prognoz\u0113s&#8221; vi\u0146a uz sl\u0113p\u0113m var\u0113tu st\u0101ties p\u0113c trim vai \u010detriem m\u0113ne\u0161iem. Visticam\u0101k, ka Olimpi\u0101d\u0113 vi\u0146\u0101 start\u0113t nevar\u0113\u0161ot.<\/p>\n<p>Bas\u012bno \u0161\u012bs ned\u0113\u013cas nogal\u0113 bija pl\u0101nots starts Pasaules kausa (PK) izc\u012b\u0146as pirmaj\u0101 posm\u0101 Zelden\u0113 sav\u0101 iecien\u012bt\u0101kaj\u0101 discipl\u012bn\u0101 milzu slalom\u0101.<\/p>\n<p>It\u0101liete ir 2023. gada pasaules \u010dempione milzu slalom\u0101 un 2021. gada PK kopv\u0113rt\u0113juma uzvar\u0113t\u0101ja \u0161aj\u0101 discipl\u012bn\u0101. T\u0101pat Bas\u012bno ir 2021. gada pasaules \u010dempione paral\u0113laj\u0101 milzu slalom\u0101.<\/p>\n","protected":false},"excerpt":{"rendered":"29 gadus vec\u0101 sportiste treni\u0146a laik\u0101 It\u0101lijas k\u016brort\u0101 Valsenales\u0101 piedz\u012bvoja kritienu un lauza kreis\u0101s k\u0101jas stilba kaulu. K\u0101&hellip;\n","protected":false},"author":2,"featured_media":28937,"comment_status":"","ping_status":"","sticky":false,"template":"","format":"standard","meta":{"footnotes":""},"categories":[17],"tags":[2316,35,39,38,36,37,34,40,8876,67,527],"class_list":{"0":"post-28936","1":"post","2":"type-post","3":"status-publish","4":"format-standard","5":"has-post-thumbnail","7":"category-sports","8":"tag-italija","9":"tag-latvia","10":"tag-latvian","11":"tag-latviesu","12":"tag-latviesu-valoda","13":"tag-latviesuvaloda","14":"tag-latvija","15":"tag-lv","16":"tag-slaloms","17":"tag-sports","18":"tag-ziemas-olimpiskas-speles"},"share_on_mastodon":{"url":"https:\/\/pubeurope.com\/@lv\/115422477884176254","error":""},"_links":{"self":[{"href":"https:\/\/www.europesays.com\/lv\/wp-json\/wp\/v2\/posts\/28936","targetHints":{"allow":["GET"]}}],"collection":[{"href":"https:\/\/www.europesays.com\/lv\/wp-json\/wp\/v2\/posts"}],"about":[{"href":"https:\/\/www.europesays.com\/lv\/wp-json\/wp\/v2\/types\/post"}],"author":[{"embeddable":true,"href":"https:\/\/www.europesays.com\/lv\/wp-json\/wp\/v2\/users\/2"}],"replies":[{"embeddable":true,"href":"https:\/\/www.europesays.com\/lv\/wp-json\/wp\/v2\/comments?post=28936"}],"version-history":[{"count":0,"href":"https:\/\/www.europesays.com\/lv\/wp-json\/wp\/v2\/posts\/28936\/revisions"}],"wp:featuredmedia":[{"embeddable":true,"href":"https:\/\/www.europesays.com\/lv\/wp-json\/wp\/v2\/media\/28937"}],"wp:attachment":[{"href":"https:\/\/www.europesays.com\/lv\/wp-json\/wp\/v2\/media?parent=28936"}],"wp:term":[{"taxonomy":"category","embeddable":true,"href":"https:\/\/www.europesays.com\/lv\/wp-json\/wp\/v2\/categories?post=28936"},{"taxonomy":"post_tag","embeddable":true,"href":"https:\/\/www.europesays.com\/lv\/wp-json\/wp\/v2\/tags?post=28936"}],"curies":[{"name":"wp","href":"https:\/\/api.w.org\/{rel}","templated":true}]}}