{"id":28938,"date":"2025-10-23T08:17:17","date_gmt":"2025-10-23T08:17:17","guid":{"rendered":"https:\/\/www.europesays.com\/lv\/28938\/"},"modified":"2025-10-23T08:17:17","modified_gmt":"2025-10-23T08:17:17","slug":"ksenija-no-erkskiem-neesmu-neviena-uzskaite","status":"publish","type":"post","link":"https:\/\/www.europesays.com\/lv\/28938\/","title":{"rendered":"Ksenija no \u0112rk\u0161\u0137iem: &#8220;Neesmu nevien\u0101 uzskait\u0113&#8221;"},"content":{"rendered":"<p>Ksenijai aiz muguras ir 20 gadu ilga kopdz\u012bve, kas beigusies b\u0113d\u012bgi. Laul\u012bb\u0101 ar J\u0113kabpils autoservisu \u012bpa\u0161nieku Igoru pasaul\u0113 n\u0101ku\u0161i tr\u012bs b\u0113rni, un vec\u0101kais d\u0113ls \u0161obr\u012bd dz\u012bvo kop\u0101 ar t\u0113vu. T\u0101 l\u0113musi tiesa.<\/p>\n<blockquote class=\"quote ck-widget\" contenteditable=\"false\">\n<p>&#8220;V\u012bram divus gadus bija sp\u0113k\u0101 aizliegums par tuvo\u0161anos, lai pasarg\u0101tu mani un b\u0113rnus no vardarb\u012bbas,&#8221; st\u0101sta Ksenija.<\/p>\n<\/blockquote>\n<p>Jaut\u0101ta, k\u0101 izpaudusies biju\u0161\u0101 v\u012bra agresija, vi\u0146a teic: &#8220;Piem\u0113ram, pils\u0113t\u0101 uz ielas var\u0113ja pien\u0101kt kl\u0101t, raut, gr\u016bst\u012bt, mor\u0101li ietekm\u0113t.&#8221;<\/p>\n<p>Gan toreiz, gan tagad nauda ir biju\u0161o m\u012blnieku liel\u0101kais str\u012bdu iemesls &#8211; b\u0113rnus aukl\u0113jot, Ksenijai vajadz\u0113jis naudu l\u016bgties v\u012bram, bet tagad esot j\u0101c\u012bn\u0101s, lai Igors maks\u0101 uzturl\u012bdzek\u013cus.<\/p>\n<blockquote class=\"quote ck-widget\" contenteditable=\"false\">\n<p>Ta\u010du punktu kopdz\u012bvei esot pieliku\u0161i v\u012bra s\u0101nso\u013ci.<\/p>\n<\/blockquote>\n<p>\u0160ova zvaigznes pagaid\u0101m v\u0113l ofici\u0101lais v\u012brs Igors par sievas aps\u016bdz\u012bb\u0101m gan smejas. Ar\u012b vi\u0146\u0161 gribot beidzot iz\u0161\u0137irties, tikai nek\u0101di nevarot.<\/p>\n<blockquote class=\"quote ck-widget\" contenteditable=\"false\">\n<p>&#8220;Vi\u0146a no manis grib lielu naudu ne par ko,&#8221; \u017eurn\u0101lam &#8220;Priv\u0101t\u0101 Dz\u012bve&#8221; saka Igors. Runa esot par 120 000 eiro.<\/p>\n<\/blockquote>\n<p>&#8220;T\u0101du naudu vi\u0146a grib par to, ka dz\u012bvoja ar mani,&#8221; teic Igors. Savu attieksmi pret sievu vi\u0146\u0161 par vardarb\u012bgu nesauc, sakot, ka vi\u0146a visu ir izdom\u0101jusi.<\/p>\n<p>Savuk\u0101rt tiem, kas, v\u0113rojot vi\u0146as tiktokus, sprie\u017e, vai sievietei nepiecie\u0161ama \u0101rsta pal\u012bdz\u012bba, Ksenija atbild: &#8220;Kad pl\u0101noju st\u0101ties Policijas akad\u0113mij\u0101, tur bija j\u0101iziet da\u017e\u0101das p\u0101rbaudes, ar\u012b psihisk\u0101s vesel\u012bbas testi. J\u0101, esmu adekv\u0101ta un pieskait\u0101ma.<\/p>\n<blockquote class=\"quote ck-widget\" contenteditable=\"false\">\n<p>Neesmu nevien\u0101 uzskait\u0113. Tas viss ir tikai mans t\u0113ls!&#8221;<\/p>\n<\/blockquote>\n<p>Vair\u0101k lasi \u017eurn\u0101la <a target=\"_blank\" rel=\"noopener noreferrer nofollow\" href=\"https:\/\/www.santa.lv\">&#8220;Priv\u0101t\u0101 Dz\u012bve&#8221;<\/a> 21. oktobra numur\u0101!<\/p>\n","protected":false},"excerpt":{"rendered":"Ksenijai aiz muguras ir 20 gadu ilga kopdz\u012bve, kas beigusies b\u0113d\u012bgi. Laul\u012bb\u0101 ar J\u0113kabpils autoservisu \u012bpa\u0161nieku Igoru pasaul\u0113&hellip;\n","protected":false},"author":2,"featured_media":28939,"comment_status":"","ping_status":"","sticky":false,"template":"","format":"standard","meta":{"footnotes":""},"categories":[19],"tags":[6712,89,90,35,39,38,36,37,34,1429,40],"class_list":{"0":"post-28938","1":"post","2":"type-post","3":"status-publish","4":"format-standard","5":"has-post-thumbnail","7":"category-izklaide","8":"tag-caur-erkskiem-uz","9":"tag-entertainment","10":"tag-izklaide","11":"tag-latvia","12":"tag-latvian","13":"tag-latviesu","14":"tag-latviesu-valoda","15":"tag-latviesuvaloda","16":"tag-latvija","17":"tag-latvijas-zurnali","18":"tag-lv"},"share_on_mastodon":{"url":"https:\/\/pubeurope.com\/@lv\/115422497703483936","error":""},"_links":{"self":[{"href":"https:\/\/www.europesays.com\/lv\/wp-json\/wp\/v2\/posts\/28938","targetHints":{"allow":["GET"]}}],"collection":[{"href":"https:\/\/www.europesays.com\/lv\/wp-json\/wp\/v2\/posts"}],"about":[{"href":"https:\/\/www.europesays.com\/lv\/wp-json\/wp\/v2\/types\/post"}],"author":[{"embeddable":true,"href":"https:\/\/www.europesays.com\/lv\/wp-json\/wp\/v2\/users\/2"}],"replies":[{"embeddable":true,"href":"https:\/\/www.europesays.com\/lv\/wp-json\/wp\/v2\/comments?post=28938"}],"version-history":[{"count":0,"href":"https:\/\/www.europesays.com\/lv\/wp-json\/wp\/v2\/posts\/28938\/revisions"}],"wp:featuredmedia":[{"embeddable":true,"href":"https:\/\/www.europesays.com\/lv\/wp-json\/wp\/v2\/media\/28939"}],"wp:attachment":[{"href":"https:\/\/www.europesays.com\/lv\/wp-json\/wp\/v2\/media?parent=28938"}],"wp:term":[{"taxonomy":"category","embeddable":true,"href":"https:\/\/www.europesays.com\/lv\/wp-json\/wp\/v2\/categories?post=28938"},{"taxonomy":"post_tag","embeddable":true,"href":"https:\/\/www.europesays.com\/lv\/wp-json\/wp\/v2\/tags?post=28938"}],"curies":[{"name":"wp","href":"https:\/\/api.w.org\/{rel}","templated":true}]}}