{"id":28948,"date":"2025-10-23T08:31:07","date_gmt":"2025-10-23T08:31:07","guid":{"rendered":"https:\/\/www.europesays.com\/lv\/28948\/"},"modified":"2025-10-23T08:31:07","modified_gmt":"2025-10-23T08:31:07","slug":"eiropas-savienibas-lielakajam-valstim-atskirigi-viedokli-par-2035-gada-planoto-ieksdedzes-motoru-aizliegumu","status":"publish","type":"post","link":"https:\/\/www.europesays.com\/lv\/28948\/","title":{"rendered":"Eiropas Savien\u012bbas liel\u0101kaj\u0101m valst\u012bm at\u0161\u0137ir\u012bgi viedok\u013ci par 2035. gad\u0101 pl\u0101noto iek\u0161dedzes motoru aizliegumu"},"content":{"rendered":"<p>Vair\u0101kas Eiropas Savien\u012bbas ietekm\u012bg\u0101k\u0101s valstis, tostarp V\u0101cija un It\u0101lija, aicin\u0101ju\u0161as p\u0101rskat\u012bt pl\u0101noto iek\u0161dedzes motoru aizliegumu jaun\u0101s automa\u0161\u012bn\u0101s no 2035. gada, tom\u0113r ES par \u0161o jaut\u0101jumu nav vienpr\u0101t\u012bbas \u2013 Francija un Sp\u0101nija aicina atst\u0101t sp\u0113k\u0101 \u0161obr\u012bd eso\u0161o l\u0113mumu.\n<\/p>\n<p>Francijas un Sp\u0101nijas vald\u012bbas uzskata, ka Eiropas pl\u0101ni par izme\u0161u samazin\u0101jumu netiks main\u012bti, t\u0101d\u0113j\u0101di saglab\u0101jot skaidrus m\u0113r\u0137us re\u0123iona r\u016bpniec\u012bbai.\n<\/p>\n<p>Abu valstu vald\u012bbas nor\u0101da, ka skaidri, vienoti un nemain\u012bgi krit\u0113riji ir pamats tam, lai Eiropas r\u016bpniec\u012bba pamaz\u0101m transform\u0113tos, vienlaikus saglab\u0101jot skaidru redz\u0113jumu par to, k\u0101 palielin\u0101t elektroauto akumulatoru ra\u017eo\u0161anu un veicin\u0101t re\u0123iona p\u0101reju uz elektrific\u0113t\u0101m automa\u0161\u012bn\u0101m.\n<\/p>\n<p>Francija un Sp\u0101nija ir starp liel\u0101k\u0101j\u0101m autora\u017eot\u0101j\u0101m Eirop\u0101, tom\u0113r vi\u0146u nost\u0101ja ir piln\u012bgi pret\u0113ja V\u0101cijas uzskatiem \u2013 v\u0101cie\u0161i pieprasa liel\u0101ku tehnolo\u0123isko br\u012bv\u012bbu un ierobe\u017eojumu atcel\u0161anu, nor\u0101dot uz riskiem zaud\u0113t konkurences c\u012b\u0146\u0101.\n<\/p>\n<p>Jau \u0161\u012b gada nogal\u0113 Eiropas Komisija s\u0101ks p\u0101rskat\u012bt da\u017e\u0101dus ar ekolo\u0123iskaj\u0101m norm\u0101m saist\u012btus ierobe\u017eojumus, bet iek\u0161dedzes dzin\u0113ju jaut\u0101jums jaun\u0101s ma\u0161\u012bn\u0101s no 2035. gada, visticam\u0101k, tiks izlemts n\u0101kamgad.<\/p>\n","protected":false},"excerpt":{"rendered":"Vair\u0101kas Eiropas Savien\u012bbas ietekm\u012bg\u0101k\u0101s valstis, tostarp V\u0101cija un It\u0101lija, aicin\u0101ju\u0161as p\u0101rskat\u012bt pl\u0101noto iek\u0161dedzes motoru aizliegumu jaun\u0101s automa\u0161\u012bn\u0101s no&hellip;\n","protected":false},"author":2,"featured_media":28949,"comment_status":"","ping_status":"","sticky":false,"template":"","format":"standard","meta":{"footnotes":""},"categories":[16],"tags":[77,76,35,39,38,36,37,34,40],"class_list":{"0":"post-28948","1":"post","2":"type-post","3":"status-publish","4":"format-standard","5":"has-post-thumbnail","7":"category-bizness","8":"tag-bizness","9":"tag-business","10":"tag-latvia","11":"tag-latvian","12":"tag-latviesu","13":"tag-latviesu-valoda","14":"tag-latviesuvaloda","15":"tag-latvija","16":"tag-lv"},"share_on_mastodon":{"url":"https:\/\/pubeurope.com\/@lv\/115422552599598572","error":""},"_links":{"self":[{"href":"https:\/\/www.europesays.com\/lv\/wp-json\/wp\/v2\/posts\/28948","targetHints":{"allow":["GET"]}}],"collection":[{"href":"https:\/\/www.europesays.com\/lv\/wp-json\/wp\/v2\/posts"}],"about":[{"href":"https:\/\/www.europesays.com\/lv\/wp-json\/wp\/v2\/types\/post"}],"author":[{"embeddable":true,"href":"https:\/\/www.europesays.com\/lv\/wp-json\/wp\/v2\/users\/2"}],"replies":[{"embeddable":true,"href":"https:\/\/www.europesays.com\/lv\/wp-json\/wp\/v2\/comments?post=28948"}],"version-history":[{"count":0,"href":"https:\/\/www.europesays.com\/lv\/wp-json\/wp\/v2\/posts\/28948\/revisions"}],"wp:featuredmedia":[{"embeddable":true,"href":"https:\/\/www.europesays.com\/lv\/wp-json\/wp\/v2\/media\/28949"}],"wp:attachment":[{"href":"https:\/\/www.europesays.com\/lv\/wp-json\/wp\/v2\/media?parent=28948"}],"wp:term":[{"taxonomy":"category","embeddable":true,"href":"https:\/\/www.europesays.com\/lv\/wp-json\/wp\/v2\/categories?post=28948"},{"taxonomy":"post_tag","embeddable":true,"href":"https:\/\/www.europesays.com\/lv\/wp-json\/wp\/v2\/tags?post=28948"}],"curies":[{"name":"wp","href":"https:\/\/api.w.org\/{rel}","templated":true}]}}